{"id":38369,"date":"2021-11-25T09:08:08","date_gmt":"2021-11-25T08:08:08","guid":{"rendered":"http:\/\/www.rossettiartecontemporanea.it\/?p=38369"},"modified":"2023-12-19T09:12:25","modified_gmt":"2023-12-19T08:12:25","slug":"evita-andujar-verdad-muda","status":"publish","type":"post","link":"https:\/\/www.rossettiartecontemporanea.it\/en\/evita-andujar-verdad-muda\/","title":{"rendered":"Evita And\u00fajar. Verdad Muda"},"content":{"rendered":"\n<p>Tratto da: <a href=\"https:\/\/www.arte.it\/https:\/\/www.arte.it\/calendario-arte\/genova\/mostra-evita-and%C3%BAjar-verdad-muda-81785\" target=\"_blank\" rel=\"noreferrer noopener\">https:\/\/www.arte.it\/<\/a><\/p>\n\n\n\n<p><strong>Dal 25 Novembre 2021 al 09 Gennaio 2022<\/strong><br><strong>GENOVA<\/strong><br><strong>LUOGO:<\/strong>&nbsp;Galleria Studio Rossetti_arte contemporanea<br><strong>INDIRIZZO:<\/strong>&nbsp;Via Chiabrera 33 r<br><strong>TELEFONO PER INFORMAZIONI:<\/strong>&nbsp;+39 010.2367619<br><strong>E-MAIL INFO:<\/strong>&nbsp;<a href=\"mailto:info@galleriastudiorossetti.it?subject=Richiesta%20informazioni.\">info@galleriastudiorossetti.it<\/a><br><strong>SITO UFFICIALE:<\/strong>&nbsp;<a href=\"https:\/\/www.galleriastudiorossetti.it\/\" target=\"_blank\" rel=\"noreferrer noopener\">https:\/\/www.galleriastudiorossetti.it<\/a><\/p>\n\n\n\n<p>La&nbsp;<strong>Galleria Studio Rossetti&nbsp;<\/strong>accoglie la stagione espositiva invernale con l&#8217;inaugurazione di&nbsp;<strong>\u201cVerdad Muda\u201d,&nbsp;<\/strong>la mostra personale dell&#8217;artista andalusa<strong>&nbsp;Evita And<\/strong><strong>\u00fa<\/strong><strong>jar<\/strong>, a cura di Raffaella Salato. La mostra aprir\u00e0 al pubblico&nbsp;<strong>gioved\u00ec 25 novembre&nbsp;<\/strong>e sar\u00e0 visitabile fino al&nbsp;<strong>9 gennaio 2022<\/strong>.<\/p>\n\n\n\n<p>Protagonista indiscusso della poetica dell&#8217;artista \u00e8 l\u2019universo femminile, reso in&nbsp;<strong>un dialogo tra figurazione e astrazione<\/strong>. In \u201cVerdad Muda\u201d, l\u2019artista presenta una serie di dipinti del ciclo&nbsp;<strong>\u2018Stolen Selfie\u2019,&nbsp;<\/strong>nei quali si ispira al paradosso della nostra societ\u00e0: l\u2019abuso tecnologico che ci sovraespone ad un flusso continuo di immagini ed informazioni spesso prive di reali contenuti.&nbsp;<strong>Le identit\u00e0 che i social network ci rimandano ossessivamente sono solo pallidi simulacri di una realt\u00e0 che in pochi si preoccupano di penetrare e conoscere<\/strong>: ecco dunque che l\u2019And\u00fajar stravolge le individualit\u00e0 di superficie con lo scopo dichiarato di suscitare una riflessione alternativa, di spostare il fuoco dall\u2019apparenza alla sostanza. L\u2019immagine che ne risulta appare doppia e traslata, come in continua ridefinizione.<\/p>\n\n\n\n<p>Attraverso le sue opere, l\u2019artista ci invita a vedere le cose in maniera differente, ci porta oltre, ci propone percorsi ed alternative.&nbsp;<strong>Nelle tele dell\u2019artista c\u2019\u00e8 sempre un elemento di speranza, una tensione tra lo spazio fisico, il tempo e le emozioni, una scintilla che ci induce ad interrogarci sul \u201ccosa\u201d e sul \u201cperch\u00e9\u201d.&nbsp;<\/strong><\/p>\n\n\n\n<p>Il risultato finale, \u00e8 quello di un racconto sospeso. L\u2019accuratezza di alcuni particolari nell\u2019ambientazione, l\u2019utilizzo mai casuale della luce e del colore, le pose o la gestualit\u00e0 delle figure non appaiono mai passivamente statiche. La dinamicit\u00e0 nasce dalla gestualit\u00e0 decisa dell\u2019artista manifestata attraverso una pennellata materica, inafferrabile e rapida, esaltata da un sapiente uso dei colori acrilici.<\/p>\n\n\n\n<p>Per tutto il periodo dell\u2019esposizione, la Galleria Studio Rossetti propone&nbsp;<strong>attivit\u00e0 culturali ed eventi che approfondiranno le tematiche sviluppate dall\u2019artista<\/strong>, in collaborazione con esperti e professionisti del settore.<\/p>\n\n\n\n<p><strong>Inaugurazione:&nbsp;gioved\u00ec 25 novembre 2021 dalle ore 18.00<\/strong><\/p>\n\n\n\n<div style=\"height:15px\" aria-hidden=\"true\" class=\"wp-block-spacer\"><\/div>\n\n\n\n<figure class=\"wp-block-gallery alignwide has-nested-images columns-default is-cropped wp-block-gallery-1 is-layout-flex wp-block-gallery-is-layout-flex\">\n<figure class=\"wp-block-image size-large\"><img fetchpriority=\"high\" decoding=\"async\" width=\"1024\" height=\"683\" data-id=\"36639\" src=\"https:\/\/www.rossettiartecontemporanea.it\/wp-content\/uploads\/2023\/11\/mostra-Verdad-Muda-di-Evita-Andujar-Studio-Rossetti-Arte-Contemporanea-1024x683.jpg\" alt=\"\" class=\"wp-image-36639\" srcset=\"https:\/\/www.rossettiartecontemporanea.it\/wp-content\/uploads\/2023\/11\/mostra-Verdad-Muda-di-Evita-Andujar-Studio-Rossetti-Arte-Contemporanea-1024x683.jpg 1024w, https:\/\/www.rossettiartecontemporanea.it\/wp-content\/uploads\/2023\/11\/mostra-Verdad-Muda-di-Evita-Andujar-Studio-Rossetti-Arte-Contemporanea-300x200.jpg 300w, https:\/\/www.rossettiartecontemporanea.it\/wp-content\/uploads\/2023\/11\/mostra-Verdad-Muda-di-Evita-Andujar-Studio-Rossetti-Arte-Contemporanea-768x512.jpg 768w, https:\/\/www.rossettiartecontemporanea.it\/wp-content\/uploads\/2023\/11\/mostra-Verdad-Muda-di-Evita-Andujar-Studio-Rossetti-Arte-Contemporanea-1536x1024.jpg 1536w, https:\/\/www.rossettiartecontemporanea.it\/wp-content\/uploads\/2023\/11\/mostra-Verdad-Muda-di-Evita-Andujar-Studio-Rossetti-Arte-Contemporanea-370x247.jpg 370w, https:\/\/www.rossettiartecontemporanea.it\/wp-content\/uploads\/2023\/11\/mostra-Verdad-Muda-di-Evita-Andujar-Studio-Rossetti-Arte-Contemporanea-840x560.jpg 840w, https:\/\/www.rossettiartecontemporanea.it\/wp-content\/uploads\/2023\/11\/mostra-Verdad-Muda-di-Evita-Andujar-Studio-Rossetti-Arte-Contemporanea-410x273.jpg 410w, https:\/\/www.rossettiartecontemporanea.it\/wp-content\/uploads\/2023\/11\/mostra-Verdad-Muda-di-Evita-Andujar-Studio-Rossetti-Arte-Contemporanea.jpg 1920w\" sizes=\"(max-width: 1024px) 100vw, 1024px\" \/><figcaption class=\"wp-element-caption\">Evita And\u00fajar, Nel giardino di Eva o Eden.0, 2021, cm. 110&#215;120 I Ph. E. And\u00fajar<\/figcaption><\/figure>\n<\/figure>\n","protected":false},"excerpt":{"rendered":"<p>Tratto da: https:\/\/www.arte.it\/ Dal 25 Novembre 2021 al 09 Gennaio 2022GENOVALUOGO:&nbsp;Galleria Studio Rossetti_arte contemporaneaINDIRIZZO:&nbsp;Via Chiabrera 33 rTELEFONO PER INFORMAZIONI:&nbsp;+39 010.2367619E-MAIL INFO:&nbsp;info@galleriastudiorossetti.itSITO UFFICIALE:&nbsp;https:\/\/www.galleriastudiorossetti.it La&nbsp;Galleria Studio Rossetti&nbsp;accoglie la stagione espositiva invernale con&hellip;<\/p>\n","protected":false},"author":2,"featured_media":36639,"comment_status":"closed","ping_status":"open","sticky":false,"template":"","format":"standard","meta":{"_acf_changed":false,"footnotes":""},"categories":[351],"tags":[308,376],"class_list":["post-38369","post","type-post","status-publish","format-standard","has-post-thumbnail","hentry","category-rassegna-stampa","tag-evita-andujar","tag-mostre"],"acf":[],"yoast_head":"<!-- This site is optimized with the Yoast SEO plugin v25.1 - https:\/\/yoast.com\/wordpress\/plugins\/seo\/ -->\n<title>Evita And\u00fajar. Verdad Muda - ROSSETTI arte contemporanea<\/title>\n<meta name=\"robots\" content=\"index, follow, max-snippet:-1, max-image-preview:large, max-video-preview:-1\" \/>\n<link rel=\"canonical\" href=\"https:\/\/www.rossettiartecontemporanea.it\/en\/evita-andujar-verdad-muda\/\" \/>\n<meta property=\"og:locale\" content=\"en_US\" \/>\n<meta property=\"og:type\" content=\"article\" \/>\n<meta property=\"og:title\" content=\"Evita And\u00fajar. Verdad Muda - ROSSETTI arte contemporanea\" \/>\n<meta property=\"og:description\" content=\"Tratto da: https:\/\/www.arte.it\/ Dal 25 Novembre 2021 al 09 Gennaio 2022GENOVALUOGO:&nbsp;Galleria Studio Rossetti_arte contemporaneaINDIRIZZO:&nbsp;Via Chiabrera 33 rTELEFONO PER INFORMAZIONI:&nbsp;+39 010.2367619E-MAIL INFO:&nbsp;info@galleriastudiorossetti.itSITO UFFICIALE:&nbsp;https:\/\/www.galleriastudiorossetti.it La&nbsp;Galleria Studio Rossetti&nbsp;accoglie la stagione espositiva invernale con&hellip;\" \/>\n<meta property=\"og:url\" content=\"https:\/\/www.rossettiartecontemporanea.it\/en\/evita-andujar-verdad-muda\/\" \/>\n<meta property=\"og:site_name\" content=\"ROSSETTI arte contemporanea\" \/>\n<meta property=\"article:publisher\" content=\"https:\/\/www.facebook.com\/studio.rossetti.artecontemporanea\" \/>\n<meta property=\"article:published_time\" content=\"2021-11-25T08:08:08+00:00\" \/>\n<meta property=\"article:modified_time\" content=\"2023-12-19T08:12:25+00:00\" \/>\n<meta property=\"og:image\" content=\"https:\/\/www.rossettiartecontemporanea.it\/wp-content\/uploads\/2023\/11\/mostra-Verdad-Muda-di-Evita-Andujar-Studio-Rossetti-Arte-Contemporanea.jpg\" \/>\n\t<meta property=\"og:image:width\" content=\"1920\" \/>\n\t<meta property=\"og:image:height\" content=\"1280\" \/>\n\t<meta property=\"og:image:type\" content=\"image\/jpeg\" \/>\n<meta name=\"author\" content=\"dpsonlineweb\" \/>\n<meta name=\"twitter:card\" content=\"summary_large_image\" \/>\n<meta name=\"twitter:label1\" content=\"Written by\" \/>\n\t<meta name=\"twitter:data1\" content=\"dpsonlineweb\" \/>\n\t<meta name=\"twitter:label2\" content=\"Est. reading time\" \/>\n\t<meta name=\"twitter:data2\" content=\"3 minutes\" \/>\n<script type=\"application\/ld+json\" class=\"yoast-schema-graph\">{\"@context\":\"https:\/\/schema.org\",\"@graph\":[{\"@type\":\"Article\",\"@id\":\"https:\/\/www.rossettiartecontemporanea.it\/en\/evita-andujar-verdad-muda\/#article\",\"isPartOf\":{\"@id\":\"https:\/\/www.rossettiartecontemporanea.it\/en\/evita-andujar-verdad-muda\/\"},\"author\":{\"name\":\"dpsonlineweb\",\"@id\":\"https:\/\/www.rossettiartecontemporanea.it\/en\/#\/schema\/person\/9074b110f3bc10dbcc7dc86655489909\"},\"headline\":\"Evita And\u00fajar. Verdad Muda\",\"datePublished\":\"2021-11-25T08:08:08+00:00\",\"dateModified\":\"2023-12-19T08:12:25+00:00\",\"mainEntityOfPage\":{\"@id\":\"https:\/\/www.rossettiartecontemporanea.it\/en\/evita-andujar-verdad-muda\/\"},\"wordCount\":395,\"publisher\":{\"@id\":\"https:\/\/www.rossettiartecontemporanea.it\/en\/#organization\"},\"image\":{\"@id\":\"https:\/\/www.rossettiartecontemporanea.it\/en\/evita-andujar-verdad-muda\/#primaryimage\"},\"thumbnailUrl\":\"https:\/\/www.rossettiartecontemporanea.it\/wp-content\/uploads\/2023\/11\/mostra-Verdad-Muda-di-Evita-Andujar-Studio-Rossetti-Arte-Contemporanea.jpg\",\"keywords\":[\"Evita And\u00fajar\",\"Mostre\"],\"articleSection\":[\"Rassegna stampa\"],\"inLanguage\":\"en-US\"},{\"@type\":\"WebPage\",\"@id\":\"https:\/\/www.rossettiartecontemporanea.it\/en\/evita-andujar-verdad-muda\/\",\"url\":\"https:\/\/www.rossettiartecontemporanea.it\/en\/evita-andujar-verdad-muda\/\",\"name\":\"Evita And\u00fajar. Verdad Muda - ROSSETTI arte contemporanea\",\"isPartOf\":{\"@id\":\"https:\/\/www.rossettiartecontemporanea.it\/en\/#website\"},\"primaryImageOfPage\":{\"@id\":\"https:\/\/www.rossettiartecontemporanea.it\/en\/evita-andujar-verdad-muda\/#primaryimage\"},\"image\":{\"@id\":\"https:\/\/www.rossettiartecontemporanea.it\/en\/evita-andujar-verdad-muda\/#primaryimage\"},\"thumbnailUrl\":\"https:\/\/www.rossettiartecontemporanea.it\/wp-content\/uploads\/2023\/11\/mostra-Verdad-Muda-di-Evita-Andujar-Studio-Rossetti-Arte-Contemporanea.jpg\",\"datePublished\":\"2021-11-25T08:08:08+00:00\",\"dateModified\":\"2023-12-19T08:12:25+00:00\",\"breadcrumb\":{\"@id\":\"https:\/\/www.rossettiartecontemporanea.it\/en\/evita-andujar-verdad-muda\/#breadcrumb\"},\"inLanguage\":\"en-US\",\"potentialAction\":[{\"@type\":\"ReadAction\",\"target\":[\"https:\/\/www.rossettiartecontemporanea.it\/en\/evita-andujar-verdad-muda\/\"]}]},{\"@type\":\"ImageObject\",\"inLanguage\":\"en-US\",\"@id\":\"https:\/\/www.rossettiartecontemporanea.it\/en\/evita-andujar-verdad-muda\/#primaryimage\",\"url\":\"https:\/\/www.rossettiartecontemporanea.it\/wp-content\/uploads\/2023\/11\/mostra-Verdad-Muda-di-Evita-Andujar-Studio-Rossetti-Arte-Contemporanea.jpg\",\"contentUrl\":\"https:\/\/www.rossettiartecontemporanea.it\/wp-content\/uploads\/2023\/11\/mostra-Verdad-Muda-di-Evita-Andujar-Studio-Rossetti-Arte-Contemporanea.jpg\",\"width\":1920,\"height\":1280,\"caption\":\"\u201cVerdad Muda\u201d di Evita And\u00fajar - Rossetti Arte Contemporanea\"},{\"@type\":\"BreadcrumbList\",\"@id\":\"https:\/\/www.rossettiartecontemporanea.it\/en\/evita-andujar-verdad-muda\/#breadcrumb\",\"itemListElement\":[{\"@type\":\"ListItem\",\"position\":1,\"name\":\"Home\",\"item\":\"https:\/\/www.rossettiartecontemporanea.it\/en\/\"},{\"@type\":\"ListItem\",\"position\":2,\"name\":\"Evita And\u00fajar. Verdad Muda\"}]},{\"@type\":\"WebSite\",\"@id\":\"https:\/\/www.rossettiartecontemporanea.it\/en\/#website\",\"url\":\"https:\/\/www.rossettiartecontemporanea.it\/en\/\",\"name\":\"Rossetti Arte Contemporanea\",\"description\":\"\",\"publisher\":{\"@id\":\"https:\/\/www.rossettiartecontemporanea.it\/en\/#organization\"},\"potentialAction\":[{\"@type\":\"SearchAction\",\"target\":{\"@type\":\"EntryPoint\",\"urlTemplate\":\"https:\/\/www.rossettiartecontemporanea.it\/en\/?s={search_term_string}\"},\"query-input\":{\"@type\":\"PropertyValueSpecification\",\"valueRequired\":true,\"valueName\":\"search_term_string\"}}],\"inLanguage\":\"en-US\"},{\"@type\":\"Organization\",\"@id\":\"https:\/\/www.rossettiartecontemporanea.it\/en\/#organization\",\"name\":\"Rossetti Arte Contemporanea\",\"url\":\"https:\/\/www.rossettiartecontemporanea.it\/en\/\",\"logo\":{\"@type\":\"ImageObject\",\"inLanguage\":\"en-US\",\"@id\":\"https:\/\/www.rossettiartecontemporanea.it\/en\/#\/schema\/logo\/image\/\",\"url\":\"https:\/\/www.rossettiartecontemporanea.it\/wp-content\/uploads\/2024\/02\/logo-Rossetti-Arte-Contemporanea-black-2x-1.png\",\"contentUrl\":\"https:\/\/www.rossettiartecontemporanea.it\/wp-content\/uploads\/2024\/02\/logo-Rossetti-Arte-Contemporanea-black-2x-1.png\",\"width\":611,\"height\":368,\"caption\":\"Rossetti Arte Contemporanea\"},\"image\":{\"@id\":\"https:\/\/www.rossettiartecontemporanea.it\/en\/#\/schema\/logo\/image\/\"},\"sameAs\":[\"https:\/\/www.facebook.com\/studio.rossetti.artecontemporanea\",\"https:\/\/www.instagram.com\/studio_rossetti\/\",\"https:\/\/www.youtube.com\/channel\/UC94tFj8zg6UV94quz_ysdgw\"]},{\"@type\":\"Person\",\"@id\":\"https:\/\/www.rossettiartecontemporanea.it\/en\/#\/schema\/person\/9074b110f3bc10dbcc7dc86655489909\",\"name\":\"dpsonlineweb\"}]}<\/script>\n<!-- \/ Yoast SEO plugin. -->","yoast_head_json":{"title":"Evita And\u00fajar. Verdad Muda - ROSSETTI arte contemporanea","robots":{"index":"index","follow":"follow","max-snippet":"max-snippet:-1","max-image-preview":"max-image-preview:large","max-video-preview":"max-video-preview:-1"},"canonical":"https:\/\/www.rossettiartecontemporanea.it\/en\/evita-andujar-verdad-muda\/","og_locale":"en_US","og_type":"article","og_title":"Evita And\u00fajar. Verdad Muda - ROSSETTI arte contemporanea","og_description":"Tratto da: https:\/\/www.arte.it\/ Dal 25 Novembre 2021 al 09 Gennaio 2022GENOVALUOGO:&nbsp;Galleria Studio Rossetti_arte contemporaneaINDIRIZZO:&nbsp;Via Chiabrera 33 rTELEFONO PER INFORMAZIONI:&nbsp;+39 010.2367619E-MAIL INFO:&nbsp;info@galleriastudiorossetti.itSITO UFFICIALE:&nbsp;https:\/\/www.galleriastudiorossetti.it La&nbsp;Galleria Studio Rossetti&nbsp;accoglie la stagione espositiva invernale con&hellip;","og_url":"https:\/\/www.rossettiartecontemporanea.it\/en\/evita-andujar-verdad-muda\/","og_site_name":"ROSSETTI arte contemporanea","article_publisher":"https:\/\/www.facebook.com\/studio.rossetti.artecontemporanea","article_published_time":"2021-11-25T08:08:08+00:00","article_modified_time":"2023-12-19T08:12:25+00:00","og_image":[{"width":1920,"height":1280,"url":"https:\/\/www.rossettiartecontemporanea.it\/wp-content\/uploads\/2023\/11\/mostra-Verdad-Muda-di-Evita-Andujar-Studio-Rossetti-Arte-Contemporanea.jpg","type":"image\/jpeg"}],"author":"dpsonlineweb","twitter_card":"summary_large_image","twitter_misc":{"Written by":"dpsonlineweb","Est. reading time":"3 minutes"},"schema":{"@context":"https:\/\/schema.org","@graph":[{"@type":"Article","@id":"https:\/\/www.rossettiartecontemporanea.it\/en\/evita-andujar-verdad-muda\/#article","isPartOf":{"@id":"https:\/\/www.rossettiartecontemporanea.it\/en\/evita-andujar-verdad-muda\/"},"author":{"name":"dpsonlineweb","@id":"https:\/\/www.rossettiartecontemporanea.it\/en\/#\/schema\/person\/9074b110f3bc10dbcc7dc86655489909"},"headline":"Evita And\u00fajar. Verdad Muda","datePublished":"2021-11-25T08:08:08+00:00","dateModified":"2023-12-19T08:12:25+00:00","mainEntityOfPage":{"@id":"https:\/\/www.rossettiartecontemporanea.it\/en\/evita-andujar-verdad-muda\/"},"wordCount":395,"publisher":{"@id":"https:\/\/www.rossettiartecontemporanea.it\/en\/#organization"},"image":{"@id":"https:\/\/www.rossettiartecontemporanea.it\/en\/evita-andujar-verdad-muda\/#primaryimage"},"thumbnailUrl":"https:\/\/www.rossettiartecontemporanea.it\/wp-content\/uploads\/2023\/11\/mostra-Verdad-Muda-di-Evita-Andujar-Studio-Rossetti-Arte-Contemporanea.jpg","keywords":["Evita And\u00fajar","Mostre"],"articleSection":["Rassegna stampa"],"inLanguage":"en-US"},{"@type":"WebPage","@id":"https:\/\/www.rossettiartecontemporanea.it\/en\/evita-andujar-verdad-muda\/","url":"https:\/\/www.rossettiartecontemporanea.it\/en\/evita-andujar-verdad-muda\/","name":"Evita And\u00fajar. Verdad Muda - ROSSETTI arte contemporanea","isPartOf":{"@id":"https:\/\/www.rossettiartecontemporanea.it\/en\/#website"},"primaryImageOfPage":{"@id":"https:\/\/www.rossettiartecontemporanea.it\/en\/evita-andujar-verdad-muda\/#primaryimage"},"image":{"@id":"https:\/\/www.rossettiartecontemporanea.it\/en\/evita-andujar-verdad-muda\/#primaryimage"},"thumbnailUrl":"https:\/\/www.rossettiartecontemporanea.it\/wp-content\/uploads\/2023\/11\/mostra-Verdad-Muda-di-Evita-Andujar-Studio-Rossetti-Arte-Contemporanea.jpg","datePublished":"2021-11-25T08:08:08+00:00","dateModified":"2023-12-19T08:12:25+00:00","breadcrumb":{"@id":"https:\/\/www.rossettiartecontemporanea.it\/en\/evita-andujar-verdad-muda\/#breadcrumb"},"inLanguage":"en-US","potentialAction":[{"@type":"ReadAction","target":["https:\/\/www.rossettiartecontemporanea.it\/en\/evita-andujar-verdad-muda\/"]}]},{"@type":"ImageObject","inLanguage":"en-US","@id":"https:\/\/www.rossettiartecontemporanea.it\/en\/evita-andujar-verdad-muda\/#primaryimage","url":"https:\/\/www.rossettiartecontemporanea.it\/wp-content\/uploads\/2023\/11\/mostra-Verdad-Muda-di-Evita-Andujar-Studio-Rossetti-Arte-Contemporanea.jpg","contentUrl":"https:\/\/www.rossettiartecontemporanea.it\/wp-content\/uploads\/2023\/11\/mostra-Verdad-Muda-di-Evita-Andujar-Studio-Rossetti-Arte-Contemporanea.jpg","width":1920,"height":1280,"caption":"\u201cVerdad Muda\u201d di Evita And\u00fajar - Rossetti Arte Contemporanea"},{"@type":"BreadcrumbList","@id":"https:\/\/www.rossettiartecontemporanea.it\/en\/evita-andujar-verdad-muda\/#breadcrumb","itemListElement":[{"@type":"ListItem","position":1,"name":"Home","item":"https:\/\/www.rossettiartecontemporanea.it\/en\/"},{"@type":"ListItem","position":2,"name":"Evita And\u00fajar. Verdad Muda"}]},{"@type":"WebSite","@id":"https:\/\/www.rossettiartecontemporanea.it\/en\/#website","url":"https:\/\/www.rossettiartecontemporanea.it\/en\/","name":"Rossetti Arte Contemporanea","description":"","publisher":{"@id":"https:\/\/www.rossettiartecontemporanea.it\/en\/#organization"},"potentialAction":[{"@type":"SearchAction","target":{"@type":"EntryPoint","urlTemplate":"https:\/\/www.rossettiartecontemporanea.it\/en\/?s={search_term_string}"},"query-input":{"@type":"PropertyValueSpecification","valueRequired":true,"valueName":"search_term_string"}}],"inLanguage":"en-US"},{"@type":"Organization","@id":"https:\/\/www.rossettiartecontemporanea.it\/en\/#organization","name":"Rossetti Arte Contemporanea","url":"https:\/\/www.rossettiartecontemporanea.it\/en\/","logo":{"@type":"ImageObject","inLanguage":"en-US","@id":"https:\/\/www.rossettiartecontemporanea.it\/en\/#\/schema\/logo\/image\/","url":"https:\/\/www.rossettiartecontemporanea.it\/wp-content\/uploads\/2024\/02\/logo-Rossetti-Arte-Contemporanea-black-2x-1.png","contentUrl":"https:\/\/www.rossettiartecontemporanea.it\/wp-content\/uploads\/2024\/02\/logo-Rossetti-Arte-Contemporanea-black-2x-1.png","width":611,"height":368,"caption":"Rossetti Arte Contemporanea"},"image":{"@id":"https:\/\/www.rossettiartecontemporanea.it\/en\/#\/schema\/logo\/image\/"},"sameAs":["https:\/\/www.facebook.com\/studio.rossetti.artecontemporanea","https:\/\/www.instagram.com\/studio_rossetti\/","https:\/\/www.youtube.com\/channel\/UC94tFj8zg6UV94quz_ysdgw"]},{"@type":"Person","@id":"https:\/\/www.rossettiartecontemporanea.it\/en\/#\/schema\/person\/9074b110f3bc10dbcc7dc86655489909","name":"dpsonlineweb"}]}},"_links":{"self":[{"href":"https:\/\/www.rossettiartecontemporanea.it\/en\/wp-json\/wp\/v2\/posts\/38369","targetHints":{"allow":["GET"]}}],"collection":[{"href":"https:\/\/www.rossettiartecontemporanea.it\/en\/wp-json\/wp\/v2\/posts"}],"about":[{"href":"https:\/\/www.rossettiartecontemporanea.it\/en\/wp-json\/wp\/v2\/types\/post"}],"author":[{"embeddable":true,"href":"https:\/\/www.rossettiartecontemporanea.it\/en\/wp-json\/wp\/v2\/users\/2"}],"replies":[{"embeddable":true,"href":"https:\/\/www.rossettiartecontemporanea.it\/en\/wp-json\/wp\/v2\/comments?post=38369"}],"version-history":[{"count":4,"href":"https:\/\/www.rossettiartecontemporanea.it\/en\/wp-json\/wp\/v2\/posts\/38369\/revisions"}],"predecessor-version":[{"id":38751,"href":"https:\/\/www.rossettiartecontemporanea.it\/en\/wp-json\/wp\/v2\/posts\/38369\/revisions\/38751"}],"wp:featuredmedia":[{"embeddable":true,"href":"https:\/\/www.rossettiartecontemporanea.it\/en\/wp-json\/wp\/v2\/media\/36639"}],"wp:attachment":[{"href":"https:\/\/www.rossettiartecontemporanea.it\/en\/wp-json\/wp\/v2\/media?parent=38369"}],"wp:term":[{"taxonomy":"category","embeddable":true,"href":"https:\/\/www.rossettiartecontemporanea.it\/en\/wp-json\/wp\/v2\/categories?post=38369"},{"taxonomy":"post_tag","embeddable":true,"href":"https:\/\/www.rossettiartecontemporanea.it\/en\/wp-json\/wp\/v2\/tags?post=38369"}],"curies":[{"name":"wp","href":"https:\/\/api.w.org\/{rel}","templated":true}]}}