{"id":38402,"date":"2021-04-27T10:08:26","date_gmt":"2021-04-27T08:08:26","guid":{"rendered":"http:\/\/www.rossettiartecontemporanea.it\/?p=38402"},"modified":"2024-06-11T16:50:24","modified_gmt":"2024-06-11T14:50:24","slug":"florence-di-benedetto","status":"publish","type":"post","link":"https:\/\/www.rossettiartecontemporanea.it\/en\/florence-di-benedetto\/","title":{"rendered":"Florence Di Benedetto e il Premio Combat"},"content":{"rendered":"\n<p>Tratto da: <a href=\"https:\/\/www.premiocombat.it\/2021\/florence-di-benedetto-76840\" target=\"_blank\" rel=\"noreferrer noopener\">https:\/\/www.premiocombat.it\/<\/a><\/p>\n\n\n\n<figure class=\"wp-block-gallery alignwide has-nested-images columns-default is-cropped wp-block-gallery-1 is-layout-flex wp-block-gallery-is-layout-flex\">\n<figure class=\"wp-block-image size-large\"><img fetchpriority=\"high\" decoding=\"async\" width=\"1024\" height=\"658\" data-id=\"38423\" src=\"https:\/\/www.rossettiartecontemporanea.it\/wp-content\/uploads\/2021\/04\/rassegna-stampa-Florence-Di-Benedetto-1024x658.jpg\" alt=\"\" class=\"wp-image-38423\" srcset=\"https:\/\/www.rossettiartecontemporanea.it\/wp-content\/uploads\/2021\/04\/rassegna-stampa-Florence-Di-Benedetto-1024x658.jpg 1024w, https:\/\/www.rossettiartecontemporanea.it\/wp-content\/uploads\/2021\/04\/rassegna-stampa-Florence-Di-Benedetto-300x193.jpg 300w, https:\/\/www.rossettiartecontemporanea.it\/wp-content\/uploads\/2021\/04\/rassegna-stampa-Florence-Di-Benedetto-768x493.jpg 768w, https:\/\/www.rossettiartecontemporanea.it\/wp-content\/uploads\/2021\/04\/rassegna-stampa-Florence-Di-Benedetto-370x238.jpg 370w, https:\/\/www.rossettiartecontemporanea.it\/wp-content\/uploads\/2021\/04\/rassegna-stampa-Florence-Di-Benedetto-840x540.jpg 840w, https:\/\/www.rossettiartecontemporanea.it\/wp-content\/uploads\/2021\/04\/rassegna-stampa-Florence-Di-Benedetto-410x263.jpg 410w, https:\/\/www.rossettiartecontemporanea.it\/wp-content\/uploads\/2021\/04\/rassegna-stampa-Florence-Di-Benedetto.jpg 1200w\" sizes=\"(max-width: 1024px) 100vw, 1024px\" \/><figcaption class=\"wp-element-caption\"><strong>Happiness 2020<\/strong> tecnica mista, polistirolo, vernici e ferro150x160x60 cm<\/figcaption><\/figure>\n<\/figure>\n\n\n\n<p>L\u2019opera parla chiaro: si tratta di un\u2019enorme capsula rigida di 160 cm di lunghezza per 60 cm di diametro di Prozac, il farmaco che nel corso degli anni si \u00e8 conquistato la fama di antidepressivo per antonomasia. Introdotto sul mercato degli Stati Uniti nel 1988 e l\u2019anno dopo in Europa, ottiene un successo immediato, diventando presto durante gli anni \u201990, anche grazie a un efficace marketing culturale, un prodotto di moda. Il Prozac entra cos\u00ec a fare parte del lessico e delle abitudini quotidiane, tanto da rappresentare addirittura uno stile di vita. Happiness 2020 \u00e8 un\u2019icona: \u00e8 immediatamente riconoscibile, perch\u00e9 uguale in tutto il mondo, rifugio di pi\u00f9 generazioni, esteticamente perfetta, estremamente gradevole alla vista, liscia e lucida. L\u2019opera intende per\u00f2 allontanarsi dai riferimenti prettamente neo-pop, per immergersi nel contemporaneo e confrontarsi con la storia pi\u00f9 attuale. Cos\u00ec come le linee pulite e le forme semplici potrebbero alludere a una vicinanza con il mondo del design, a rendere l\u2019opera a tutti gli effetti una scultura \u00e8 il suo speciale basamento: un tipico carrello medico, di metallo grigio, uno di quelli che si usano per trasportare le medicine negli ospedali. Ma Happiness 2020 \u00e8 anche un ossimoro, una contraddizione in termini, poich\u00e9 si sa, il 2020 rimarr\u00e0 nei libri di storia come l\u2019annus horribilis della pandemia da Corona Virus. La paura della malattia, l\u2019ansia del contagio, le limitazioni, le incertezze e uno stato di precariet\u00e0 permanente hanno contribuito a fare arrivare ai primi posti nella classifica dei farmaci pi\u00f9 venduti proprio gli antidepressivi, accrescendo considerevolmente il loro consumo. Florence Di Benedetto scava dunque nei suoi ricordi, li rielabora e li rende condizione comune, capace di parlare a tutti, in maniera indistinta. Fedele al suo linguaggio apparentemente giocoso, l\u2019artista ci porta a fare i conti con il nostro vissuto e le nostre emozioni, fino a farci addentrare nei pensieri pi\u00f9 intimi della nostra mente. L\u2019opera si fa specchio di noi stessi e ci mette di fronte a un\u2019altra felicit\u00e0, a un\u2019altra sua formula, ugualmente possibile e non per questo meno vitale. Una felicit\u00e0 chimica.<br>https:\/\/drive.google.com\/file\/d\/1BUjLekyNl4TI4elRefYBqGHJuaHphftT\/view?usp=sharing<br>*<br>Florence Di Benedetto nasce a Bari nel 1975. Vive e lavora a Milano.<br>Mostre Personali<br>2019 Milano, There is beauty in everything, Galleria Glauco Cavaciuti<br>2017 Milano, Dettagli, Galleria Glauco Cavaciuti<br>2015 Milano, Strade, Galleria Francesco Zanuso<br>2014 New York, Fu Xin Gallery<br>2012 Roma, Bravo Charlie, Galleria Il Sole Arte Contemporanea<br>2011 Milano, Galleria Glauco Cavaciuti<br>2010 Milano, Off Duty, Galleria Glauco Cavaciuti<br>2009 Roma, Be inspired, Galleria Il Sole Arte Contemporanea<br>2008 Shanghai, Florence-Shanghai, Fu Xin Gallery<br>Roma, Streetwise Manhattan, Galleria Il Sole Arte Contemporanea<br>2004 Londra, B819871, Artbar<br>Roma, Another time another place, Arte zen<br>2003 Milano, National Blv, Arte zen<br>Milano, Itinerari istantanei, Galleria Openmind<\/p>\n\n\n\n<p>Mostre Collettive principali<br>2020 Roma, Reflecting Reality, Galleria Valentina Bonomo<br>2011 Venezia, Arte Laguna Prize, rosa dei candidati<br>2010 Roma, Linea minima, Galleria Il Sole Arte Contemporanea<br>Milano, Collettiva d\u2019arte contemporanea, Galleria Spazio Solferino<br>2009 Milano, Collezione Piccola Italia, Galleria Little Italy<br>Roma, Il Muro di Berlino, Galleria 196<br>Milano, God Bless America, Galleria Little Italy<br>2008 Roma, Rosso, Galleria 196<br>Roma, Big\/Small, Galleria Il Sole Arte Contemporanea<br>2007 Roma, Segno figura, Galleria Il Sole Arte Contemporanea<br>Biella, Carosello italiano, Palazzo Boglietti<br>2006 Roma, Family Portraits, Galleria 196<br>2003 Milano, Appunti di vista, Galleria La Posteria<br>2002 Paris, Reflets de Femme, Galerie Caractere<br>Arezzo, Il mio paesaggio, Palazzo Granducale di Foiano<br>Modena, Il Senso dello spazio, Palazzo Ducale di Pavullo<br>2001 Milano, Piccolo Blu, Piccolo Teatro<br>Brescia, Ritrovarsi allo specchio, Museo Ken Damy di Fotografia Contemporanea<\/p>\n\n\n\n<div style=\"height:15px\" aria-hidden=\"true\" class=\"wp-block-spacer\"><\/div>\n","protected":false},"excerpt":{"rendered":"<p>Tratto da: https:\/\/www.premiocombat.it\/ L\u2019opera parla chiaro: si tratta di un\u2019enorme capsula rigida di 160 cm di lunghezza per 60 cm di diametro di Prozac, il farmaco che nel corso degli&hellip;<\/p>\n","protected":false},"author":2,"featured_media":38423,"comment_status":"closed","ping_status":"open","sticky":false,"template":"","format":"standard","meta":{"_acf_changed":false,"footnotes":""},"categories":[351],"tags":[310,378],"class_list":["post-38402","post","type-post","status-publish","format-standard","has-post-thumbnail","hentry","category-rassegna-stampa","tag-florence-di-benedetto","tag-premi"],"acf":[],"yoast_head":"<!-- This site is optimized with the Yoast SEO plugin v25.1 - https:\/\/yoast.com\/wordpress\/plugins\/seo\/ -->\n<title>Florence Di Benedetto e il Premio Combat - ROSSETTI arte contemporanea<\/title>\n<meta name=\"robots\" content=\"index, follow, max-snippet:-1, max-image-preview:large, max-video-preview:-1\" \/>\n<link rel=\"canonical\" href=\"https:\/\/www.rossettiartecontemporanea.it\/en\/florence-di-benedetto\/\" \/>\n<meta property=\"og:locale\" content=\"en_US\" \/>\n<meta property=\"og:type\" content=\"article\" \/>\n<meta property=\"og:title\" content=\"Florence Di Benedetto e il Premio Combat - ROSSETTI arte contemporanea\" \/>\n<meta property=\"og:description\" content=\"Tratto da: https:\/\/www.premiocombat.it\/ L\u2019opera parla chiaro: si tratta di un\u2019enorme capsula rigida di 160 cm di lunghezza per 60 cm di diametro di Prozac, il farmaco che nel corso degli&hellip;\" \/>\n<meta property=\"og:url\" content=\"https:\/\/www.rossettiartecontemporanea.it\/en\/florence-di-benedetto\/\" \/>\n<meta property=\"og:site_name\" content=\"ROSSETTI arte contemporanea\" \/>\n<meta property=\"article:publisher\" content=\"https:\/\/www.facebook.com\/studio.rossetti.artecontemporanea\" \/>\n<meta property=\"article:published_time\" content=\"2021-04-27T08:08:26+00:00\" \/>\n<meta property=\"article:modified_time\" content=\"2024-06-11T14:50:24+00:00\" \/>\n<meta property=\"og:image\" content=\"https:\/\/www.rossettiartecontemporanea.it\/wp-content\/uploads\/2021\/04\/rassegna-stampa-Florence-Di-Benedetto.jpg\" \/>\n\t<meta property=\"og:image:width\" content=\"1200\" \/>\n\t<meta property=\"og:image:height\" content=\"771\" \/>\n\t<meta property=\"og:image:type\" content=\"image\/jpeg\" \/>\n<meta name=\"author\" content=\"dpsonlineweb\" \/>\n<meta name=\"twitter:card\" content=\"summary_large_image\" \/>\n<meta name=\"twitter:label1\" content=\"Written by\" \/>\n\t<meta name=\"twitter:data1\" content=\"dpsonlineweb\" \/>\n\t<meta name=\"twitter:label2\" content=\"Est. reading time\" \/>\n\t<meta name=\"twitter:data2\" content=\"4 minutes\" \/>\n<script type=\"application\/ld+json\" class=\"yoast-schema-graph\">{\"@context\":\"https:\/\/schema.org\",\"@graph\":[{\"@type\":\"Article\",\"@id\":\"https:\/\/www.rossettiartecontemporanea.it\/en\/florence-di-benedetto\/#article\",\"isPartOf\":{\"@id\":\"https:\/\/www.rossettiartecontemporanea.it\/en\/florence-di-benedetto\/\"},\"author\":{\"name\":\"dpsonlineweb\",\"@id\":\"https:\/\/www.rossettiartecontemporanea.it\/en\/#\/schema\/person\/9074b110f3bc10dbcc7dc86655489909\"},\"headline\":\"Florence Di Benedetto e il Premio Combat\",\"datePublished\":\"2021-04-27T08:08:26+00:00\",\"dateModified\":\"2024-06-11T14:50:24+00:00\",\"mainEntityOfPage\":{\"@id\":\"https:\/\/www.rossettiartecontemporanea.it\/en\/florence-di-benedetto\/\"},\"wordCount\":590,\"publisher\":{\"@id\":\"https:\/\/www.rossettiartecontemporanea.it\/en\/#organization\"},\"image\":{\"@id\":\"https:\/\/www.rossettiartecontemporanea.it\/en\/florence-di-benedetto\/#primaryimage\"},\"thumbnailUrl\":\"https:\/\/www.rossettiartecontemporanea.it\/wp-content\/uploads\/2021\/04\/rassegna-stampa-Florence-Di-Benedetto.jpg\",\"keywords\":[\"Florence Di Benedetto\",\"Premi\"],\"articleSection\":[\"Rassegna stampa\"],\"inLanguage\":\"en-US\"},{\"@type\":\"WebPage\",\"@id\":\"https:\/\/www.rossettiartecontemporanea.it\/en\/florence-di-benedetto\/\",\"url\":\"https:\/\/www.rossettiartecontemporanea.it\/en\/florence-di-benedetto\/\",\"name\":\"Florence Di Benedetto e il Premio Combat - ROSSETTI arte contemporanea\",\"isPartOf\":{\"@id\":\"https:\/\/www.rossettiartecontemporanea.it\/en\/#website\"},\"primaryImageOfPage\":{\"@id\":\"https:\/\/www.rossettiartecontemporanea.it\/en\/florence-di-benedetto\/#primaryimage\"},\"image\":{\"@id\":\"https:\/\/www.rossettiartecontemporanea.it\/en\/florence-di-benedetto\/#primaryimage\"},\"thumbnailUrl\":\"https:\/\/www.rossettiartecontemporanea.it\/wp-content\/uploads\/2021\/04\/rassegna-stampa-Florence-Di-Benedetto.jpg\",\"datePublished\":\"2021-04-27T08:08:26+00:00\",\"dateModified\":\"2024-06-11T14:50:24+00:00\",\"breadcrumb\":{\"@id\":\"https:\/\/www.rossettiartecontemporanea.it\/en\/florence-di-benedetto\/#breadcrumb\"},\"inLanguage\":\"en-US\",\"potentialAction\":[{\"@type\":\"ReadAction\",\"target\":[\"https:\/\/www.rossettiartecontemporanea.it\/en\/florence-di-benedetto\/\"]}]},{\"@type\":\"ImageObject\",\"inLanguage\":\"en-US\",\"@id\":\"https:\/\/www.rossettiartecontemporanea.it\/en\/florence-di-benedetto\/#primaryimage\",\"url\":\"https:\/\/www.rossettiartecontemporanea.it\/wp-content\/uploads\/2021\/04\/rassegna-stampa-Florence-Di-Benedetto.jpg\",\"contentUrl\":\"https:\/\/www.rossettiartecontemporanea.it\/wp-content\/uploads\/2021\/04\/rassegna-stampa-Florence-Di-Benedetto.jpg\",\"width\":1200,\"height\":771},{\"@type\":\"BreadcrumbList\",\"@id\":\"https:\/\/www.rossettiartecontemporanea.it\/en\/florence-di-benedetto\/#breadcrumb\",\"itemListElement\":[{\"@type\":\"ListItem\",\"position\":1,\"name\":\"Home\",\"item\":\"https:\/\/www.rossettiartecontemporanea.it\/en\/\"},{\"@type\":\"ListItem\",\"position\":2,\"name\":\"Florence Di Benedetto e il Premio Combat\"}]},{\"@type\":\"WebSite\",\"@id\":\"https:\/\/www.rossettiartecontemporanea.it\/en\/#website\",\"url\":\"https:\/\/www.rossettiartecontemporanea.it\/en\/\",\"name\":\"Rossetti Arte Contemporanea\",\"description\":\"\",\"publisher\":{\"@id\":\"https:\/\/www.rossettiartecontemporanea.it\/en\/#organization\"},\"potentialAction\":[{\"@type\":\"SearchAction\",\"target\":{\"@type\":\"EntryPoint\",\"urlTemplate\":\"https:\/\/www.rossettiartecontemporanea.it\/en\/?s={search_term_string}\"},\"query-input\":{\"@type\":\"PropertyValueSpecification\",\"valueRequired\":true,\"valueName\":\"search_term_string\"}}],\"inLanguage\":\"en-US\"},{\"@type\":\"Organization\",\"@id\":\"https:\/\/www.rossettiartecontemporanea.it\/en\/#organization\",\"name\":\"Rossetti Arte Contemporanea\",\"url\":\"https:\/\/www.rossettiartecontemporanea.it\/en\/\",\"logo\":{\"@type\":\"ImageObject\",\"inLanguage\":\"en-US\",\"@id\":\"https:\/\/www.rossettiartecontemporanea.it\/en\/#\/schema\/logo\/image\/\",\"url\":\"https:\/\/www.rossettiartecontemporanea.it\/wp-content\/uploads\/2024\/02\/logo-Rossetti-Arte-Contemporanea-black-2x-1.png\",\"contentUrl\":\"https:\/\/www.rossettiartecontemporanea.it\/wp-content\/uploads\/2024\/02\/logo-Rossetti-Arte-Contemporanea-black-2x-1.png\",\"width\":611,\"height\":368,\"caption\":\"Rossetti Arte Contemporanea\"},\"image\":{\"@id\":\"https:\/\/www.rossettiartecontemporanea.it\/en\/#\/schema\/logo\/image\/\"},\"sameAs\":[\"https:\/\/www.facebook.com\/studio.rossetti.artecontemporanea\",\"https:\/\/www.instagram.com\/studio_rossetti\/\",\"https:\/\/www.youtube.com\/channel\/UC94tFj8zg6UV94quz_ysdgw\"]},{\"@type\":\"Person\",\"@id\":\"https:\/\/www.rossettiartecontemporanea.it\/en\/#\/schema\/person\/9074b110f3bc10dbcc7dc86655489909\",\"name\":\"dpsonlineweb\"}]}<\/script>\n<!-- \/ Yoast SEO plugin. -->","yoast_head_json":{"title":"Florence Di Benedetto e il Premio Combat - ROSSETTI arte contemporanea","robots":{"index":"index","follow":"follow","max-snippet":"max-snippet:-1","max-image-preview":"max-image-preview:large","max-video-preview":"max-video-preview:-1"},"canonical":"https:\/\/www.rossettiartecontemporanea.it\/en\/florence-di-benedetto\/","og_locale":"en_US","og_type":"article","og_title":"Florence Di Benedetto e il Premio Combat - ROSSETTI arte contemporanea","og_description":"Tratto da: https:\/\/www.premiocombat.it\/ L\u2019opera parla chiaro: si tratta di un\u2019enorme capsula rigida di 160 cm di lunghezza per 60 cm di diametro di Prozac, il farmaco che nel corso degli&hellip;","og_url":"https:\/\/www.rossettiartecontemporanea.it\/en\/florence-di-benedetto\/","og_site_name":"ROSSETTI arte contemporanea","article_publisher":"https:\/\/www.facebook.com\/studio.rossetti.artecontemporanea","article_published_time":"2021-04-27T08:08:26+00:00","article_modified_time":"2024-06-11T14:50:24+00:00","og_image":[{"width":1200,"height":771,"url":"https:\/\/www.rossettiartecontemporanea.it\/wp-content\/uploads\/2021\/04\/rassegna-stampa-Florence-Di-Benedetto.jpg","type":"image\/jpeg"}],"author":"dpsonlineweb","twitter_card":"summary_large_image","twitter_misc":{"Written by":"dpsonlineweb","Est. reading time":"4 minutes"},"schema":{"@context":"https:\/\/schema.org","@graph":[{"@type":"Article","@id":"https:\/\/www.rossettiartecontemporanea.it\/en\/florence-di-benedetto\/#article","isPartOf":{"@id":"https:\/\/www.rossettiartecontemporanea.it\/en\/florence-di-benedetto\/"},"author":{"name":"dpsonlineweb","@id":"https:\/\/www.rossettiartecontemporanea.it\/en\/#\/schema\/person\/9074b110f3bc10dbcc7dc86655489909"},"headline":"Florence Di Benedetto e il Premio Combat","datePublished":"2021-04-27T08:08:26+00:00","dateModified":"2024-06-11T14:50:24+00:00","mainEntityOfPage":{"@id":"https:\/\/www.rossettiartecontemporanea.it\/en\/florence-di-benedetto\/"},"wordCount":590,"publisher":{"@id":"https:\/\/www.rossettiartecontemporanea.it\/en\/#organization"},"image":{"@id":"https:\/\/www.rossettiartecontemporanea.it\/en\/florence-di-benedetto\/#primaryimage"},"thumbnailUrl":"https:\/\/www.rossettiartecontemporanea.it\/wp-content\/uploads\/2021\/04\/rassegna-stampa-Florence-Di-Benedetto.jpg","keywords":["Florence Di Benedetto","Premi"],"articleSection":["Rassegna stampa"],"inLanguage":"en-US"},{"@type":"WebPage","@id":"https:\/\/www.rossettiartecontemporanea.it\/en\/florence-di-benedetto\/","url":"https:\/\/www.rossettiartecontemporanea.it\/en\/florence-di-benedetto\/","name":"Florence Di Benedetto e il Premio Combat - ROSSETTI arte contemporanea","isPartOf":{"@id":"https:\/\/www.rossettiartecontemporanea.it\/en\/#website"},"primaryImageOfPage":{"@id":"https:\/\/www.rossettiartecontemporanea.it\/en\/florence-di-benedetto\/#primaryimage"},"image":{"@id":"https:\/\/www.rossettiartecontemporanea.it\/en\/florence-di-benedetto\/#primaryimage"},"thumbnailUrl":"https:\/\/www.rossettiartecontemporanea.it\/wp-content\/uploads\/2021\/04\/rassegna-stampa-Florence-Di-Benedetto.jpg","datePublished":"2021-04-27T08:08:26+00:00","dateModified":"2024-06-11T14:50:24+00:00","breadcrumb":{"@id":"https:\/\/www.rossettiartecontemporanea.it\/en\/florence-di-benedetto\/#breadcrumb"},"inLanguage":"en-US","potentialAction":[{"@type":"ReadAction","target":["https:\/\/www.rossettiartecontemporanea.it\/en\/florence-di-benedetto\/"]}]},{"@type":"ImageObject","inLanguage":"en-US","@id":"https:\/\/www.rossettiartecontemporanea.it\/en\/florence-di-benedetto\/#primaryimage","url":"https:\/\/www.rossettiartecontemporanea.it\/wp-content\/uploads\/2021\/04\/rassegna-stampa-Florence-Di-Benedetto.jpg","contentUrl":"https:\/\/www.rossettiartecontemporanea.it\/wp-content\/uploads\/2021\/04\/rassegna-stampa-Florence-Di-Benedetto.jpg","width":1200,"height":771},{"@type":"BreadcrumbList","@id":"https:\/\/www.rossettiartecontemporanea.it\/en\/florence-di-benedetto\/#breadcrumb","itemListElement":[{"@type":"ListItem","position":1,"name":"Home","item":"https:\/\/www.rossettiartecontemporanea.it\/en\/"},{"@type":"ListItem","position":2,"name":"Florence Di Benedetto e il Premio Combat"}]},{"@type":"WebSite","@id":"https:\/\/www.rossettiartecontemporanea.it\/en\/#website","url":"https:\/\/www.rossettiartecontemporanea.it\/en\/","name":"Rossetti Arte Contemporanea","description":"","publisher":{"@id":"https:\/\/www.rossettiartecontemporanea.it\/en\/#organization"},"potentialAction":[{"@type":"SearchAction","target":{"@type":"EntryPoint","urlTemplate":"https:\/\/www.rossettiartecontemporanea.it\/en\/?s={search_term_string}"},"query-input":{"@type":"PropertyValueSpecification","valueRequired":true,"valueName":"search_term_string"}}],"inLanguage":"en-US"},{"@type":"Organization","@id":"https:\/\/www.rossettiartecontemporanea.it\/en\/#organization","name":"Rossetti Arte Contemporanea","url":"https:\/\/www.rossettiartecontemporanea.it\/en\/","logo":{"@type":"ImageObject","inLanguage":"en-US","@id":"https:\/\/www.rossettiartecontemporanea.it\/en\/#\/schema\/logo\/image\/","url":"https:\/\/www.rossettiartecontemporanea.it\/wp-content\/uploads\/2024\/02\/logo-Rossetti-Arte-Contemporanea-black-2x-1.png","contentUrl":"https:\/\/www.rossettiartecontemporanea.it\/wp-content\/uploads\/2024\/02\/logo-Rossetti-Arte-Contemporanea-black-2x-1.png","width":611,"height":368,"caption":"Rossetti Arte Contemporanea"},"image":{"@id":"https:\/\/www.rossettiartecontemporanea.it\/en\/#\/schema\/logo\/image\/"},"sameAs":["https:\/\/www.facebook.com\/studio.rossetti.artecontemporanea","https:\/\/www.instagram.com\/studio_rossetti\/","https:\/\/www.youtube.com\/channel\/UC94tFj8zg6UV94quz_ysdgw"]},{"@type":"Person","@id":"https:\/\/www.rossettiartecontemporanea.it\/en\/#\/schema\/person\/9074b110f3bc10dbcc7dc86655489909","name":"dpsonlineweb"}]}},"_links":{"self":[{"href":"https:\/\/www.rossettiartecontemporanea.it\/en\/wp-json\/wp\/v2\/posts\/38402","targetHints":{"allow":["GET"]}}],"collection":[{"href":"https:\/\/www.rossettiartecontemporanea.it\/en\/wp-json\/wp\/v2\/posts"}],"about":[{"href":"https:\/\/www.rossettiartecontemporanea.it\/en\/wp-json\/wp\/v2\/types\/post"}],"author":[{"embeddable":true,"href":"https:\/\/www.rossettiartecontemporanea.it\/en\/wp-json\/wp\/v2\/users\/2"}],"replies":[{"embeddable":true,"href":"https:\/\/www.rossettiartecontemporanea.it\/en\/wp-json\/wp\/v2\/comments?post=38402"}],"version-history":[{"count":4,"href":"https:\/\/www.rossettiartecontemporanea.it\/en\/wp-json\/wp\/v2\/posts\/38402\/revisions"}],"predecessor-version":[{"id":46953,"href":"https:\/\/www.rossettiartecontemporanea.it\/en\/wp-json\/wp\/v2\/posts\/38402\/revisions\/46953"}],"wp:featuredmedia":[{"embeddable":true,"href":"https:\/\/www.rossettiartecontemporanea.it\/en\/wp-json\/wp\/v2\/media\/38423"}],"wp:attachment":[{"href":"https:\/\/www.rossettiartecontemporanea.it\/en\/wp-json\/wp\/v2\/media?parent=38402"}],"wp:term":[{"taxonomy":"category","embeddable":true,"href":"https:\/\/www.rossettiartecontemporanea.it\/en\/wp-json\/wp\/v2\/categories?post=38402"},{"taxonomy":"post_tag","embeddable":true,"href":"https:\/\/www.rossettiartecontemporanea.it\/en\/wp-json\/wp\/v2\/tags?post=38402"}],"curies":[{"name":"wp","href":"https:\/\/api.w.org\/{rel}","templated":true}]}}