{"id":38415,"date":"2016-01-20T10:22:16","date_gmt":"2016-01-20T09:22:16","guid":{"rendered":"http:\/\/www.rossettiartecontemporanea.it\/?p=38415"},"modified":"2024-01-18T12:16:22","modified_gmt":"2024-01-18T11:16:22","slug":"parole-in-liberta-nellintervista-a-francesco-de-molfetta-in-arte-demo","status":"publish","type":"post","link":"https:\/\/www.rossettiartecontemporanea.it\/en\/parole-in-liberta-nellintervista-a-francesco-de-molfetta-in-arte-demo\/","title":{"rendered":"Parole in libert\u00e0 nell\u2019intervista a Francesco de Molfetta, in arte DEMO"},"content":{"rendered":"\n<p>Tratto da: <a href=\"https:\/\/artslife.com\/2016\/01\/20\/parole-in-liberta-nellintervista-a-francesco-de-molfetta-in-arte-demo\/\" target=\"_blank\" rel=\"noreferrer noopener\">https:\/\/www.artslife.com\/<\/a><\/p>\n\n\n\n<h5 class=\"wp-block-heading\">di Martina Adamuccio<\/h5>\n\n\n\n<figure class=\"wp-block-gallery alignwide has-nested-images columns-default is-cropped wp-block-gallery-1 is-layout-flex wp-block-gallery-is-layout-flex\">\n<figure class=\"wp-block-image size-full\"><img fetchpriority=\"high\" decoding=\"async\" width=\"605\" height=\"437\" data-id=\"38479\" src=\"https:\/\/www.rossettiartecontemporanea.it\/wp-content\/uploads\/2023\/12\/rassegna-stampa-Parole-in-liberta-Francesco-De-Moleftta-01.jpg\" alt=\"\" class=\"wp-image-38479\" srcset=\"https:\/\/www.rossettiartecontemporanea.it\/wp-content\/uploads\/2023\/12\/rassegna-stampa-Parole-in-liberta-Francesco-De-Moleftta-01.jpg 605w, https:\/\/www.rossettiartecontemporanea.it\/wp-content\/uploads\/2023\/12\/rassegna-stampa-Parole-in-liberta-Francesco-De-Moleftta-01-300x217.jpg 300w, https:\/\/www.rossettiartecontemporanea.it\/wp-content\/uploads\/2023\/12\/rassegna-stampa-Parole-in-liberta-Francesco-De-Moleftta-01-370x267.jpg 370w, https:\/\/www.rossettiartecontemporanea.it\/wp-content\/uploads\/2023\/12\/rassegna-stampa-Parole-in-liberta-Francesco-De-Moleftta-01-410x296.jpg 410w\" sizes=\"(max-width: 605px) 100vw, 605px\" \/><figcaption class=\"wp-element-caption\">DEMO \u2013 Angelo Sterminatore. Copyright: Francesco De Molfetta<\/figcaption><\/figure>\n<\/figure>\n\n\n\n<p><strong>Nome di battesimo Francesco De Molfetta\u2026 meglio conosciuto come il Demo. Raccontaci chi sei.<\/strong><\/p>\n\n\n\n<p>DEMO \u00e8 il mio alter ego, ma molto pi\u00f9 ego che alter in realt\u00e0. Da sempre tutti mi conoscono come il \u201cDEMO\u201d. Questo nomignolo (etimologicamente interessante, vista la radice greca, che indica una porzione rappresentativa di un territorio e di un gruppo di persone, quindi di un \u201cinsieme\u201d con un proprio culto e un proprio governo) mi \u00e8 stato affidato sin dall\u2019infanzia come contrazione di un cognome lungo e ingombrante. Quest\u2019operazione di sintesi la apprezzo molto, perch\u00e9 io stesso nel mio lavoro amo sintetizzare concetti e forme ampie ed ingombranti in una riduzione pi\u00f9 condensata e armoniosa.<\/p>\n\n\n\n<div style=\"height:15px\" aria-hidden=\"true\" class=\"wp-block-spacer\"><\/div>\n\n\n\n<figure class=\"wp-block-gallery alignwide has-nested-images columns-default is-cropped wp-block-gallery-2 is-layout-flex wp-block-gallery-is-layout-flex\">\n<figure class=\"wp-block-image size-full\"><img decoding=\"async\" width=\"602\" height=\"433\" data-id=\"38480\" src=\"https:\/\/www.rossettiartecontemporanea.it\/wp-content\/uploads\/2023\/12\/rassegna-stampa-Parole-in-liberta-Francesco-De-Moleftta-02.jpg\" alt=\"\" class=\"wp-image-38480\" srcset=\"https:\/\/www.rossettiartecontemporanea.it\/wp-content\/uploads\/2023\/12\/rassegna-stampa-Parole-in-liberta-Francesco-De-Moleftta-02.jpg 602w, https:\/\/www.rossettiartecontemporanea.it\/wp-content\/uploads\/2023\/12\/rassegna-stampa-Parole-in-liberta-Francesco-De-Moleftta-02-300x216.jpg 300w, https:\/\/www.rossettiartecontemporanea.it\/wp-content\/uploads\/2023\/12\/rassegna-stampa-Parole-in-liberta-Francesco-De-Moleftta-02-370x266.jpg 370w, https:\/\/www.rossettiartecontemporanea.it\/wp-content\/uploads\/2023\/12\/rassegna-stampa-Parole-in-liberta-Francesco-De-Moleftta-02-410x295.jpg 410w\" sizes=\"(max-width: 602px) 100vw, 602px\" \/><figcaption class=\"wp-element-caption\">DEMO \u2013 Bubble Dux. Copyright: Francesco De Molfetta<\/figcaption><\/figure>\n<\/figure>\n\n\n\n<p><strong>\u201c<em>Una parola \u00e8 poco e due sono troppe\u201d<\/em>&nbsp;eppure per te e i tuoi lavori le parole sono molto importanti. Ci spieghi questo stretto legame tra le tue opere e le parole?<\/strong><\/p>\n\n\n\n<p>Come dice Nanni Moretti \u201cle parole sono importanti\u201d: eccome se lo sono! Detesto le persone che parlano con noncuranza nella scelta dei vocaboli o che restringono il loro registro linguistico al minimo indispensabile per una vita tranquilla e una comunicazione superficiale e il meno possibile ambigua. Vedo il linguaggio come la tastiera di uno strumento che si presta ad infinite combinazioni di accordi e di melodie. Voglio sfidare la lingua e la semantica e mi piace l\u2019idea di eseguire un \u201ctaglia e cuci\u201d verbale per arrivare a dare una didascalia alle mie creazioni. Desidero dare un primo appiglio per la scalata della parete verticale della lettura dell\u2019opera. A partire dalla tecnica esecutiva, che io ho \u201crivisto\u201d a mio modo isolandone la prima lettera e rivisitandone il concetto, per farla quindi diventare: (S)cultura.<\/p>\n\n\n\n<figure class=\"wp-block-gallery alignwide has-nested-images columns-default is-cropped wp-block-gallery-3 is-layout-flex wp-block-gallery-is-layout-flex\">\n<figure class=\"wp-block-image size-full\"><img decoding=\"async\" width=\"611\" height=\"436\" data-id=\"38477\" src=\"https:\/\/www.rossettiartecontemporanea.it\/wp-content\/uploads\/2023\/12\/rassegna-stampa-Parole-in-liberta-Francesco-De-Moleftta-03.jpg\" alt=\"\" class=\"wp-image-38477\" srcset=\"https:\/\/www.rossettiartecontemporanea.it\/wp-content\/uploads\/2023\/12\/rassegna-stampa-Parole-in-liberta-Francesco-De-Moleftta-03.jpg 611w, https:\/\/www.rossettiartecontemporanea.it\/wp-content\/uploads\/2023\/12\/rassegna-stampa-Parole-in-liberta-Francesco-De-Moleftta-03-300x214.jpg 300w, https:\/\/www.rossettiartecontemporanea.it\/wp-content\/uploads\/2023\/12\/rassegna-stampa-Parole-in-liberta-Francesco-De-Moleftta-03-370x264.jpg 370w, https:\/\/www.rossettiartecontemporanea.it\/wp-content\/uploads\/2023\/12\/rassegna-stampa-Parole-in-liberta-Francesco-De-Moleftta-03-410x293.jpg 410w\" sizes=\"(max-width: 611px) 100vw, 611px\" \/><figcaption class=\"wp-element-caption\">DEMO \u2013 Bubble Dux. Copyright: Francesco De Molfetta<\/figcaption><\/figure>\n<\/figure>\n\n\n\n<div style=\"height:15px\" aria-hidden=\"true\" class=\"wp-block-spacer\"><\/div>\n\n\n\n<p><strong>Apparentemente ironiche nelle tue opere si trova in realt\u00e0 a mio parere un velo di profondo sarcasmo\u2026<\/strong><\/p>\n\n\n\n<p>Una consapevolezza amara direi pi\u00f9 che altro! Una bellissima frase di Beaumarchais nell\u2019opera \u201cIl Barbiere di Siviglia\u201d recita : \u201cmi affretto a ridere di tutto e di tutti, per la paura di essere costretto a piangerne\u201d.<\/p>\n\n\n\n<figure class=\"wp-block-gallery alignwide has-nested-images columns-default is-cropped wp-block-gallery-4 is-layout-flex wp-block-gallery-is-layout-flex\">\n<figure class=\"wp-block-image size-full\"><img loading=\"lazy\" decoding=\"async\" width=\"613\" height=\"433\" data-id=\"38472\" src=\"https:\/\/www.rossettiartecontemporanea.it\/wp-content\/uploads\/2023\/12\/rassegna-stampa-Parole-in-liberta-Francesco-De-Moleftta-04.jpg\" alt=\"\" class=\"wp-image-38472\" srcset=\"https:\/\/www.rossettiartecontemporanea.it\/wp-content\/uploads\/2023\/12\/rassegna-stampa-Parole-in-liberta-Francesco-De-Moleftta-04.jpg 613w, https:\/\/www.rossettiartecontemporanea.it\/wp-content\/uploads\/2023\/12\/rassegna-stampa-Parole-in-liberta-Francesco-De-Moleftta-04-300x212.jpg 300w, https:\/\/www.rossettiartecontemporanea.it\/wp-content\/uploads\/2023\/12\/rassegna-stampa-Parole-in-liberta-Francesco-De-Moleftta-04-370x261.jpg 370w, https:\/\/www.rossettiartecontemporanea.it\/wp-content\/uploads\/2023\/12\/rassegna-stampa-Parole-in-liberta-Francesco-De-Moleftta-04-410x290.jpg 410w\" sizes=\"(max-width: 613px) 100vw, 613px\" \/><figcaption class=\"wp-element-caption\">DEMO \u2013 L\u2019Ultima Scena. Copyright: Francesco De Molfetta<\/figcaption><\/figure>\n<\/figure>\n\n\n\n<p><strong>Da cosa ti fai ispirare e come nascono le nuove idee?<\/strong><\/p>\n\n\n\n<p>Non credo che le definirei \u201cidee nuove\u201d. Le ispirazioni arrivano da pensieri e sensazioni con radici molto antiche . Non amo definirmi un \u201ccreatore\u201d,non ne ho la pretesa. Direi pi\u00f9 un \u201criduttore\u201d, uno che attinge dall\u2019esistente e lo riduce secondo una sua visione. Sono convinto che siamo solo la testimonianza di un transito del sapere tramandando dati e materia a chi verr\u00e0 dopo di noi. Il nostro compito \u00e8 quello di ridurlo, cio\u00e8 ricavarne il meglio e testimoniarlo. Le ispirazioni sono le medesime che hanno avuto Raffaello, Michelangelo, l\u2019uomo di Neanderthal, solamente \u201cattualizzate\u201d. L\u2019Amore, il mistero, il potere, la relazione, la fede, la morte, l\u2019uomo, la natura, la terra , il cielo, niente pi\u00f9 di questo.<\/p>\n\n\n\n<figure class=\"wp-block-gallery alignwide has-nested-images columns-default is-cropped wp-block-gallery-5 is-layout-flex wp-block-gallery-is-layout-flex\">\n<figure class=\"wp-block-image size-full\"><img loading=\"lazy\" decoding=\"async\" width=\"618\" height=\"450\" data-id=\"38484\" src=\"https:\/\/www.rossettiartecontemporanea.it\/wp-content\/uploads\/2023\/12\/rassegna-stampa-Parole-in-liberta-Francesco-De-Moleftta-05.jpg\" alt=\"\" class=\"wp-image-38484\" srcset=\"https:\/\/www.rossettiartecontemporanea.it\/wp-content\/uploads\/2023\/12\/rassegna-stampa-Parole-in-liberta-Francesco-De-Moleftta-05.jpg 618w, https:\/\/www.rossettiartecontemporanea.it\/wp-content\/uploads\/2023\/12\/rassegna-stampa-Parole-in-liberta-Francesco-De-Moleftta-05-300x218.jpg 300w, https:\/\/www.rossettiartecontemporanea.it\/wp-content\/uploads\/2023\/12\/rassegna-stampa-Parole-in-liberta-Francesco-De-Moleftta-05-370x269.jpg 370w, https:\/\/www.rossettiartecontemporanea.it\/wp-content\/uploads\/2023\/12\/rassegna-stampa-Parole-in-liberta-Francesco-De-Moleftta-05-410x299.jpg 410w\" sizes=\"(max-width: 618px) 100vw, 618px\" \/><figcaption class=\"wp-element-caption\">DEMO \u2013 Silviolo. L\u2019ottavo Nano. Copyright: Francesco De Molfetta<\/figcaption><\/figure>\n<\/figure>\n\n\n\n<p><strong>Purtroppo o grazie al cielo quando si parla di&nbsp;<em>fare arte&nbsp;<\/em>non ci sono delle regole precise da seguire. Come fai a sapere quale sar\u00e0 l\u2019opera da fare successivamente?<\/strong><\/p>\n\n\n\n<p>Sono sempre in uno stato di \u201cascolto\u201d plurisensoriale. E\u2019 vero che non ci sono delle regole, ma dei bisogni si. Io ho \u201cbisogno\u201d di portare a compimento una visione, come dare saziet\u00e0 ad un appetito che non si seda se non al termine della resa tangibile di una forma e di una visione . Mi faccio guidare da ci\u00f2 che trovo, da ci\u00f2 che accende una scintilla e innesca un pensiero che mi riguarda e allora \u201csento\u201d che \u00e8 la strada giusta. Ho imparato che non si pu\u00f2 imporre tanto sulla materia, \u00e8 lei che trova compimento, io ne sono solo l\u2019esecutore. Mi piace pensarla cos\u00ec, come qualcosa che trascenda dal mio controllo, che non dipenda strettamente da me, ma che mi \u201cusi\u201d come un\u2019 ostinata volont\u00e0 di venire alla luce.<\/p>\n\n\n\n<p><strong>\u00c8 capitato che i tuoi lavori venissero copiati in toto. Come affronti questo problema e non credi forse come me, che forse la colpa non sia tanto degli artisti quanto dei critici e galleristi che non se ne rendono conto (nel tuo caso come in altri ovviamente) e portano avanti tali artisti?<\/strong><\/p>\n\n\n\n<p>Una volta una persona mi disse che detenevo lo scettro dell\u2019artista pi\u00f9 copiato, pu\u00f2 darsi. In effetti ormai mi sono abituato a cogliere scopiazzature camuffate e riletture di mie opere ormai iconiche. Me le segnalano continuamente. Ho addirittura un artista che copia ogni singola opera che ho eseguito, perfino usando le stesse cornici\u2026pazzesco! E\u2019 stato ripreso pi\u00f9 volte, e non solo da me, ma sembra lui nega l\u2019evidenza. Inizialmente la cosa mi dava molto fastidio, mi sentivo come depredato di un\u2019idea che era stata mia e quindi radicata nel mio intimo, una sorta di nudit\u00e0 pubblica in proscenio replicata. Ho trovato la cosa di cattivo gusto e tutto sommato anche penosa. Mi sono poi reso conto per\u00f2 che in questa desertificazione estetica ed ideologica, andare avanti per citazioni e clonazioni \u00e8 divenuto ormai un presupposto accettato e tollerato. Il vero motore del mondo sono le idee e i desideri nuovi (citando Boetti che in uno dei suoi arazzi pi\u00f9 famosi ricamava la dicitura: \u201cper nuovi desideri\u201d), ma se le idee scarseggiano perch\u00e9 non c\u2019\u00e8 rinnovamento di ideologia?<\/p>\n\n\n\n<figure class=\"wp-block-gallery alignwide has-nested-images columns-default is-cropped wp-block-gallery-6 is-layout-flex wp-block-gallery-is-layout-flex\">\n<figure class=\"wp-block-image size-full\"><img loading=\"lazy\" decoding=\"async\" width=\"618\" height=\"440\" data-id=\"38476\" src=\"https:\/\/www.rossettiartecontemporanea.it\/wp-content\/uploads\/2023\/12\/rassegna-stampa-Parole-in-liberta-Francesco-De-Moleftta-06.jpg\" alt=\"\" class=\"wp-image-38476\" srcset=\"https:\/\/www.rossettiartecontemporanea.it\/wp-content\/uploads\/2023\/12\/rassegna-stampa-Parole-in-liberta-Francesco-De-Moleftta-06.jpg 618w, https:\/\/www.rossettiartecontemporanea.it\/wp-content\/uploads\/2023\/12\/rassegna-stampa-Parole-in-liberta-Francesco-De-Moleftta-06-300x214.jpg 300w, https:\/\/www.rossettiartecontemporanea.it\/wp-content\/uploads\/2023\/12\/rassegna-stampa-Parole-in-liberta-Francesco-De-Moleftta-06-370x263.jpg 370w, https:\/\/www.rossettiartecontemporanea.it\/wp-content\/uploads\/2023\/12\/rassegna-stampa-Parole-in-liberta-Francesco-De-Moleftta-06-410x292.jpg 410w\" sizes=\"(max-width: 618px) 100vw, 618px\" \/><figcaption class=\"wp-element-caption\">DEMO \u2013 Bird Reich. Copyright: Francesco De Molfetta<\/figcaption><\/figure>\n<\/figure>\n\n\n\n<p><strong>Siamo ad un punto molto critico della storia dell\u2019umanit\u00e0, ad un \u201cturning point\u201d epocale in bilico tra il secolo\/millennio era precedente ed un nuovo tempo che ancora non ha i contorni delineati. Come essere nella nebbia, si procede a tentoni, rifacendosi spesso a percorsi precedenti e opere che hanno \u201cfunzionato\u201d da un punto di vista commerciale.<\/strong><\/p>\n\n\n\n<p>Credo, come dici bene tu, che l\u2019errore sia l\u2019ignoranza e la superficialit\u00e0 dei critici e dei galleristi che davvero non conoscono la storia dell\u2019Arte contemporanea (paradossalmente si conosce molto meglio quella antica, ma le referenze su quella moderna e contemporanea sono scarse e affidate al ridotto materiale cartaceo e fotografico disponibile). Mi \u00e8 capitato di parlare con colleghi che non conoscevano lavori pregressi affini ai loro e questo non \u00e8 solo colpa loro, ma anche di un mercato caotico e speculativo che tende a bruciare ricerche di autori precedenti molto in fretta, creando cos\u00ec nuovi miti da osannare e nuovamente rimpiazzare. Un consumismo spietato e distruttore asservito ad un mercato sempre pi\u00f9 capriccioso e insoddisfatto.<\/p>\n\n\n\n<p><strong>Se fossi nato agli inizi del \u2018900 quale artista saresti voluto essere?<\/strong><\/p>\n\n\n\n<p>Wow! Questa scelta \u00e8 molto difficile\u2026ce ne sono tanti che amo molto, amando molto l\u2019Arte. Credo Adolfo Wildt per la qualit\u00e0 esecutiva, De Chirico e Morandi per la fedelt\u00e0 alla loro visione poetica, Man Ray e Magritte per la provocazione, ma pi\u00f9 realisticamente il mio grande mito rimane Jeff Koons, ma non per i successi commerciali.<\/p>\n\n\n\n<p><strong>Un sogno ancora nel cassetto da artista?<\/strong><\/p>\n\n\n\n<p>Realizzare il mio monumento funebre.<\/p>\n\n\n\n<p><strong>Progetti futuri?<\/strong><\/p>\n\n\n\n<p>Ho appena iniziato la collaborazione con una storica galleria milanese che si chiama \u201cil MAPPAMONDO\u201d e con loro presenter\u00f2 dei nuovi lavori alla fiera di Bologna e in altre fiere durante l\u2019anno, oltre ad una personale prevista presso la loro sede nel 2016. Sto anche collaborando con un giovane regista teatrale alla drammaturgia e alla scenografia per un progetto di uno spettacolo incentrato sulla figura di Adolf Hitler che debutter\u00e0 in primavera.<\/p>\n","protected":false},"excerpt":{"rendered":"<p>Tratto da: https:\/\/www.artslife.com\/ di Martina Adamuccio Nome di battesimo Francesco De Molfetta\u2026 meglio conosciuto come il Demo. Raccontaci chi sei. DEMO \u00e8 il mio alter ego, ma molto pi\u00f9 ego&hellip;<\/p>\n","protected":false},"author":2,"featured_media":37836,"comment_status":"closed","ping_status":"open","sticky":false,"template":"","format":"standard","meta":{"_acf_changed":false,"footnotes":""},"categories":[351],"tags":[309],"class_list":["post-38415","post","type-post","status-publish","format-standard","has-post-thumbnail","hentry","category-rassegna-stampa","tag-francesco-de-molfetta"],"acf":[],"yoast_head":"<!-- This site is optimized with the Yoast SEO plugin v25.1 - https:\/\/yoast.com\/wordpress\/plugins\/seo\/ -->\n<title>Parole in libert\u00e0 nell\u2019intervista a Francesco de Molfetta, in arte DEMO - ROSSETTI arte contemporanea<\/title>\n<meta name=\"robots\" content=\"index, follow, max-snippet:-1, max-image-preview:large, max-video-preview:-1\" \/>\n<link rel=\"canonical\" href=\"https:\/\/www.rossettiartecontemporanea.it\/en\/parole-in-liberta-nellintervista-a-francesco-de-molfetta-in-arte-demo\/\" \/>\n<meta property=\"og:locale\" content=\"en_US\" \/>\n<meta property=\"og:type\" content=\"article\" \/>\n<meta property=\"og:title\" content=\"Parole in libert\u00e0 nell\u2019intervista a Francesco de Molfetta, in arte DEMO - ROSSETTI arte contemporanea\" \/>\n<meta property=\"og:description\" content=\"Tratto da: https:\/\/www.artslife.com\/ di Martina Adamuccio Nome di battesimo Francesco De Molfetta\u2026 meglio conosciuto come il Demo. Raccontaci chi sei. DEMO \u00e8 il mio alter ego, ma molto pi\u00f9 ego&hellip;\" \/>\n<meta property=\"og:url\" content=\"https:\/\/www.rossettiartecontemporanea.it\/en\/parole-in-liberta-nellintervista-a-francesco-de-molfetta-in-arte-demo\/\" \/>\n<meta property=\"og:site_name\" content=\"ROSSETTI arte contemporanea\" \/>\n<meta property=\"article:publisher\" content=\"https:\/\/www.facebook.com\/studio.rossetti.artecontemporanea\" \/>\n<meta property=\"article:published_time\" content=\"2016-01-20T09:22:16+00:00\" \/>\n<meta property=\"article:modified_time\" content=\"2024-01-18T11:16:22+00:00\" \/>\n<meta property=\"og:image\" content=\"https:\/\/www.rossettiartecontemporanea.it\/wp-content\/uploads\/2023\/11\/Francesco-De-Molfetta-Studio-Rossetti-Arte-Contemporanea-02.jpg\" \/>\n\t<meta property=\"og:image:width\" content=\"1920\" \/>\n\t<meta property=\"og:image:height\" content=\"1280\" \/>\n\t<meta property=\"og:image:type\" content=\"image\/jpeg\" \/>\n<meta name=\"author\" content=\"dpsonlineweb\" \/>\n<meta name=\"twitter:card\" content=\"summary_large_image\" \/>\n<meta name=\"twitter:label1\" content=\"Written by\" \/>\n\t<meta name=\"twitter:data1\" content=\"dpsonlineweb\" \/>\n\t<meta name=\"twitter:label2\" content=\"Est. reading time\" \/>\n\t<meta name=\"twitter:data2\" content=\"8 minutes\" \/>\n<script type=\"application\/ld+json\" class=\"yoast-schema-graph\">{\"@context\":\"https:\/\/schema.org\",\"@graph\":[{\"@type\":\"Article\",\"@id\":\"https:\/\/www.rossettiartecontemporanea.it\/en\/parole-in-liberta-nellintervista-a-francesco-de-molfetta-in-arte-demo\/#article\",\"isPartOf\":{\"@id\":\"https:\/\/www.rossettiartecontemporanea.it\/en\/parole-in-liberta-nellintervista-a-francesco-de-molfetta-in-arte-demo\/\"},\"author\":{\"name\":\"dpsonlineweb\",\"@id\":\"https:\/\/www.rossettiartecontemporanea.it\/en\/#\/schema\/person\/9074b110f3bc10dbcc7dc86655489909\"},\"headline\":\"Parole in libert\u00e0 nell\u2019intervista a Francesco de Molfetta, in arte DEMO\",\"datePublished\":\"2016-01-20T09:22:16+00:00\",\"dateModified\":\"2024-01-18T11:16:22+00:00\",\"mainEntityOfPage\":{\"@id\":\"https:\/\/www.rossettiartecontemporanea.it\/en\/parole-in-liberta-nellintervista-a-francesco-de-molfetta-in-arte-demo\/\"},\"wordCount\":1246,\"publisher\":{\"@id\":\"https:\/\/www.rossettiartecontemporanea.it\/en\/#organization\"},\"image\":{\"@id\":\"https:\/\/www.rossettiartecontemporanea.it\/en\/parole-in-liberta-nellintervista-a-francesco-de-molfetta-in-arte-demo\/#primaryimage\"},\"thumbnailUrl\":\"https:\/\/www.rossettiartecontemporanea.it\/wp-content\/uploads\/2023\/11\/Francesco-De-Molfetta-Studio-Rossetti-Arte-Contemporanea-02.jpg\",\"keywords\":[\"Francesco De Molfetta\"],\"articleSection\":[\"Rassegna stampa\"],\"inLanguage\":\"en-US\"},{\"@type\":\"WebPage\",\"@id\":\"https:\/\/www.rossettiartecontemporanea.it\/en\/parole-in-liberta-nellintervista-a-francesco-de-molfetta-in-arte-demo\/\",\"url\":\"https:\/\/www.rossettiartecontemporanea.it\/en\/parole-in-liberta-nellintervista-a-francesco-de-molfetta-in-arte-demo\/\",\"name\":\"Parole in libert\u00e0 nell\u2019intervista a Francesco de Molfetta, in arte DEMO - ROSSETTI arte contemporanea\",\"isPartOf\":{\"@id\":\"https:\/\/www.rossettiartecontemporanea.it\/en\/#website\"},\"primaryImageOfPage\":{\"@id\":\"https:\/\/www.rossettiartecontemporanea.it\/en\/parole-in-liberta-nellintervista-a-francesco-de-molfetta-in-arte-demo\/#primaryimage\"},\"image\":{\"@id\":\"https:\/\/www.rossettiartecontemporanea.it\/en\/parole-in-liberta-nellintervista-a-francesco-de-molfetta-in-arte-demo\/#primaryimage\"},\"thumbnailUrl\":\"https:\/\/www.rossettiartecontemporanea.it\/wp-content\/uploads\/2023\/11\/Francesco-De-Molfetta-Studio-Rossetti-Arte-Contemporanea-02.jpg\",\"datePublished\":\"2016-01-20T09:22:16+00:00\",\"dateModified\":\"2024-01-18T11:16:22+00:00\",\"breadcrumb\":{\"@id\":\"https:\/\/www.rossettiartecontemporanea.it\/en\/parole-in-liberta-nellintervista-a-francesco-de-molfetta-in-arte-demo\/#breadcrumb\"},\"inLanguage\":\"en-US\",\"potentialAction\":[{\"@type\":\"ReadAction\",\"target\":[\"https:\/\/www.rossettiartecontemporanea.it\/en\/parole-in-liberta-nellintervista-a-francesco-de-molfetta-in-arte-demo\/\"]}]},{\"@type\":\"ImageObject\",\"inLanguage\":\"en-US\",\"@id\":\"https:\/\/www.rossettiartecontemporanea.it\/en\/parole-in-liberta-nellintervista-a-francesco-de-molfetta-in-arte-demo\/#primaryimage\",\"url\":\"https:\/\/www.rossettiartecontemporanea.it\/wp-content\/uploads\/2023\/11\/Francesco-De-Molfetta-Studio-Rossetti-Arte-Contemporanea-02.jpg\",\"contentUrl\":\"https:\/\/www.rossettiartecontemporanea.it\/wp-content\/uploads\/2023\/11\/Francesco-De-Molfetta-Studio-Rossetti-Arte-Contemporanea-02.jpg\",\"width\":1920,\"height\":1280,\"caption\":\"Francesco De Molfetta - Rossetti Arte Contemporanea\"},{\"@type\":\"BreadcrumbList\",\"@id\":\"https:\/\/www.rossettiartecontemporanea.it\/en\/parole-in-liberta-nellintervista-a-francesco-de-molfetta-in-arte-demo\/#breadcrumb\",\"itemListElement\":[{\"@type\":\"ListItem\",\"position\":1,\"name\":\"Home\",\"item\":\"https:\/\/www.rossettiartecontemporanea.it\/en\/\"},{\"@type\":\"ListItem\",\"position\":2,\"name\":\"Parole in libert\u00e0 nell\u2019intervista a Francesco de Molfetta, in arte DEMO\"}]},{\"@type\":\"WebSite\",\"@id\":\"https:\/\/www.rossettiartecontemporanea.it\/en\/#website\",\"url\":\"https:\/\/www.rossettiartecontemporanea.it\/en\/\",\"name\":\"Rossetti Arte Contemporanea\",\"description\":\"\",\"publisher\":{\"@id\":\"https:\/\/www.rossettiartecontemporanea.it\/en\/#organization\"},\"potentialAction\":[{\"@type\":\"SearchAction\",\"target\":{\"@type\":\"EntryPoint\",\"urlTemplate\":\"https:\/\/www.rossettiartecontemporanea.it\/en\/?s={search_term_string}\"},\"query-input\":{\"@type\":\"PropertyValueSpecification\",\"valueRequired\":true,\"valueName\":\"search_term_string\"}}],\"inLanguage\":\"en-US\"},{\"@type\":\"Organization\",\"@id\":\"https:\/\/www.rossettiartecontemporanea.it\/en\/#organization\",\"name\":\"Rossetti Arte Contemporanea\",\"url\":\"https:\/\/www.rossettiartecontemporanea.it\/en\/\",\"logo\":{\"@type\":\"ImageObject\",\"inLanguage\":\"en-US\",\"@id\":\"https:\/\/www.rossettiartecontemporanea.it\/en\/#\/schema\/logo\/image\/\",\"url\":\"https:\/\/www.rossettiartecontemporanea.it\/wp-content\/uploads\/2024\/02\/logo-Rossetti-Arte-Contemporanea-black-2x-1.png\",\"contentUrl\":\"https:\/\/www.rossettiartecontemporanea.it\/wp-content\/uploads\/2024\/02\/logo-Rossetti-Arte-Contemporanea-black-2x-1.png\",\"width\":611,\"height\":368,\"caption\":\"Rossetti Arte Contemporanea\"},\"image\":{\"@id\":\"https:\/\/www.rossettiartecontemporanea.it\/en\/#\/schema\/logo\/image\/\"},\"sameAs\":[\"https:\/\/www.facebook.com\/studio.rossetti.artecontemporanea\",\"https:\/\/www.instagram.com\/studio_rossetti\/\",\"https:\/\/www.youtube.com\/channel\/UC94tFj8zg6UV94quz_ysdgw\"]},{\"@type\":\"Person\",\"@id\":\"https:\/\/www.rossettiartecontemporanea.it\/en\/#\/schema\/person\/9074b110f3bc10dbcc7dc86655489909\",\"name\":\"dpsonlineweb\"}]}<\/script>\n<!-- \/ Yoast SEO plugin. -->","yoast_head_json":{"title":"Parole in libert\u00e0 nell\u2019intervista a Francesco de Molfetta, in arte DEMO - ROSSETTI arte contemporanea","robots":{"index":"index","follow":"follow","max-snippet":"max-snippet:-1","max-image-preview":"max-image-preview:large","max-video-preview":"max-video-preview:-1"},"canonical":"https:\/\/www.rossettiartecontemporanea.it\/en\/parole-in-liberta-nellintervista-a-francesco-de-molfetta-in-arte-demo\/","og_locale":"en_US","og_type":"article","og_title":"Parole in libert\u00e0 nell\u2019intervista a Francesco de Molfetta, in arte DEMO - ROSSETTI arte contemporanea","og_description":"Tratto da: https:\/\/www.artslife.com\/ di Martina Adamuccio Nome di battesimo Francesco De Molfetta\u2026 meglio conosciuto come il Demo. Raccontaci chi sei. DEMO \u00e8 il mio alter ego, ma molto pi\u00f9 ego&hellip;","og_url":"https:\/\/www.rossettiartecontemporanea.it\/en\/parole-in-liberta-nellintervista-a-francesco-de-molfetta-in-arte-demo\/","og_site_name":"ROSSETTI arte contemporanea","article_publisher":"https:\/\/www.facebook.com\/studio.rossetti.artecontemporanea","article_published_time":"2016-01-20T09:22:16+00:00","article_modified_time":"2024-01-18T11:16:22+00:00","og_image":[{"width":1920,"height":1280,"url":"https:\/\/www.rossettiartecontemporanea.it\/wp-content\/uploads\/2023\/11\/Francesco-De-Molfetta-Studio-Rossetti-Arte-Contemporanea-02.jpg","type":"image\/jpeg"}],"author":"dpsonlineweb","twitter_card":"summary_large_image","twitter_misc":{"Written by":"dpsonlineweb","Est. reading time":"8 minutes"},"schema":{"@context":"https:\/\/schema.org","@graph":[{"@type":"Article","@id":"https:\/\/www.rossettiartecontemporanea.it\/en\/parole-in-liberta-nellintervista-a-francesco-de-molfetta-in-arte-demo\/#article","isPartOf":{"@id":"https:\/\/www.rossettiartecontemporanea.it\/en\/parole-in-liberta-nellintervista-a-francesco-de-molfetta-in-arte-demo\/"},"author":{"name":"dpsonlineweb","@id":"https:\/\/www.rossettiartecontemporanea.it\/en\/#\/schema\/person\/9074b110f3bc10dbcc7dc86655489909"},"headline":"Parole in libert\u00e0 nell\u2019intervista a Francesco de Molfetta, in arte DEMO","datePublished":"2016-01-20T09:22:16+00:00","dateModified":"2024-01-18T11:16:22+00:00","mainEntityOfPage":{"@id":"https:\/\/www.rossettiartecontemporanea.it\/en\/parole-in-liberta-nellintervista-a-francesco-de-molfetta-in-arte-demo\/"},"wordCount":1246,"publisher":{"@id":"https:\/\/www.rossettiartecontemporanea.it\/en\/#organization"},"image":{"@id":"https:\/\/www.rossettiartecontemporanea.it\/en\/parole-in-liberta-nellintervista-a-francesco-de-molfetta-in-arte-demo\/#primaryimage"},"thumbnailUrl":"https:\/\/www.rossettiartecontemporanea.it\/wp-content\/uploads\/2023\/11\/Francesco-De-Molfetta-Studio-Rossetti-Arte-Contemporanea-02.jpg","keywords":["Francesco De Molfetta"],"articleSection":["Rassegna stampa"],"inLanguage":"en-US"},{"@type":"WebPage","@id":"https:\/\/www.rossettiartecontemporanea.it\/en\/parole-in-liberta-nellintervista-a-francesco-de-molfetta-in-arte-demo\/","url":"https:\/\/www.rossettiartecontemporanea.it\/en\/parole-in-liberta-nellintervista-a-francesco-de-molfetta-in-arte-demo\/","name":"Parole in libert\u00e0 nell\u2019intervista a Francesco de Molfetta, in arte DEMO - ROSSETTI arte contemporanea","isPartOf":{"@id":"https:\/\/www.rossettiartecontemporanea.it\/en\/#website"},"primaryImageOfPage":{"@id":"https:\/\/www.rossettiartecontemporanea.it\/en\/parole-in-liberta-nellintervista-a-francesco-de-molfetta-in-arte-demo\/#primaryimage"},"image":{"@id":"https:\/\/www.rossettiartecontemporanea.it\/en\/parole-in-liberta-nellintervista-a-francesco-de-molfetta-in-arte-demo\/#primaryimage"},"thumbnailUrl":"https:\/\/www.rossettiartecontemporanea.it\/wp-content\/uploads\/2023\/11\/Francesco-De-Molfetta-Studio-Rossetti-Arte-Contemporanea-02.jpg","datePublished":"2016-01-20T09:22:16+00:00","dateModified":"2024-01-18T11:16:22+00:00","breadcrumb":{"@id":"https:\/\/www.rossettiartecontemporanea.it\/en\/parole-in-liberta-nellintervista-a-francesco-de-molfetta-in-arte-demo\/#breadcrumb"},"inLanguage":"en-US","potentialAction":[{"@type":"ReadAction","target":["https:\/\/www.rossettiartecontemporanea.it\/en\/parole-in-liberta-nellintervista-a-francesco-de-molfetta-in-arte-demo\/"]}]},{"@type":"ImageObject","inLanguage":"en-US","@id":"https:\/\/www.rossettiartecontemporanea.it\/en\/parole-in-liberta-nellintervista-a-francesco-de-molfetta-in-arte-demo\/#primaryimage","url":"https:\/\/www.rossettiartecontemporanea.it\/wp-content\/uploads\/2023\/11\/Francesco-De-Molfetta-Studio-Rossetti-Arte-Contemporanea-02.jpg","contentUrl":"https:\/\/www.rossettiartecontemporanea.it\/wp-content\/uploads\/2023\/11\/Francesco-De-Molfetta-Studio-Rossetti-Arte-Contemporanea-02.jpg","width":1920,"height":1280,"caption":"Francesco De Molfetta - Rossetti Arte Contemporanea"},{"@type":"BreadcrumbList","@id":"https:\/\/www.rossettiartecontemporanea.it\/en\/parole-in-liberta-nellintervista-a-francesco-de-molfetta-in-arte-demo\/#breadcrumb","itemListElement":[{"@type":"ListItem","position":1,"name":"Home","item":"https:\/\/www.rossettiartecontemporanea.it\/en\/"},{"@type":"ListItem","position":2,"name":"Parole in libert\u00e0 nell\u2019intervista a Francesco de Molfetta, in arte DEMO"}]},{"@type":"WebSite","@id":"https:\/\/www.rossettiartecontemporanea.it\/en\/#website","url":"https:\/\/www.rossettiartecontemporanea.it\/en\/","name":"Rossetti Arte Contemporanea","description":"","publisher":{"@id":"https:\/\/www.rossettiartecontemporanea.it\/en\/#organization"},"potentialAction":[{"@type":"SearchAction","target":{"@type":"EntryPoint","urlTemplate":"https:\/\/www.rossettiartecontemporanea.it\/en\/?s={search_term_string}"},"query-input":{"@type":"PropertyValueSpecification","valueRequired":true,"valueName":"search_term_string"}}],"inLanguage":"en-US"},{"@type":"Organization","@id":"https:\/\/www.rossettiartecontemporanea.it\/en\/#organization","name":"Rossetti Arte Contemporanea","url":"https:\/\/www.rossettiartecontemporanea.it\/en\/","logo":{"@type":"ImageObject","inLanguage":"en-US","@id":"https:\/\/www.rossettiartecontemporanea.it\/en\/#\/schema\/logo\/image\/","url":"https:\/\/www.rossettiartecontemporanea.it\/wp-content\/uploads\/2024\/02\/logo-Rossetti-Arte-Contemporanea-black-2x-1.png","contentUrl":"https:\/\/www.rossettiartecontemporanea.it\/wp-content\/uploads\/2024\/02\/logo-Rossetti-Arte-Contemporanea-black-2x-1.png","width":611,"height":368,"caption":"Rossetti Arte Contemporanea"},"image":{"@id":"https:\/\/www.rossettiartecontemporanea.it\/en\/#\/schema\/logo\/image\/"},"sameAs":["https:\/\/www.facebook.com\/studio.rossetti.artecontemporanea","https:\/\/www.instagram.com\/studio_rossetti\/","https:\/\/www.youtube.com\/channel\/UC94tFj8zg6UV94quz_ysdgw"]},{"@type":"Person","@id":"https:\/\/www.rossettiartecontemporanea.it\/en\/#\/schema\/person\/9074b110f3bc10dbcc7dc86655489909","name":"dpsonlineweb"}]}},"_links":{"self":[{"href":"https:\/\/www.rossettiartecontemporanea.it\/en\/wp-json\/wp\/v2\/posts\/38415","targetHints":{"allow":["GET"]}}],"collection":[{"href":"https:\/\/www.rossettiartecontemporanea.it\/en\/wp-json\/wp\/v2\/posts"}],"about":[{"href":"https:\/\/www.rossettiartecontemporanea.it\/en\/wp-json\/wp\/v2\/types\/post"}],"author":[{"embeddable":true,"href":"https:\/\/www.rossettiartecontemporanea.it\/en\/wp-json\/wp\/v2\/users\/2"}],"replies":[{"embeddable":true,"href":"https:\/\/www.rossettiartecontemporanea.it\/en\/wp-json\/wp\/v2\/comments?post=38415"}],"version-history":[{"count":9,"href":"https:\/\/www.rossettiartecontemporanea.it\/en\/wp-json\/wp\/v2\/posts\/38415\/revisions"}],"predecessor-version":[{"id":43324,"href":"https:\/\/www.rossettiartecontemporanea.it\/en\/wp-json\/wp\/v2\/posts\/38415\/revisions\/43324"}],"wp:featuredmedia":[{"embeddable":true,"href":"https:\/\/www.rossettiartecontemporanea.it\/en\/wp-json\/wp\/v2\/media\/37836"}],"wp:attachment":[{"href":"https:\/\/www.rossettiartecontemporanea.it\/en\/wp-json\/wp\/v2\/media?parent=38415"}],"wp:term":[{"taxonomy":"category","embeddable":true,"href":"https:\/\/www.rossettiartecontemporanea.it\/en\/wp-json\/wp\/v2\/categories?post=38415"},{"taxonomy":"post_tag","embeddable":true,"href":"https:\/\/www.rossettiartecontemporanea.it\/en\/wp-json\/wp\/v2\/tags?post=38415"}],"curies":[{"name":"wp","href":"https:\/\/api.w.org\/{rel}","templated":true}]}}