{"id":38420,"date":"2011-10-10T12:22:23","date_gmt":"2011-10-10T10:22:23","guid":{"rendered":"http:\/\/www.rossettiartecontemporanea.it\/?p=38420"},"modified":"2023-12-19T11:42:44","modified_gmt":"2023-12-19T10:42:44","slug":"julian-t-progetto-impact","status":"publish","type":"post","link":"https:\/\/www.rossettiartecontemporanea.it\/en\/julian-t-progetto-impact\/","title":{"rendered":"Julian T. | Progetto Impact"},"content":{"rendered":"\n<p>Tratto da: <a href=\"https:\/\/www.espoarte.net\/arte\/progetto-impact\/\" target=\"_blank\" rel=\"noreferrer noopener\">https:\/\/www.espoarte.net\/<\/a><\/p>\n\n\n\n<p><strong>INTERVISTA A CURA DI ALESSIO COTENA<\/strong><\/p>\n\n\n\n<p>Per accompagnare la mostra&nbsp;<em><strong>Impact<\/strong><\/em>&nbsp;del giovane artista<strong>&nbsp;Julian T<\/strong>. abbiamo deciso, insieme a lui, di non presentare il consueto testo critico osannante i lavori esposti ma, ispirandoci al lavoro del noto&nbsp;<strong>Hans Ulrich Obrist<\/strong>, utilizzare l\u2019intervista quale metodologia critica. In questo modo, attraverso un dialogo continuo, l\u2019artista diviene il reale protagonista della sua ricerca. Il dialogo \u00e8 inoltre un intreccio di punti di vista e di back ground: il mio, di uno storico dell\u2019arte che si confronta con il passato e con il mondo della \u201ccultura visuale\u201d, e quello di Julian, l\u2019artista, il presente, la partecipazione, l\u2019emozione.<\/p>\n\n\n\n<p><strong>Alessio Cotena:&nbsp;Direi che sarebbe una buona idea partire dall\u2019inizio. Che cos\u2019\u00e8 l\u2019impact?<\/strong><strong><br>Julian T.:<\/strong>&nbsp;L\u2019impact \u00e8 un progetto che riflette su alcune delle caratteristiche della nostra societ\u00e0. Una societ\u00e0 che oggi, pi\u00f9 che mai, d\u00e0 importanza all\u2019impatto, all\u2019esigenza di apparire, al bisogno di colpire, di uscire dalla massa e di emergere.<\/p>\n\n\n\n<p><strong>Ma quindi tu che lettura dai di questa societ\u00e0? la tua arte \u00e8 critica nei suoi confronti?<\/strong><br>No, assolutamente. In tutta la mia ricerca non c\u2019\u00e8 mai un senso di accusa nei confronti del presente, non mi interessa scendere nel merito etico della questione, mi limito ad osservarne le caratteristiche.<\/p>\n\n\n\n<p><strong>Si, in effetti dalle tue opere non traspare una presa di posizione in merito. Il tuo potrebbe, quasi, essere scambiato per un senso di superficialit\u00e0, ma credo che debba essere letto pi\u00f9 come il desiderio di lasciare all\u2019osservatore delle opere la formulazione di un giudizio ed una riflessione sul senso della contemporaneit\u00e0. Come afferma la semiotica il significato si situa al punto di incontro tra emittente e destinatario.<\/strong><br>Si infatti, al momento, non mi appartiene un forte senso critico, preferisco essere un \u201cosservatore\u201d della realt\u00e0.<\/p>\n\n\n\n<p><strong>Passando al lato tecnico dell\u2019impact, le opere che tu esponi sono il risultato di un processo, di un atto performativo, che in realt\u00e0 \u00e8 il vero senso profondo dell\u2019opera.<\/strong><br>Certo, come si pu\u00f2 ben vedere nel video della mia performance \u201cImpact 52. Biennale di Venezia\u201d. L\u2019impact \u00e8 il risultato del mio atto, che attraverso la performance si concretizza. Lo stesso evento \u00e8 in s\u00e9 un momento d\u2019impatto, di alto valore mediatico. In questo modo l\u2019opera diviene il risultato finale dell\u2019intero processo creativo. L\u2019impact \u00e8 un simbolo nel quale si pu\u00f2 trovare espresso il valore che, oggi, la societ\u00e0 attribuisce al potere dell\u2019impatto, dello shock.<\/p>\n\n\n\n<div style=\"height:15px\" aria-hidden=\"true\" class=\"wp-block-spacer\"><\/div>\n\n\n\n<figure class=\"wp-block-gallery alignwide has-nested-images columns-default is-cropped wp-block-gallery-1 is-layout-flex wp-block-gallery-is-layout-flex\">\n<figure class=\"wp-block-image size-full\"><img fetchpriority=\"high\" decoding=\"async\" width=\"650\" height=\"455\" data-id=\"38428\" src=\"https:\/\/www.rossettiartecontemporanea.it\/wp-content\/uploads\/2011\/10\/rassegna-stampa-Julian-T-Progetto-Impact.jpg\" alt=\"\" class=\"wp-image-38428\" srcset=\"https:\/\/www.rossettiartecontemporanea.it\/wp-content\/uploads\/2011\/10\/rassegna-stampa-Julian-T-Progetto-Impact.jpg 650w, https:\/\/www.rossettiartecontemporanea.it\/wp-content\/uploads\/2011\/10\/rassegna-stampa-Julian-T-Progetto-Impact-300x210.jpg 300w, https:\/\/www.rossettiartecontemporanea.it\/wp-content\/uploads\/2011\/10\/rassegna-stampa-Julian-T-Progetto-Impact-370x259.jpg 370w, https:\/\/www.rossettiartecontemporanea.it\/wp-content\/uploads\/2011\/10\/rassegna-stampa-Julian-T-Progetto-Impact-410x287.jpg 410w\" sizes=\"(max-width: 650px) 100vw, 650px\" \/><\/figure>\n<\/figure>\n\n\n\n<div style=\"height:15px\" aria-hidden=\"true\" class=\"wp-block-spacer\"><\/div>\n\n\n\n<p><strong>\u00c8 affascinante questa tua definizione dell\u2019impact, in qualche modo ci riporta alla semiotica. L\u2019impact, nella sua dimensione materiale di immagine come \u201cmacchia\u201d, divine un segno in quanto rimanda all\u2019accaduto: l\u2019atto performativo. Oltre che come simbolo, secondo me, pu\u00f2 essere letto anche come un segno indicale, come ci ricordano le ricerche di Rosalind Krauss sulla fotografia analogica. L\u2019impact, inteso come opera, non \u00e8 altro che il risultato materiale, fisico del processo artistico: una sorta d\u2019impronta artistica della tua ricerca creativa.<\/strong><br>\u00c8 per questo motivo che ho deciso anche di ricostruire il mio studio e di mostrare le fotografie mentre realizzo le opere. In questo modo voglio fare partecipe l\u2019osservatore alla mia creazione\u2026<\/p>\n\n\n\n<p><strong>Julian T.&nbsp;<em>Impact<\/em><br>a cura di Alessio Cotena<br>Sala consiliare di Celle Ligure<\/strong><br><strong>Via Stefano Boagno, Celle Ligure (SV)<\/strong><br><strong>17 \u2013 23 ottobre 2011<\/strong><br><strong>Info:&nbsp;<a href=\"mailto:biblioteca@comunecelle.it\" target=\"_blank\" rel=\"noreferrer noopener\">biblioteca@comunecelle.it<\/a><\/strong><br><strong><a href=\"https:\/\/www.comunecelle.it\/\" target=\"_blank\" rel=\"noreferrer noopener\">www.comunecelle.it<\/a><\/strong><\/p>\n\n\n\n<div style=\"height:15px\" aria-hidden=\"true\" class=\"wp-block-spacer\"><\/div>\n","protected":false},"excerpt":{"rendered":"<p>Tratto da: https:\/\/www.espoarte.net\/ INTERVISTA A CURA DI ALESSIO COTENA Per accompagnare la mostra&nbsp;Impact&nbsp;del giovane artista&nbsp;Julian T. abbiamo deciso, insieme a lui, di non presentare il consueto testo critico osannante i&hellip;<\/p>\n","protected":false},"author":2,"featured_media":35836,"comment_status":"closed","ping_status":"open","sticky":false,"template":"","format":"standard","meta":{"_acf_changed":false,"footnotes":""},"categories":[351],"tags":[311,376],"class_list":["post-38420","post","type-post","status-publish","format-standard","has-post-thumbnail","hentry","category-rassegna-stampa","tag-julian-t","tag-mostre"],"acf":[],"yoast_head":"<!-- This site is optimized with the Yoast SEO plugin v25.1 - https:\/\/yoast.com\/wordpress\/plugins\/seo\/ -->\n<title>Julian T. | Progetto Impact - ROSSETTI arte contemporanea<\/title>\n<meta name=\"robots\" content=\"index, follow, max-snippet:-1, max-image-preview:large, max-video-preview:-1\" \/>\n<link rel=\"canonical\" href=\"https:\/\/www.rossettiartecontemporanea.it\/en\/julian-t-progetto-impact\/\" \/>\n<meta property=\"og:locale\" content=\"en_US\" \/>\n<meta property=\"og:type\" content=\"article\" \/>\n<meta property=\"og:title\" content=\"Julian T. | Progetto Impact - ROSSETTI arte contemporanea\" \/>\n<meta property=\"og:description\" content=\"Tratto da: https:\/\/www.espoarte.net\/ INTERVISTA A CURA DI ALESSIO COTENA Per accompagnare la mostra&nbsp;Impact&nbsp;del giovane artista&nbsp;Julian T. abbiamo deciso, insieme a lui, di non presentare il consueto testo critico osannante i&hellip;\" \/>\n<meta property=\"og:url\" content=\"https:\/\/www.rossettiartecontemporanea.it\/en\/julian-t-progetto-impact\/\" \/>\n<meta property=\"og:site_name\" content=\"ROSSETTI arte contemporanea\" \/>\n<meta property=\"article:publisher\" content=\"https:\/\/www.facebook.com\/studio.rossetti.artecontemporanea\" \/>\n<meta property=\"article:published_time\" content=\"2011-10-10T10:22:23+00:00\" \/>\n<meta property=\"article:modified_time\" content=\"2023-12-19T10:42:44+00:00\" \/>\n<meta property=\"og:image\" content=\"https:\/\/www.rossettiartecontemporanea.it\/wp-content\/uploads\/2023\/11\/Julian-T-Impact-Alchimia-Rubedo-Studio-Rossetti-Arte-Contemporanea.jpg\" \/>\n\t<meta property=\"og:image:width\" content=\"1800\" \/>\n\t<meta property=\"og:image:height\" content=\"1808\" \/>\n\t<meta property=\"og:image:type\" content=\"image\/jpeg\" \/>\n<meta name=\"author\" content=\"dpsonlineweb\" \/>\n<meta name=\"twitter:card\" content=\"summary_large_image\" \/>\n<meta name=\"twitter:label1\" content=\"Written by\" \/>\n\t<meta name=\"twitter:data1\" content=\"dpsonlineweb\" \/>\n\t<meta name=\"twitter:label2\" content=\"Est. reading time\" \/>\n\t<meta name=\"twitter:data2\" content=\"4 minutes\" \/>\n<script type=\"application\/ld+json\" class=\"yoast-schema-graph\">{\"@context\":\"https:\/\/schema.org\",\"@graph\":[{\"@type\":\"Article\",\"@id\":\"https:\/\/www.rossettiartecontemporanea.it\/en\/julian-t-progetto-impact\/#article\",\"isPartOf\":{\"@id\":\"https:\/\/www.rossettiartecontemporanea.it\/en\/julian-t-progetto-impact\/\"},\"author\":{\"name\":\"dpsonlineweb\",\"@id\":\"https:\/\/www.rossettiartecontemporanea.it\/en\/#\/schema\/person\/9074b110f3bc10dbcc7dc86655489909\"},\"headline\":\"Julian T. | Progetto Impact\",\"datePublished\":\"2011-10-10T10:22:23+00:00\",\"dateModified\":\"2023-12-19T10:42:44+00:00\",\"mainEntityOfPage\":{\"@id\":\"https:\/\/www.rossettiartecontemporanea.it\/en\/julian-t-progetto-impact\/\"},\"wordCount\":565,\"publisher\":{\"@id\":\"https:\/\/www.rossettiartecontemporanea.it\/en\/#organization\"},\"image\":{\"@id\":\"https:\/\/www.rossettiartecontemporanea.it\/en\/julian-t-progetto-impact\/#primaryimage\"},\"thumbnailUrl\":\"https:\/\/www.rossettiartecontemporanea.it\/wp-content\/uploads\/2023\/11\/Julian-T-Impact-Alchimia-Rubedo-Studio-Rossetti-Arte-Contemporanea.jpg\",\"keywords\":[\"Julian T.\",\"Mostre\"],\"articleSection\":[\"Rassegna stampa\"],\"inLanguage\":\"en-US\"},{\"@type\":\"WebPage\",\"@id\":\"https:\/\/www.rossettiartecontemporanea.it\/en\/julian-t-progetto-impact\/\",\"url\":\"https:\/\/www.rossettiartecontemporanea.it\/en\/julian-t-progetto-impact\/\",\"name\":\"Julian T. | Progetto Impact - ROSSETTI arte contemporanea\",\"isPartOf\":{\"@id\":\"https:\/\/www.rossettiartecontemporanea.it\/en\/#website\"},\"primaryImageOfPage\":{\"@id\":\"https:\/\/www.rossettiartecontemporanea.it\/en\/julian-t-progetto-impact\/#primaryimage\"},\"image\":{\"@id\":\"https:\/\/www.rossettiartecontemporanea.it\/en\/julian-t-progetto-impact\/#primaryimage\"},\"thumbnailUrl\":\"https:\/\/www.rossettiartecontemporanea.it\/wp-content\/uploads\/2023\/11\/Julian-T-Impact-Alchimia-Rubedo-Studio-Rossetti-Arte-Contemporanea.jpg\",\"datePublished\":\"2011-10-10T10:22:23+00:00\",\"dateModified\":\"2023-12-19T10:42:44+00:00\",\"breadcrumb\":{\"@id\":\"https:\/\/www.rossettiartecontemporanea.it\/en\/julian-t-progetto-impact\/#breadcrumb\"},\"inLanguage\":\"en-US\",\"potentialAction\":[{\"@type\":\"ReadAction\",\"target\":[\"https:\/\/www.rossettiartecontemporanea.it\/en\/julian-t-progetto-impact\/\"]}]},{\"@type\":\"ImageObject\",\"inLanguage\":\"en-US\",\"@id\":\"https:\/\/www.rossettiartecontemporanea.it\/en\/julian-t-progetto-impact\/#primaryimage\",\"url\":\"https:\/\/www.rossettiartecontemporanea.it\/wp-content\/uploads\/2023\/11\/Julian-T-Impact-Alchimia-Rubedo-Studio-Rossetti-Arte-Contemporanea.jpg\",\"contentUrl\":\"https:\/\/www.rossettiartecontemporanea.it\/wp-content\/uploads\/2023\/11\/Julian-T-Impact-Alchimia-Rubedo-Studio-Rossetti-Arte-Contemporanea.jpg\",\"width\":1800,\"height\":1808},{\"@type\":\"BreadcrumbList\",\"@id\":\"https:\/\/www.rossettiartecontemporanea.it\/en\/julian-t-progetto-impact\/#breadcrumb\",\"itemListElement\":[{\"@type\":\"ListItem\",\"position\":1,\"name\":\"Home\",\"item\":\"https:\/\/www.rossettiartecontemporanea.it\/en\/\"},{\"@type\":\"ListItem\",\"position\":2,\"name\":\"Julian T. | Progetto Impact\"}]},{\"@type\":\"WebSite\",\"@id\":\"https:\/\/www.rossettiartecontemporanea.it\/en\/#website\",\"url\":\"https:\/\/www.rossettiartecontemporanea.it\/en\/\",\"name\":\"Rossetti Arte Contemporanea\",\"description\":\"\",\"publisher\":{\"@id\":\"https:\/\/www.rossettiartecontemporanea.it\/en\/#organization\"},\"potentialAction\":[{\"@type\":\"SearchAction\",\"target\":{\"@type\":\"EntryPoint\",\"urlTemplate\":\"https:\/\/www.rossettiartecontemporanea.it\/en\/?s={search_term_string}\"},\"query-input\":{\"@type\":\"PropertyValueSpecification\",\"valueRequired\":true,\"valueName\":\"search_term_string\"}}],\"inLanguage\":\"en-US\"},{\"@type\":\"Organization\",\"@id\":\"https:\/\/www.rossettiartecontemporanea.it\/en\/#organization\",\"name\":\"Rossetti Arte Contemporanea\",\"url\":\"https:\/\/www.rossettiartecontemporanea.it\/en\/\",\"logo\":{\"@type\":\"ImageObject\",\"inLanguage\":\"en-US\",\"@id\":\"https:\/\/www.rossettiartecontemporanea.it\/en\/#\/schema\/logo\/image\/\",\"url\":\"https:\/\/www.rossettiartecontemporanea.it\/wp-content\/uploads\/2024\/02\/logo-Rossetti-Arte-Contemporanea-black-2x-1.png\",\"contentUrl\":\"https:\/\/www.rossettiartecontemporanea.it\/wp-content\/uploads\/2024\/02\/logo-Rossetti-Arte-Contemporanea-black-2x-1.png\",\"width\":611,\"height\":368,\"caption\":\"Rossetti Arte Contemporanea\"},\"image\":{\"@id\":\"https:\/\/www.rossettiartecontemporanea.it\/en\/#\/schema\/logo\/image\/\"},\"sameAs\":[\"https:\/\/www.facebook.com\/studio.rossetti.artecontemporanea\",\"https:\/\/www.instagram.com\/studio_rossetti\/\",\"https:\/\/www.youtube.com\/channel\/UC94tFj8zg6UV94quz_ysdgw\"]},{\"@type\":\"Person\",\"@id\":\"https:\/\/www.rossettiartecontemporanea.it\/en\/#\/schema\/person\/9074b110f3bc10dbcc7dc86655489909\",\"name\":\"dpsonlineweb\"}]}<\/script>\n<!-- \/ Yoast SEO plugin. -->","yoast_head_json":{"title":"Julian T. | Progetto Impact - ROSSETTI arte contemporanea","robots":{"index":"index","follow":"follow","max-snippet":"max-snippet:-1","max-image-preview":"max-image-preview:large","max-video-preview":"max-video-preview:-1"},"canonical":"https:\/\/www.rossettiartecontemporanea.it\/en\/julian-t-progetto-impact\/","og_locale":"en_US","og_type":"article","og_title":"Julian T. | Progetto Impact - ROSSETTI arte contemporanea","og_description":"Tratto da: https:\/\/www.espoarte.net\/ INTERVISTA A CURA DI ALESSIO COTENA Per accompagnare la mostra&nbsp;Impact&nbsp;del giovane artista&nbsp;Julian T. abbiamo deciso, insieme a lui, di non presentare il consueto testo critico osannante i&hellip;","og_url":"https:\/\/www.rossettiartecontemporanea.it\/en\/julian-t-progetto-impact\/","og_site_name":"ROSSETTI arte contemporanea","article_publisher":"https:\/\/www.facebook.com\/studio.rossetti.artecontemporanea","article_published_time":"2011-10-10T10:22:23+00:00","article_modified_time":"2023-12-19T10:42:44+00:00","og_image":[{"width":1800,"height":1808,"url":"https:\/\/www.rossettiartecontemporanea.it\/wp-content\/uploads\/2023\/11\/Julian-T-Impact-Alchimia-Rubedo-Studio-Rossetti-Arte-Contemporanea.jpg","type":"image\/jpeg"}],"author":"dpsonlineweb","twitter_card":"summary_large_image","twitter_misc":{"Written by":"dpsonlineweb","Est. reading time":"4 minutes"},"schema":{"@context":"https:\/\/schema.org","@graph":[{"@type":"Article","@id":"https:\/\/www.rossettiartecontemporanea.it\/en\/julian-t-progetto-impact\/#article","isPartOf":{"@id":"https:\/\/www.rossettiartecontemporanea.it\/en\/julian-t-progetto-impact\/"},"author":{"name":"dpsonlineweb","@id":"https:\/\/www.rossettiartecontemporanea.it\/en\/#\/schema\/person\/9074b110f3bc10dbcc7dc86655489909"},"headline":"Julian T. | Progetto Impact","datePublished":"2011-10-10T10:22:23+00:00","dateModified":"2023-12-19T10:42:44+00:00","mainEntityOfPage":{"@id":"https:\/\/www.rossettiartecontemporanea.it\/en\/julian-t-progetto-impact\/"},"wordCount":565,"publisher":{"@id":"https:\/\/www.rossettiartecontemporanea.it\/en\/#organization"},"image":{"@id":"https:\/\/www.rossettiartecontemporanea.it\/en\/julian-t-progetto-impact\/#primaryimage"},"thumbnailUrl":"https:\/\/www.rossettiartecontemporanea.it\/wp-content\/uploads\/2023\/11\/Julian-T-Impact-Alchimia-Rubedo-Studio-Rossetti-Arte-Contemporanea.jpg","keywords":["Julian T.","Mostre"],"articleSection":["Rassegna stampa"],"inLanguage":"en-US"},{"@type":"WebPage","@id":"https:\/\/www.rossettiartecontemporanea.it\/en\/julian-t-progetto-impact\/","url":"https:\/\/www.rossettiartecontemporanea.it\/en\/julian-t-progetto-impact\/","name":"Julian T. | Progetto Impact - ROSSETTI arte contemporanea","isPartOf":{"@id":"https:\/\/www.rossettiartecontemporanea.it\/en\/#website"},"primaryImageOfPage":{"@id":"https:\/\/www.rossettiartecontemporanea.it\/en\/julian-t-progetto-impact\/#primaryimage"},"image":{"@id":"https:\/\/www.rossettiartecontemporanea.it\/en\/julian-t-progetto-impact\/#primaryimage"},"thumbnailUrl":"https:\/\/www.rossettiartecontemporanea.it\/wp-content\/uploads\/2023\/11\/Julian-T-Impact-Alchimia-Rubedo-Studio-Rossetti-Arte-Contemporanea.jpg","datePublished":"2011-10-10T10:22:23+00:00","dateModified":"2023-12-19T10:42:44+00:00","breadcrumb":{"@id":"https:\/\/www.rossettiartecontemporanea.it\/en\/julian-t-progetto-impact\/#breadcrumb"},"inLanguage":"en-US","potentialAction":[{"@type":"ReadAction","target":["https:\/\/www.rossettiartecontemporanea.it\/en\/julian-t-progetto-impact\/"]}]},{"@type":"ImageObject","inLanguage":"en-US","@id":"https:\/\/www.rossettiartecontemporanea.it\/en\/julian-t-progetto-impact\/#primaryimage","url":"https:\/\/www.rossettiartecontemporanea.it\/wp-content\/uploads\/2023\/11\/Julian-T-Impact-Alchimia-Rubedo-Studio-Rossetti-Arte-Contemporanea.jpg","contentUrl":"https:\/\/www.rossettiartecontemporanea.it\/wp-content\/uploads\/2023\/11\/Julian-T-Impact-Alchimia-Rubedo-Studio-Rossetti-Arte-Contemporanea.jpg","width":1800,"height":1808},{"@type":"BreadcrumbList","@id":"https:\/\/www.rossettiartecontemporanea.it\/en\/julian-t-progetto-impact\/#breadcrumb","itemListElement":[{"@type":"ListItem","position":1,"name":"Home","item":"https:\/\/www.rossettiartecontemporanea.it\/en\/"},{"@type":"ListItem","position":2,"name":"Julian T. | Progetto Impact"}]},{"@type":"WebSite","@id":"https:\/\/www.rossettiartecontemporanea.it\/en\/#website","url":"https:\/\/www.rossettiartecontemporanea.it\/en\/","name":"Rossetti Arte Contemporanea","description":"","publisher":{"@id":"https:\/\/www.rossettiartecontemporanea.it\/en\/#organization"},"potentialAction":[{"@type":"SearchAction","target":{"@type":"EntryPoint","urlTemplate":"https:\/\/www.rossettiartecontemporanea.it\/en\/?s={search_term_string}"},"query-input":{"@type":"PropertyValueSpecification","valueRequired":true,"valueName":"search_term_string"}}],"inLanguage":"en-US"},{"@type":"Organization","@id":"https:\/\/www.rossettiartecontemporanea.it\/en\/#organization","name":"Rossetti Arte Contemporanea","url":"https:\/\/www.rossettiartecontemporanea.it\/en\/","logo":{"@type":"ImageObject","inLanguage":"en-US","@id":"https:\/\/www.rossettiartecontemporanea.it\/en\/#\/schema\/logo\/image\/","url":"https:\/\/www.rossettiartecontemporanea.it\/wp-content\/uploads\/2024\/02\/logo-Rossetti-Arte-Contemporanea-black-2x-1.png","contentUrl":"https:\/\/www.rossettiartecontemporanea.it\/wp-content\/uploads\/2024\/02\/logo-Rossetti-Arte-Contemporanea-black-2x-1.png","width":611,"height":368,"caption":"Rossetti Arte Contemporanea"},"image":{"@id":"https:\/\/www.rossettiartecontemporanea.it\/en\/#\/schema\/logo\/image\/"},"sameAs":["https:\/\/www.facebook.com\/studio.rossetti.artecontemporanea","https:\/\/www.instagram.com\/studio_rossetti\/","https:\/\/www.youtube.com\/channel\/UC94tFj8zg6UV94quz_ysdgw"]},{"@type":"Person","@id":"https:\/\/www.rossettiartecontemporanea.it\/en\/#\/schema\/person\/9074b110f3bc10dbcc7dc86655489909","name":"dpsonlineweb"}]}},"_links":{"self":[{"href":"https:\/\/www.rossettiartecontemporanea.it\/en\/wp-json\/wp\/v2\/posts\/38420","targetHints":{"allow":["GET"]}}],"collection":[{"href":"https:\/\/www.rossettiartecontemporanea.it\/en\/wp-json\/wp\/v2\/posts"}],"about":[{"href":"https:\/\/www.rossettiartecontemporanea.it\/en\/wp-json\/wp\/v2\/types\/post"}],"author":[{"embeddable":true,"href":"https:\/\/www.rossettiartecontemporanea.it\/en\/wp-json\/wp\/v2\/users\/2"}],"replies":[{"embeddable":true,"href":"https:\/\/www.rossettiartecontemporanea.it\/en\/wp-json\/wp\/v2\/comments?post=38420"}],"version-history":[{"count":4,"href":"https:\/\/www.rossettiartecontemporanea.it\/en\/wp-json\/wp\/v2\/posts\/38420\/revisions"}],"predecessor-version":[{"id":38770,"href":"https:\/\/www.rossettiartecontemporanea.it\/en\/wp-json\/wp\/v2\/posts\/38420\/revisions\/38770"}],"wp:featuredmedia":[{"embeddable":true,"href":"https:\/\/www.rossettiartecontemporanea.it\/en\/wp-json\/wp\/v2\/media\/35836"}],"wp:attachment":[{"href":"https:\/\/www.rossettiartecontemporanea.it\/en\/wp-json\/wp\/v2\/media?parent=38420"}],"wp:term":[{"taxonomy":"category","embeddable":true,"href":"https:\/\/www.rossettiartecontemporanea.it\/en\/wp-json\/wp\/v2\/categories?post=38420"},{"taxonomy":"post_tag","embeddable":true,"href":"https:\/\/www.rossettiartecontemporanea.it\/en\/wp-json\/wp\/v2\/tags?post=38420"}],"curies":[{"name":"wp","href":"https:\/\/api.w.org\/{rel}","templated":true}]}}