{"id":38431,"date":"2014-07-07T12:42:52","date_gmt":"2014-07-07T10:42:52","guid":{"rendered":"http:\/\/www.rossettiartecontemporanea.it\/?p=38431"},"modified":"2023-12-06T14:09:42","modified_gmt":"2023-12-06T13:09:42","slug":"lintervista-a-davide-puma","status":"publish","type":"post","link":"https:\/\/www.rossettiartecontemporanea.it\/en\/lintervista-a-davide-puma\/","title":{"rendered":"L\u2019intervista a Davide Puma"},"content":{"rendered":"\n<p>Tratto da: <a href=\"https:\/\/www.lestroverso.it\/lintervista-a-davide-puma\/\" target=\"_blank\" rel=\"noreferrer noopener\">https:\/\/www.lestroverso.it\/<\/a><\/p>\n\n\n\n<p>2014, ANNO VIII &#8211; NUMERO 2, ARTE &amp; CREATIVIT\u00c0, MAGGIO &#8211; AGOSTO, SOMMARIO L&#8217;ESTROVERSO<br>Grazia Calanna<br>Luglio 7, 2014<\/p>\n\n\n\n<p><strong><em>\u201cL\u2019arte ha il compito di portare poesia e bellezza come elementi rigeneranti\u201d<\/em><\/strong><\/p>\n\n\n\n<p>Esplorazione, raccoglimento, ricongiunzione nel segno distintivo (mai scontato) di un linguaggio unitario (quello dell\u2019arte) incardinato sul desiderio di svelare l\u2019inconoscibile attingendo (con sorprendente curiosit\u00e0) alla tavolozza del creato. Tratti intinti nella sostanza di un credo mai pago che, senza tralasciare l\u2019impercettibile, l\u2019incorporeo, l\u2019etereo, si materializza nell\u2019energico perimetro di figure adamantine. Parliamo di Davide Puma, artista sanremese, classe \u201971, che abbiamo intervistato e del quale, attualmente, riferimento in Italia \u00e8 la \u201cGalleria Gagliardi\u201d di San Gimignano, in provincia di Siena.<\/p>\n\n\n\n<figure class=\"wp-block-gallery alignwide has-nested-images columns-default is-cropped wp-block-gallery-1 is-layout-flex wp-block-gallery-is-layout-flex\">\n<figure class=\"wp-block-image size-large\"><img fetchpriority=\"high\" decoding=\"async\" width=\"1024\" height=\"768\" data-id=\"38451\" src=\"https:\/\/www.rossettiartecontemporanea.it\/wp-content\/uploads\/2014\/07\/rassegna-stampa-Lintervista-a-Davide-Puma-1024x768.jpg\" alt=\"\" class=\"wp-image-38451\" srcset=\"https:\/\/www.rossettiartecontemporanea.it\/wp-content\/uploads\/2014\/07\/rassegna-stampa-Lintervista-a-Davide-Puma-1024x768.jpg 1024w, https:\/\/www.rossettiartecontemporanea.it\/wp-content\/uploads\/2014\/07\/rassegna-stampa-Lintervista-a-Davide-Puma-300x225.jpg 300w, https:\/\/www.rossettiartecontemporanea.it\/wp-content\/uploads\/2014\/07\/rassegna-stampa-Lintervista-a-Davide-Puma-768x576.jpg 768w, https:\/\/www.rossettiartecontemporanea.it\/wp-content\/uploads\/2014\/07\/rassegna-stampa-Lintervista-a-Davide-Puma-1536x1152.jpg 1536w, https:\/\/www.rossettiartecontemporanea.it\/wp-content\/uploads\/2014\/07\/rassegna-stampa-Lintervista-a-Davide-Puma-370x278.jpg 370w, https:\/\/www.rossettiartecontemporanea.it\/wp-content\/uploads\/2014\/07\/rassegna-stampa-Lintervista-a-Davide-Puma-840x630.jpg 840w, https:\/\/www.rossettiartecontemporanea.it\/wp-content\/uploads\/2014\/07\/rassegna-stampa-Lintervista-a-Davide-Puma-410x308.jpg 410w, https:\/\/www.rossettiartecontemporanea.it\/wp-content\/uploads\/2014\/07\/rassegna-stampa-Lintervista-a-Davide-Puma.jpg 1600w\" sizes=\"(max-width: 1024px) 100vw, 1024px\" \/><\/figure>\n<\/figure>\n\n\n\n<p><strong>In tre aggettivi, chi \u00e8 Davide Puma?<\/strong><\/p>\n\n\n\n<p><strong>DP \u2013<\/strong>&nbsp;\u201cUno, nessuno e centomila\u201d, risponde sorridendo.<\/p>\n\n\n\n<p><strong>Qual \u00e8 (o quale potrebbe essere) l\u2019aneddoto che meglio ti rappresenta?<\/strong><\/p>\n\n\n\n<p><strong>DP \u2013<\/strong>&nbsp;Mi viene subito in mente la prima volta che ho dipinto una mucca, a Bardineto, durante un concorso in estemporanea. Invece di scegliermi, come tutti, la veduta del paese, o uno scorcio della chiesa, ho deciso di piazzare il mio cavalletto al centro di un pascolo di mucche. Immaginate lo scenario, la foschia che saliva dalla valle, il silenzio surreale, i movimenti lenti e pesanti di quegli animali che guardavano a giusta distanza. Qualcuna a volte si avvicinava un po\u2019 troppo e mentre ero intento a dipingere, l\u2019allontanavo con versi sventolando la tavolozza davanti. L\u00ec ho avvertito, per la prima volta, la possibilit\u00e0, con la pittura, di trascendere l\u2019immagine, di creare un linguaggio che va dentro alle cose mostrandone la parte invisibile.<\/p>\n\n\n\n<p><strong>Com\u2019\u00e8 nata (e cosa alimenta) la tua passione per l\u2019arte?<\/strong><\/p>\n\n\n\n<p><strong>DP<\/strong>&nbsp;\u2013 \u00c8 nata come per tanti, da bambino, con disegni fatti a casa e a scuola. Nella mia libreria ricordo una enciclopedia che trattava i musei pi\u00f9 importanti del mondo. Sfogliavo le immagini con entusiasmo libero dal sapere i nomi e correnti artistiche, non ne avevo bisogno. Ritornavo spesso sull\u2019immagine di un dipinto di Rembrandt, \u201cLa ronda di notte\u201d, affascinato dalle due figure centrali, soprattutto dal cavaliere con la divisa dorata. Crescendo il mio interesse si era spostato su altro; lo sport, la letteratura e lo studio della musica. Solo all\u2019et\u00e0 di 34 anni \u00e8 maturata in me la convinzione che la pittura potesse essere la mia nuova via. Ho avuto subito l\u2019impressione di trovarmi a mio agio di fronte alle cose e al mondo. Da allora c\u2019\u00e8 una continua ricerca, unita alla studio della storia dell\u2019arte. I miei viaggi girano sempre intorno a musei, chiese e palazzi. \u00c8 l\u2019arte stessa che mi alimenta e mi rimette in circolo, cos\u00ec come la contemplazione della natura.<\/p>\n\n\n\n<p><strong>Per Vincent Van Gogh \u201cl\u2019arte \u00e8 l\u2019uomo aggiunto alla natura \u2013 natura, realt\u00e0, verit\u00e0. Ma col significato, il concetto, il carattere che l\u2019artista sa trarne, che libera e interpreta\u201d, per Davide Puma?<\/strong><\/p>\n\n\n\n<p><strong>DP \u2013<\/strong>&nbsp;Penso ad una citazione del filosofo tedesco LudwigFeuerbach: \u00abSiamo situati all\u2019interno della natura; e dovrebbe essere posta fuori di essa la nostra origine? Viviamo nella natura, con la natura, dovremmo tuttavia non essere derivati da essa? Quale contraddizione!\u00bb. L\u2019arte \u00e8 l\u2019espansione del pensiero umano e questa dilatazione partorisce con una velocit\u00e0 sorprendente nuovi canoni di cultura, ma dove attinge se non dalla Natura, dallo Spirito e da se stessa?<\/p>\n\n\n\n<p><strong>Osservando alcuni dei tuoi \u201cluoghi\u201d, delle tue tele, sovviene una riflessione di Romano Battaglia: \u201cC\u2019\u00e8 un luogo dove la pace della natura filtra in noi come la luce del sole tra gli alberi. Dove i venti ci comunicano la loro forza e gli affanni si staccano da noi come foglie\u201d. \u00c8 corretto considerarlo uno dei tuoi leitmotiv o, cos\u00ec non fosse, potresti parlarci dei tuoi \u201cmotivi conduttori\u201d?<\/strong><\/p>\n\n\n\n<p><strong>DP \u2013<\/strong>&nbsp;Devo dire che negli anni si \u00e8 fatta molta pulizia a riguardo. Ho cominciato dipingendo giacche pantaloni, camice appese e scarpe da ginnastica oppure macchine da scrivere, pi\u00f9 volte la stessa Olivetti 56. Mi rendo conto che erano dei soggetti vicini al mio quotidiano che sono serviti come pretesto per entrare nell\u2019universo della pittura. Come dire: \u201cPrima le gambe devono diventare forti e robuste e poi si pu\u00f2 cominciare il viaggio\u201d. Ora, guardando i quasi dieci anni di pittura, vedo che in ogni mostra personale ho voluto trattare il rapporto dell\u2019uomo con la natura, con il cosmo e con se stesso. Intravvedo nella ricongiunzione al tessuto primario l\u2019unica via possibile per la salvezza non solo del genere umano ma del pianeta intero.<\/p>\n\n\n\n<p><strong>La nascita di ogni tua opera \u00e8 il frutto di\u2026?<\/strong><\/p>\n\n\n\n<p><strong>DP \u2013<\/strong>&nbsp;&nbsp; \u2026una visione, che io tengo nella mente per un po\u2019, la modello prima di metterla su carta sotto forma di bozzetto. Il disegno mi aiuta a visualizzare l\u2019opera sulla tela nella cromatica e nella composizione. Non c\u2019\u00e8 un unico atteggiamento nella creativit\u00e0, a volte pensare ad una composizione pittorica esclude dal sentire e il pathos, quello importante, esce fuori durante la creazione stessa.<\/p>\n\n\n\n<p><strong>Con quale \u201catteggiamento\u201d vivi l\u2019idea di fede e con essa quelle di morte, fato e\/o casualit\u00e0?<\/strong><\/p>\n\n\n\n<p><strong>DP \u2013<\/strong>&nbsp;Il mio rapporto con il divino \u00e8 quotidiano e costante, vi \u00e8 un dialogo ininterrotto che mi aiuta a mantenere la rotta nel mio viaggiare. Il mio lavoro \u00e8 principalmente fatto nella solitudine. \u00c8 rivolto ad un mondo invisibile da cui attingo idee o ispirazioni. Tutto \u00e8 in continuo divenire, ogni stato dell\u2019esistenza e ogni forma dentro essa, fa parte di un costante processo di cambiamento. Credo nella consapevolezza pi\u00f9 che nella gioia o nella malinconia. Il mio lavoro ha un linguaggio universale ma non parla mai di morte, sono interessato e affascinato piuttosto al mistero dell\u2019esistenza. Penso che facciamo parte di un enorme e unico tessuto in continuo divenire dove la casualit\u00e0 si manifesta dentro al destino creando le sfumature o il modo in cui gli eventi si debbano compiere. Quando lavoro su un\u2019opera arriva il momento in cui partecipa la casualit\u00e0 del gesto e del segno, non c\u2019\u00e8 pi\u00f9 il controllo ma mi affido all\u2019imprevedibilit\u00e0.<\/p>\n\n\n\n<p><strong>Oggigiorno qual \u00e8 (o quale dovrebbe essere) la funzione dell\u2019arte e quali responsabilit\u00e0 deve (o &nbsp;dovrebbe) assumersi?<\/strong><\/p>\n\n\n\n<p><strong>DP \u2013<\/strong>&nbsp;L\u2019arte \u00e8 sempre stata al servizio del genere umano, e man mano che cambiavano le domande cambiavano anche le risposte. Nel secolo passato c\u2019\u00e8 stato uno stravolgimento radicale, da Duchamp in poi tutto \u00e8 paradossalmente arte. Con l\u2019avvento di internet l\u2019arte \u00e8 praticamente ovunque. Come uno specchio del nostro presente, ci dice chi siamo, che periodo stiamo attraversando, consegna una chiave di lettura dello stato di salute della nostra societ\u00e0. Qualche giorno fa vedendo una foto di Damien Hirst affianco ad una sua opera che consisteva in una mucca vera, impiccata e squartata, con le interiora ai suoi piedi, ho avuto un forte shock e la mia prima emozione \u00e8 stata quella di rabbia nei confronti dell\u2019artista. Poi, a freddo, ho affrontato l\u2019argomento e mi sono reso conto che quell\u2019opera aveva ottenuto l\u2019effetto voluto, quello di mettere in faccia una scomoda realt\u00e0 dei nostri tempi. Lo sfruttamento degli animali dai macelli alla vivisezione. Ecco l\u2019arte oggi ha anche questo compito, scioccare perche il livello di indifferenza al disagio e al dolore si \u00e8 alzato di parecchio. Il pianeta \u00e8 ferito, e la ferita \u00e8 una bocca che ti parla, se solo la sapessimo ascoltare. Ma l\u2019arte ha comunque, sempre, il compito di portare poesia e bellezza come elementi rigeneranti per dare speranza.<\/p>\n\n\n\n<p><strong>Progetti in corso, imminenti e futuri.<\/strong><\/p>\n\n\n\n<p><strong>DP \u2013<\/strong>&nbsp;In questi giorni \u00e8 stato inaugurato nella cattedrale di Ventimiglia un mio dipinto di grande dimensione che rappresenta il Beato Tommaso Reggio. Fu una figura importante in Italia nella seconda met\u00e0 dell\u2019800. Diede vita al primo giornale cattolico. Fond\u00f2 la congregazione delle suore di Santa Marta ed ebbe, a fine secolo, la nomina di vescovo di Ventimiglia e, in seguito, di Arcivescovo di Genova. Si \u00e8 appena conclusa la mostra collettiva \u201cEssere (e) Mistero\u201d a cura di Maria Rita Montagnani dove ho presentato il lavoro \u201cSangueDentro\u201d. Dal 28 giugno sono presente, a Spoleto, per la mostra collettiva che rientra nel calendario del \u201cFestival dei Due Mondi\u201d a cura di Alberto D\u2019Attanasio. Il 6 settembre inauguro, a Milano, \u201cFinalmenteFiori\u201d la mia sesta personale alla \u201cGalleria Silbernagl &amp; Undergallery\u201d dove presenter\u00f2 dei nuovi lavori che creano un\u2019ulteriore svolta con ci\u00f2 che ho fatto finora. Nello stesso periodo, il 10 settembre, sempre a Milano, sono presente nella collettiva sui \u201c5 sensi\u201d a cura di Silvia Ceffa, nello spazio Tadini. Mentre per il 2015 ci sono progetti, oltrech\u00e9 in Italia, all\u2019estero, dei quali parler\u00f2 pi\u00f9 avanti.<\/p>\n\n\n\n<div style=\"height:15px\" aria-hidden=\"true\" class=\"wp-block-spacer\"><\/div>\n\n\n\n<figure class=\"wp-block-gallery alignwide has-nested-images columns-default is-cropped wp-block-gallery-2 is-layout-flex wp-block-gallery-is-layout-flex\">\n<figure class=\"wp-block-image size-qwery-thumb-huge\"><a href=\"https:\/\/www.rossettiartecontemporanea.it\/wp-content\/uploads\/2014\/07\/Davide-Puma-Pesce-Fiorito.png\"><img decoding=\"async\" width=\"1000\" height=\"725\" data-id=\"38453\" src=\"https:\/\/www.rossettiartecontemporanea.it\/wp-content\/uploads\/2014\/07\/Davide-Puma-Pesce-Fiorito-1000x725.png\" alt=\"\" class=\"wp-image-38453\"\/><\/a><figcaption class=\"wp-element-caption\">Davide Puma, Pesce Fiorito<\/figcaption><\/figure>\n\n\n\n<figure class=\"wp-block-image size-qwery-thumb-huge\"><a href=\"https:\/\/www.rossettiartecontemporanea.it\/wp-content\/uploads\/2014\/07\/Davide-Puma-Atena-Io-sono-luce.png\"><img decoding=\"async\" width=\"716\" height=\"720\" data-id=\"38454\" src=\"https:\/\/www.rossettiartecontemporanea.it\/wp-content\/uploads\/2014\/07\/Davide-Puma-Atena-Io-sono-luce.png\" alt=\"\" class=\"wp-image-38454\" srcset=\"https:\/\/www.rossettiartecontemporanea.it\/wp-content\/uploads\/2014\/07\/Davide-Puma-Atena-Io-sono-luce.png 716w, https:\/\/www.rossettiartecontemporanea.it\/wp-content\/uploads\/2014\/07\/Davide-Puma-Atena-Io-sono-luce-298x300.png 298w, https:\/\/www.rossettiartecontemporanea.it\/wp-content\/uploads\/2014\/07\/Davide-Puma-Atena-Io-sono-luce-150x150.png 150w, https:\/\/www.rossettiartecontemporanea.it\/wp-content\/uploads\/2014\/07\/Davide-Puma-Atena-Io-sono-luce-370x372.png 370w, https:\/\/www.rossettiartecontemporanea.it\/wp-content\/uploads\/2014\/07\/Davide-Puma-Atena-Io-sono-luce-120x120.png 120w, https:\/\/www.rossettiartecontemporanea.it\/wp-content\/uploads\/2014\/07\/Davide-Puma-Atena-Io-sono-luce-410x412.png 410w\" sizes=\"(max-width: 716px) 100vw, 716px\" \/><\/a><figcaption class=\"wp-element-caption\">Davide Puma, Atena (Io sono luce)<\/figcaption><\/figure>\n\n\n\n<figure class=\"wp-block-image size-qwery-thumb-huge\"><a href=\"https:\/\/www.rossettiartecontemporanea.it\/wp-content\/uploads\/2014\/07\/Davide-Puma-Essenza-di-una-mucca.png\"><img loading=\"lazy\" decoding=\"async\" width=\"960\" height=\"598\" data-id=\"38455\" src=\"https:\/\/www.rossettiartecontemporanea.it\/wp-content\/uploads\/2014\/07\/Davide-Puma-Essenza-di-una-mucca.png\" alt=\"\" class=\"wp-image-38455\" srcset=\"https:\/\/www.rossettiartecontemporanea.it\/wp-content\/uploads\/2014\/07\/Davide-Puma-Essenza-di-una-mucca.png 960w, https:\/\/www.rossettiartecontemporanea.it\/wp-content\/uploads\/2014\/07\/Davide-Puma-Essenza-di-una-mucca-300x187.png 300w, https:\/\/www.rossettiartecontemporanea.it\/wp-content\/uploads\/2014\/07\/Davide-Puma-Essenza-di-una-mucca-768x478.png 768w, https:\/\/www.rossettiartecontemporanea.it\/wp-content\/uploads\/2014\/07\/Davide-Puma-Essenza-di-una-mucca-370x230.png 370w, https:\/\/www.rossettiartecontemporanea.it\/wp-content\/uploads\/2014\/07\/Davide-Puma-Essenza-di-una-mucca-840x523.png 840w, https:\/\/www.rossettiartecontemporanea.it\/wp-content\/uploads\/2014\/07\/Davide-Puma-Essenza-di-una-mucca-410x255.png 410w\" sizes=\"(max-width: 960px) 100vw, 960px\" \/><\/a><figcaption class=\"wp-element-caption\">Davide Puma, Essenza di una mucca<\/figcaption><\/figure>\n\n\n\n<figure class=\"wp-block-image size-qwery-thumb-huge\"><a href=\"https:\/\/www.rossettiartecontemporanea.it\/wp-content\/uploads\/2014\/07\/Davide-Puma-Limportanza-dei-vuoti-dittico.png\"><img loading=\"lazy\" decoding=\"async\" width=\"960\" height=\"559\" data-id=\"38456\" src=\"https:\/\/www.rossettiartecontemporanea.it\/wp-content\/uploads\/2014\/07\/Davide-Puma-Limportanza-dei-vuoti-dittico.png\" alt=\"\" class=\"wp-image-38456\" srcset=\"https:\/\/www.rossettiartecontemporanea.it\/wp-content\/uploads\/2014\/07\/Davide-Puma-Limportanza-dei-vuoti-dittico.png 960w, https:\/\/www.rossettiartecontemporanea.it\/wp-content\/uploads\/2014\/07\/Davide-Puma-Limportanza-dei-vuoti-dittico-300x175.png 300w, https:\/\/www.rossettiartecontemporanea.it\/wp-content\/uploads\/2014\/07\/Davide-Puma-Limportanza-dei-vuoti-dittico-768x447.png 768w, https:\/\/www.rossettiartecontemporanea.it\/wp-content\/uploads\/2014\/07\/Davide-Puma-Limportanza-dei-vuoti-dittico-370x215.png 370w, https:\/\/www.rossettiartecontemporanea.it\/wp-content\/uploads\/2014\/07\/Davide-Puma-Limportanza-dei-vuoti-dittico-840x489.png 840w, https:\/\/www.rossettiartecontemporanea.it\/wp-content\/uploads\/2014\/07\/Davide-Puma-Limportanza-dei-vuoti-dittico-410x239.png 410w\" sizes=\"(max-width: 960px) 100vw, 960px\" \/><\/a><figcaption class=\"wp-element-caption\">Davide Puma, L\u2019importanza dei vuoti (dittico)<\/figcaption><\/figure>\n\n\n\n<figure class=\"wp-block-image size-qwery-thumb-huge\"><a href=\"https:\/\/www.rossettiartecontemporanea.it\/wp-content\/uploads\/2014\/07\/Davide-Puma-Mucca-Valentina-667x725.png\"><img loading=\"lazy\" decoding=\"async\" width=\"667\" height=\"725\" data-id=\"38457\" src=\"https:\/\/www.rossettiartecontemporanea.it\/wp-content\/uploads\/2014\/07\/Davide-Puma-Mucca-Valentina-667x725.png\" alt=\"\" class=\"wp-image-38457\"\/><\/a><figcaption class=\"wp-element-caption\">Davide Puma, Mucca Valentina<\/figcaption><\/figure>\n<\/figure>\n","protected":false},"excerpt":{"rendered":"<p>Tratto da: https:\/\/www.lestroverso.it\/ 2014, ANNO VIII &#8211; NUMERO 2, ARTE &amp; CREATIVIT\u00c0, MAGGIO &#8211; AGOSTO, SOMMARIO L&#8217;ESTROVERSOGrazia CalannaLuglio 7, 2014 \u201cL\u2019arte ha il compito di portare poesia e bellezza come&hellip;<\/p>\n","protected":false},"author":2,"featured_media":38451,"comment_status":"closed","ping_status":"open","sticky":false,"template":"","format":"standard","meta":{"_acf_changed":false,"footnotes":""},"categories":[351],"tags":[317],"class_list":["post-38431","post","type-post","status-publish","format-standard","has-post-thumbnail","hentry","category-rassegna-stampa","tag-davide-puma"],"acf":[],"yoast_head":"<!-- This site is optimized with the Yoast SEO plugin v25.1 - https:\/\/yoast.com\/wordpress\/plugins\/seo\/ -->\n<title>L\u2019intervista a Davide Puma - ROSSETTI arte contemporanea<\/title>\n<meta name=\"robots\" content=\"index, follow, max-snippet:-1, max-image-preview:large, max-video-preview:-1\" \/>\n<link rel=\"canonical\" href=\"https:\/\/www.rossettiartecontemporanea.it\/en\/lintervista-a-davide-puma\/\" \/>\n<meta property=\"og:locale\" content=\"en_US\" \/>\n<meta property=\"og:type\" content=\"article\" \/>\n<meta property=\"og:title\" content=\"L\u2019intervista a Davide Puma - ROSSETTI arte contemporanea\" \/>\n<meta property=\"og:description\" content=\"Tratto da: https:\/\/www.lestroverso.it\/ 2014, ANNO VIII &#8211; NUMERO 2, ARTE &amp; CREATIVIT\u00c0, MAGGIO &#8211; AGOSTO, SOMMARIO L&#8217;ESTROVERSOGrazia CalannaLuglio 7, 2014 \u201cL\u2019arte ha il compito di portare poesia e bellezza come&hellip;\" \/>\n<meta property=\"og:url\" content=\"https:\/\/www.rossettiartecontemporanea.it\/en\/lintervista-a-davide-puma\/\" \/>\n<meta property=\"og:site_name\" content=\"ROSSETTI arte contemporanea\" \/>\n<meta property=\"article:publisher\" content=\"https:\/\/www.facebook.com\/studio.rossetti.artecontemporanea\" \/>\n<meta property=\"article:published_time\" content=\"2014-07-07T10:42:52+00:00\" \/>\n<meta property=\"article:modified_time\" content=\"2023-12-06T13:09:42+00:00\" \/>\n<meta property=\"og:image\" content=\"https:\/\/www.rossettiartecontemporanea.it\/wp-content\/uploads\/2014\/07\/rassegna-stampa-Lintervista-a-Davide-Puma.jpg\" \/>\n\t<meta property=\"og:image:width\" content=\"1600\" \/>\n\t<meta property=\"og:image:height\" content=\"1200\" \/>\n\t<meta property=\"og:image:type\" content=\"image\/jpeg\" \/>\n<meta name=\"author\" content=\"dpsonlineweb\" \/>\n<meta name=\"twitter:card\" content=\"summary_large_image\" \/>\n<meta name=\"twitter:label1\" content=\"Written by\" \/>\n\t<meta name=\"twitter:data1\" content=\"dpsonlineweb\" \/>\n\t<meta name=\"twitter:label2\" content=\"Est. reading time\" \/>\n\t<meta name=\"twitter:data2\" content=\"9 minutes\" \/>\n<script type=\"application\/ld+json\" class=\"yoast-schema-graph\">{\"@context\":\"https:\/\/schema.org\",\"@graph\":[{\"@type\":\"Article\",\"@id\":\"https:\/\/www.rossettiartecontemporanea.it\/en\/lintervista-a-davide-puma\/#article\",\"isPartOf\":{\"@id\":\"https:\/\/www.rossettiartecontemporanea.it\/en\/lintervista-a-davide-puma\/\"},\"author\":{\"name\":\"dpsonlineweb\",\"@id\":\"https:\/\/www.rossettiartecontemporanea.it\/en\/#\/schema\/person\/9074b110f3bc10dbcc7dc86655489909\"},\"headline\":\"L\u2019intervista a Davide Puma\",\"datePublished\":\"2014-07-07T10:42:52+00:00\",\"dateModified\":\"2023-12-06T13:09:42+00:00\",\"mainEntityOfPage\":{\"@id\":\"https:\/\/www.rossettiartecontemporanea.it\/en\/lintervista-a-davide-puma\/\"},\"wordCount\":1446,\"publisher\":{\"@id\":\"https:\/\/www.rossettiartecontemporanea.it\/en\/#organization\"},\"image\":{\"@id\":\"https:\/\/www.rossettiartecontemporanea.it\/en\/lintervista-a-davide-puma\/#primaryimage\"},\"thumbnailUrl\":\"https:\/\/www.rossettiartecontemporanea.it\/wp-content\/uploads\/2014\/07\/rassegna-stampa-Lintervista-a-Davide-Puma.jpg\",\"keywords\":[\"Davide Puma\"],\"articleSection\":[\"Rassegna stampa\"],\"inLanguage\":\"en-US\"},{\"@type\":\"WebPage\",\"@id\":\"https:\/\/www.rossettiartecontemporanea.it\/en\/lintervista-a-davide-puma\/\",\"url\":\"https:\/\/www.rossettiartecontemporanea.it\/en\/lintervista-a-davide-puma\/\",\"name\":\"L\u2019intervista a Davide Puma - ROSSETTI arte contemporanea\",\"isPartOf\":{\"@id\":\"https:\/\/www.rossettiartecontemporanea.it\/en\/#website\"},\"primaryImageOfPage\":{\"@id\":\"https:\/\/www.rossettiartecontemporanea.it\/en\/lintervista-a-davide-puma\/#primaryimage\"},\"image\":{\"@id\":\"https:\/\/www.rossettiartecontemporanea.it\/en\/lintervista-a-davide-puma\/#primaryimage\"},\"thumbnailUrl\":\"https:\/\/www.rossettiartecontemporanea.it\/wp-content\/uploads\/2014\/07\/rassegna-stampa-Lintervista-a-Davide-Puma.jpg\",\"datePublished\":\"2014-07-07T10:42:52+00:00\",\"dateModified\":\"2023-12-06T13:09:42+00:00\",\"breadcrumb\":{\"@id\":\"https:\/\/www.rossettiartecontemporanea.it\/en\/lintervista-a-davide-puma\/#breadcrumb\"},\"inLanguage\":\"en-US\",\"potentialAction\":[{\"@type\":\"ReadAction\",\"target\":[\"https:\/\/www.rossettiartecontemporanea.it\/en\/lintervista-a-davide-puma\/\"]}]},{\"@type\":\"ImageObject\",\"inLanguage\":\"en-US\",\"@id\":\"https:\/\/www.rossettiartecontemporanea.it\/en\/lintervista-a-davide-puma\/#primaryimage\",\"url\":\"https:\/\/www.rossettiartecontemporanea.it\/wp-content\/uploads\/2014\/07\/rassegna-stampa-Lintervista-a-Davide-Puma.jpg\",\"contentUrl\":\"https:\/\/www.rossettiartecontemporanea.it\/wp-content\/uploads\/2014\/07\/rassegna-stampa-Lintervista-a-Davide-Puma.jpg\",\"width\":1600,\"height\":1200,\"caption\":\"Davide Puma - Rossetti Arte Contemporanea\"},{\"@type\":\"BreadcrumbList\",\"@id\":\"https:\/\/www.rossettiartecontemporanea.it\/en\/lintervista-a-davide-puma\/#breadcrumb\",\"itemListElement\":[{\"@type\":\"ListItem\",\"position\":1,\"name\":\"Home\",\"item\":\"https:\/\/www.rossettiartecontemporanea.it\/en\/\"},{\"@type\":\"ListItem\",\"position\":2,\"name\":\"L\u2019intervista a Davide Puma\"}]},{\"@type\":\"WebSite\",\"@id\":\"https:\/\/www.rossettiartecontemporanea.it\/en\/#website\",\"url\":\"https:\/\/www.rossettiartecontemporanea.it\/en\/\",\"name\":\"Rossetti Arte Contemporanea\",\"description\":\"\",\"publisher\":{\"@id\":\"https:\/\/www.rossettiartecontemporanea.it\/en\/#organization\"},\"potentialAction\":[{\"@type\":\"SearchAction\",\"target\":{\"@type\":\"EntryPoint\",\"urlTemplate\":\"https:\/\/www.rossettiartecontemporanea.it\/en\/?s={search_term_string}\"},\"query-input\":{\"@type\":\"PropertyValueSpecification\",\"valueRequired\":true,\"valueName\":\"search_term_string\"}}],\"inLanguage\":\"en-US\"},{\"@type\":\"Organization\",\"@id\":\"https:\/\/www.rossettiartecontemporanea.it\/en\/#organization\",\"name\":\"Rossetti Arte Contemporanea\",\"url\":\"https:\/\/www.rossettiartecontemporanea.it\/en\/\",\"logo\":{\"@type\":\"ImageObject\",\"inLanguage\":\"en-US\",\"@id\":\"https:\/\/www.rossettiartecontemporanea.it\/en\/#\/schema\/logo\/image\/\",\"url\":\"https:\/\/www.rossettiartecontemporanea.it\/wp-content\/uploads\/2024\/02\/logo-Rossetti-Arte-Contemporanea-black-2x-1.png\",\"contentUrl\":\"https:\/\/www.rossettiartecontemporanea.it\/wp-content\/uploads\/2024\/02\/logo-Rossetti-Arte-Contemporanea-black-2x-1.png\",\"width\":611,\"height\":368,\"caption\":\"Rossetti Arte Contemporanea\"},\"image\":{\"@id\":\"https:\/\/www.rossettiartecontemporanea.it\/en\/#\/schema\/logo\/image\/\"},\"sameAs\":[\"https:\/\/www.facebook.com\/studio.rossetti.artecontemporanea\",\"https:\/\/www.instagram.com\/studio_rossetti\/\",\"https:\/\/www.youtube.com\/channel\/UC94tFj8zg6UV94quz_ysdgw\"]},{\"@type\":\"Person\",\"@id\":\"https:\/\/www.rossettiartecontemporanea.it\/en\/#\/schema\/person\/9074b110f3bc10dbcc7dc86655489909\",\"name\":\"dpsonlineweb\"}]}<\/script>\n<!-- \/ Yoast SEO plugin. -->","yoast_head_json":{"title":"L\u2019intervista a Davide Puma - ROSSETTI arte contemporanea","robots":{"index":"index","follow":"follow","max-snippet":"max-snippet:-1","max-image-preview":"max-image-preview:large","max-video-preview":"max-video-preview:-1"},"canonical":"https:\/\/www.rossettiartecontemporanea.it\/en\/lintervista-a-davide-puma\/","og_locale":"en_US","og_type":"article","og_title":"L\u2019intervista a Davide Puma - ROSSETTI arte contemporanea","og_description":"Tratto da: https:\/\/www.lestroverso.it\/ 2014, ANNO VIII &#8211; NUMERO 2, ARTE &amp; CREATIVIT\u00c0, MAGGIO &#8211; AGOSTO, SOMMARIO L&#8217;ESTROVERSOGrazia CalannaLuglio 7, 2014 \u201cL\u2019arte ha il compito di portare poesia e bellezza come&hellip;","og_url":"https:\/\/www.rossettiartecontemporanea.it\/en\/lintervista-a-davide-puma\/","og_site_name":"ROSSETTI arte contemporanea","article_publisher":"https:\/\/www.facebook.com\/studio.rossetti.artecontemporanea","article_published_time":"2014-07-07T10:42:52+00:00","article_modified_time":"2023-12-06T13:09:42+00:00","og_image":[{"width":1600,"height":1200,"url":"https:\/\/www.rossettiartecontemporanea.it\/wp-content\/uploads\/2014\/07\/rassegna-stampa-Lintervista-a-Davide-Puma.jpg","type":"image\/jpeg"}],"author":"dpsonlineweb","twitter_card":"summary_large_image","twitter_misc":{"Written by":"dpsonlineweb","Est. reading time":"9 minutes"},"schema":{"@context":"https:\/\/schema.org","@graph":[{"@type":"Article","@id":"https:\/\/www.rossettiartecontemporanea.it\/en\/lintervista-a-davide-puma\/#article","isPartOf":{"@id":"https:\/\/www.rossettiartecontemporanea.it\/en\/lintervista-a-davide-puma\/"},"author":{"name":"dpsonlineweb","@id":"https:\/\/www.rossettiartecontemporanea.it\/en\/#\/schema\/person\/9074b110f3bc10dbcc7dc86655489909"},"headline":"L\u2019intervista a Davide Puma","datePublished":"2014-07-07T10:42:52+00:00","dateModified":"2023-12-06T13:09:42+00:00","mainEntityOfPage":{"@id":"https:\/\/www.rossettiartecontemporanea.it\/en\/lintervista-a-davide-puma\/"},"wordCount":1446,"publisher":{"@id":"https:\/\/www.rossettiartecontemporanea.it\/en\/#organization"},"image":{"@id":"https:\/\/www.rossettiartecontemporanea.it\/en\/lintervista-a-davide-puma\/#primaryimage"},"thumbnailUrl":"https:\/\/www.rossettiartecontemporanea.it\/wp-content\/uploads\/2014\/07\/rassegna-stampa-Lintervista-a-Davide-Puma.jpg","keywords":["Davide Puma"],"articleSection":["Rassegna stampa"],"inLanguage":"en-US"},{"@type":"WebPage","@id":"https:\/\/www.rossettiartecontemporanea.it\/en\/lintervista-a-davide-puma\/","url":"https:\/\/www.rossettiartecontemporanea.it\/en\/lintervista-a-davide-puma\/","name":"L\u2019intervista a Davide Puma - ROSSETTI arte contemporanea","isPartOf":{"@id":"https:\/\/www.rossettiartecontemporanea.it\/en\/#website"},"primaryImageOfPage":{"@id":"https:\/\/www.rossettiartecontemporanea.it\/en\/lintervista-a-davide-puma\/#primaryimage"},"image":{"@id":"https:\/\/www.rossettiartecontemporanea.it\/en\/lintervista-a-davide-puma\/#primaryimage"},"thumbnailUrl":"https:\/\/www.rossettiartecontemporanea.it\/wp-content\/uploads\/2014\/07\/rassegna-stampa-Lintervista-a-Davide-Puma.jpg","datePublished":"2014-07-07T10:42:52+00:00","dateModified":"2023-12-06T13:09:42+00:00","breadcrumb":{"@id":"https:\/\/www.rossettiartecontemporanea.it\/en\/lintervista-a-davide-puma\/#breadcrumb"},"inLanguage":"en-US","potentialAction":[{"@type":"ReadAction","target":["https:\/\/www.rossettiartecontemporanea.it\/en\/lintervista-a-davide-puma\/"]}]},{"@type":"ImageObject","inLanguage":"en-US","@id":"https:\/\/www.rossettiartecontemporanea.it\/en\/lintervista-a-davide-puma\/#primaryimage","url":"https:\/\/www.rossettiartecontemporanea.it\/wp-content\/uploads\/2014\/07\/rassegna-stampa-Lintervista-a-Davide-Puma.jpg","contentUrl":"https:\/\/www.rossettiartecontemporanea.it\/wp-content\/uploads\/2014\/07\/rassegna-stampa-Lintervista-a-Davide-Puma.jpg","width":1600,"height":1200,"caption":"Davide Puma - Rossetti Arte Contemporanea"},{"@type":"BreadcrumbList","@id":"https:\/\/www.rossettiartecontemporanea.it\/en\/lintervista-a-davide-puma\/#breadcrumb","itemListElement":[{"@type":"ListItem","position":1,"name":"Home","item":"https:\/\/www.rossettiartecontemporanea.it\/en\/"},{"@type":"ListItem","position":2,"name":"L\u2019intervista a Davide Puma"}]},{"@type":"WebSite","@id":"https:\/\/www.rossettiartecontemporanea.it\/en\/#website","url":"https:\/\/www.rossettiartecontemporanea.it\/en\/","name":"Rossetti Arte Contemporanea","description":"","publisher":{"@id":"https:\/\/www.rossettiartecontemporanea.it\/en\/#organization"},"potentialAction":[{"@type":"SearchAction","target":{"@type":"EntryPoint","urlTemplate":"https:\/\/www.rossettiartecontemporanea.it\/en\/?s={search_term_string}"},"query-input":{"@type":"PropertyValueSpecification","valueRequired":true,"valueName":"search_term_string"}}],"inLanguage":"en-US"},{"@type":"Organization","@id":"https:\/\/www.rossettiartecontemporanea.it\/en\/#organization","name":"Rossetti Arte Contemporanea","url":"https:\/\/www.rossettiartecontemporanea.it\/en\/","logo":{"@type":"ImageObject","inLanguage":"en-US","@id":"https:\/\/www.rossettiartecontemporanea.it\/en\/#\/schema\/logo\/image\/","url":"https:\/\/www.rossettiartecontemporanea.it\/wp-content\/uploads\/2024\/02\/logo-Rossetti-Arte-Contemporanea-black-2x-1.png","contentUrl":"https:\/\/www.rossettiartecontemporanea.it\/wp-content\/uploads\/2024\/02\/logo-Rossetti-Arte-Contemporanea-black-2x-1.png","width":611,"height":368,"caption":"Rossetti Arte Contemporanea"},"image":{"@id":"https:\/\/www.rossettiartecontemporanea.it\/en\/#\/schema\/logo\/image\/"},"sameAs":["https:\/\/www.facebook.com\/studio.rossetti.artecontemporanea","https:\/\/www.instagram.com\/studio_rossetti\/","https:\/\/www.youtube.com\/channel\/UC94tFj8zg6UV94quz_ysdgw"]},{"@type":"Person","@id":"https:\/\/www.rossettiartecontemporanea.it\/en\/#\/schema\/person\/9074b110f3bc10dbcc7dc86655489909","name":"dpsonlineweb"}]}},"_links":{"self":[{"href":"https:\/\/www.rossettiartecontemporanea.it\/en\/wp-json\/wp\/v2\/posts\/38431","targetHints":{"allow":["GET"]}}],"collection":[{"href":"https:\/\/www.rossettiartecontemporanea.it\/en\/wp-json\/wp\/v2\/posts"}],"about":[{"href":"https:\/\/www.rossettiartecontemporanea.it\/en\/wp-json\/wp\/v2\/types\/post"}],"author":[{"embeddable":true,"href":"https:\/\/www.rossettiartecontemporanea.it\/en\/wp-json\/wp\/v2\/users\/2"}],"replies":[{"embeddable":true,"href":"https:\/\/www.rossettiartecontemporanea.it\/en\/wp-json\/wp\/v2\/comments?post=38431"}],"version-history":[{"count":4,"href":"https:\/\/www.rossettiartecontemporanea.it\/en\/wp-json\/wp\/v2\/posts\/38431\/revisions"}],"predecessor-version":[{"id":38769,"href":"https:\/\/www.rossettiartecontemporanea.it\/en\/wp-json\/wp\/v2\/posts\/38431\/revisions\/38769"}],"wp:featuredmedia":[{"embeddable":true,"href":"https:\/\/www.rossettiartecontemporanea.it\/en\/wp-json\/wp\/v2\/media\/38451"}],"wp:attachment":[{"href":"https:\/\/www.rossettiartecontemporanea.it\/en\/wp-json\/wp\/v2\/media?parent=38431"}],"wp:term":[{"taxonomy":"category","embeddable":true,"href":"https:\/\/www.rossettiartecontemporanea.it\/en\/wp-json\/wp\/v2\/categories?post=38431"},{"taxonomy":"post_tag","embeddable":true,"href":"https:\/\/www.rossettiartecontemporanea.it\/en\/wp-json\/wp\/v2\/tags?post=38431"}],"curies":[{"name":"wp","href":"https:\/\/api.w.org\/{rel}","templated":true}]}}