{"id":38580,"date":"2023-02-17T10:36:12","date_gmt":"2023-02-17T09:36:12","guid":{"rendered":"http:\/\/www.rossettiartecontemporanea.it\/?p=38580"},"modified":"2023-12-06T13:29:50","modified_gmt":"2023-12-06T12:29:50","slug":"silvio-porzionato-the-book-il-volume-sullartista-piemontese-edito-da-iemme","status":"publish","type":"post","link":"https:\/\/www.rossettiartecontemporanea.it\/en\/silvio-porzionato-the-book-il-volume-sullartista-piemontese-edito-da-iemme\/","title":{"rendered":"\u00abSilvio Porzionato the book\u00bb, il volume sull&#8217;artista piemontese edito da Iemme"},"content":{"rendered":"\n<p>Tratto da: <a href=\"https:\/\/www.ilmattino.it\/cultura\/libri\/silvio_porzionato_the_book_volume_sull_artista_piemontese_edito_da_iemme-7237023.html?refresh_ce\" target=\"_blank\" rel=\"noreferrer noopener\">https:\/\/www.ilmattino.it\/<\/a><\/p>\n\n\n\n<p>\u00abQuando entri nello studio di un pittore, l\u2019odore delle vernici \u00e8 parte indissolubile dell\u2019esperienza\u00bb, scrive&nbsp;<strong>Alberto Tondella&nbsp;<\/strong>a proposito dello spazio creativo di&nbsp;<strong>Silvio Porzionato<\/strong>. Ed \u00e8 come se desse la chiave al volume che ha scritto su lui, con lui, per lui e per il pubblico dell\u2019artista nato a Moncalieri nel 1971: \u201cSilvio Porzionato the book\u201d (264 pagine, euro 60), edito dalla napoletana Iemme edizioni.<\/p>\n\n\n\n<p>Sfogliare questa ambiziosa creatura &#8211; tra il libro d\u2019arte, l\u2019opera e la rivista pop anni \u201980 &#8211; significa entrare davvero nel laboratorio&nbsp;dell\u2019artista e nel suo mondo. Nessun ordine, tanto colore, anarchia creativa allo stato puro: prima una narrazione biografica per sole immagini e idee lampo trascritte a margine, titolata \u201c<strong>A five acts opera<\/strong>\u201d, che ritraggono Porzionato immerso nei suoi ambienti e tra i suoi lavori. Poi una conversazione col curatore, \u201c<strong>The midnight chatter<\/strong>\u201d, una chiacchiera tra un buon vino e buoni spunti di riflessione. Infine un catalogo di opere, \u201c<strong>Works<\/strong>\u201d, in cui vengono riprodotte parti delle serie realizzate dall\u2019artista.<\/p>\n\n\n\n<figure class=\"wp-block-gallery alignwide has-nested-images columns-default is-cropped wp-block-gallery-1 is-layout-flex wp-block-gallery-is-layout-flex\">\n<figure class=\"wp-block-image size-large\"><img fetchpriority=\"high\" decoding=\"async\" width=\"1024\" height=\"609\" data-id=\"38596\" src=\"https:\/\/www.rossettiartecontemporanea.it\/wp-content\/uploads\/2023\/02\/rassegna-stampa-Silvio-Porzionato-the-book-1024x609.jpg\" alt=\"\" class=\"wp-image-38596\" srcset=\"https:\/\/www.rossettiartecontemporanea.it\/wp-content\/uploads\/2023\/02\/rassegna-stampa-Silvio-Porzionato-the-book-1024x609.jpg 1024w, https:\/\/www.rossettiartecontemporanea.it\/wp-content\/uploads\/2023\/02\/rassegna-stampa-Silvio-Porzionato-the-book-300x178.jpg 300w, https:\/\/www.rossettiartecontemporanea.it\/wp-content\/uploads\/2023\/02\/rassegna-stampa-Silvio-Porzionato-the-book-768x457.jpg 768w, https:\/\/www.rossettiartecontemporanea.it\/wp-content\/uploads\/2023\/02\/rassegna-stampa-Silvio-Porzionato-the-book-370x220.jpg 370w, https:\/\/www.rossettiartecontemporanea.it\/wp-content\/uploads\/2023\/02\/rassegna-stampa-Silvio-Porzionato-the-book-840x499.jpg 840w, https:\/\/www.rossettiartecontemporanea.it\/wp-content\/uploads\/2023\/02\/rassegna-stampa-Silvio-Porzionato-the-book-410x244.jpg 410w, https:\/\/www.rossettiartecontemporanea.it\/wp-content\/uploads\/2023\/02\/rassegna-stampa-Silvio-Porzionato-the-book.jpg 1280w\" sizes=\"(max-width: 1024px) 100vw, 1024px\" \/><figcaption class=\"wp-element-caption\">\u00abSilvio Porzionato the book\u00bb<\/figcaption><\/figure>\n<\/figure>\n\n\n\n<p>Ma \u00e8 giusto un tentativo di sintesi per un volume a cui abbandonarsi letteralmente, travolti dall\u2019onda di colore, grafiche anomale, immagini forti e pensieri in libert\u00e0: \u00abNon ho preparato nulla di scritto, nessun elenco di domande, perch\u00e9 Silvio, nella vita reale, non \u00e8 tipo da testi scritti, non \u00e8 da copioni o recite\u00bb, scrive Tondella.<\/p>\n\n\n\n<p>Pi\u00f9 tardi, nel rispondergli, Porzionato mette su qualcosa di simile a un manifesto: \u00abSe vuoi essere un bravo pittore devi metterti davanti a una tela ed essere il pi\u00f9 onesto possibile. Non devi pensare alla misura della tela o a quanto ci guadagnerai, non devi pensare di fare quello che piace a qualcun altro, devi dipingere quello che senti, quello che ti fa star bene, semplicemente devi essere sincero\u00bb. Nel dialogo in amicizia emergono alcuni momenti salienti della sua carriera. La partecipazione alla Biennale di Venezia nel 2011, poi \u201cCodice Temporale\u201d, l\u2019opera composta da 112 tele allestita all\u2019interno del Castello di Calatabiano su richiesta del MACS di Catania, \u201c007 Portraits\u201d, i sette ritratti ispirati dal mito di James Bond dipinti per lo showroom dell\u2019Aston Martin di Milano. E tanto altro.&nbsp;<\/p>\n\n\n\n<div style=\"height:15px\" aria-hidden=\"true\" class=\"wp-block-spacer\"><\/div>\n","protected":false},"excerpt":{"rendered":"<p>Tratto da: https:\/\/www.ilmattino.it\/ \u00abQuando entri nello studio di un pittore, l\u2019odore delle vernici \u00e8 parte indissolubile dell\u2019esperienza\u00bb, scrive&nbsp;Alberto Tondella&nbsp;a proposito dello spazio creativo di&nbsp;Silvio Porzionato. Ed \u00e8 come se desse&hellip;<\/p>\n","protected":false},"author":2,"featured_media":38596,"comment_status":"closed","ping_status":"open","sticky":false,"template":"","format":"standard","meta":{"_acf_changed":false,"footnotes":""},"categories":[351],"tags":[316],"class_list":["post-38580","post","type-post","status-publish","format-standard","has-post-thumbnail","hentry","category-rassegna-stampa","tag-silvio-porzionato"],"acf":[],"yoast_head":"<!-- This site is optimized with the Yoast SEO plugin v25.1 - https:\/\/yoast.com\/wordpress\/plugins\/seo\/ -->\n<title>\u00abSilvio Porzionato the book\u00bb, il volume sull&#039;artista piemontese edito da Iemme - ROSSETTI arte contemporanea<\/title>\n<meta name=\"robots\" content=\"index, follow, max-snippet:-1, max-image-preview:large, max-video-preview:-1\" \/>\n<link rel=\"canonical\" href=\"https:\/\/www.rossettiartecontemporanea.it\/en\/silvio-porzionato-the-book-il-volume-sullartista-piemontese-edito-da-iemme\/\" \/>\n<meta property=\"og:locale\" content=\"en_US\" \/>\n<meta property=\"og:type\" content=\"article\" \/>\n<meta property=\"og:title\" content=\"\u00abSilvio Porzionato the book\u00bb, il volume sull&#039;artista piemontese edito da Iemme - ROSSETTI arte contemporanea\" \/>\n<meta property=\"og:description\" content=\"Tratto da: https:\/\/www.ilmattino.it\/ \u00abQuando entri nello studio di un pittore, l\u2019odore delle vernici \u00e8 parte indissolubile dell\u2019esperienza\u00bb, scrive&nbsp;Alberto Tondella&nbsp;a proposito dello spazio creativo di&nbsp;Silvio Porzionato. Ed \u00e8 come se desse&hellip;\" \/>\n<meta property=\"og:url\" content=\"https:\/\/www.rossettiartecontemporanea.it\/en\/silvio-porzionato-the-book-il-volume-sullartista-piemontese-edito-da-iemme\/\" \/>\n<meta property=\"og:site_name\" content=\"ROSSETTI arte contemporanea\" \/>\n<meta property=\"article:publisher\" content=\"https:\/\/www.facebook.com\/studio.rossetti.artecontemporanea\" \/>\n<meta property=\"article:published_time\" content=\"2023-02-17T09:36:12+00:00\" \/>\n<meta property=\"article:modified_time\" content=\"2023-12-06T12:29:50+00:00\" \/>\n<meta property=\"og:image\" content=\"https:\/\/www.rossettiartecontemporanea.it\/wp-content\/uploads\/2023\/02\/rassegna-stampa-Silvio-Porzionato-the-book.jpg\" \/>\n\t<meta property=\"og:image:width\" content=\"1280\" \/>\n\t<meta property=\"og:image:height\" content=\"761\" \/>\n\t<meta property=\"og:image:type\" content=\"image\/jpeg\" \/>\n<meta name=\"author\" content=\"dpsonlineweb\" \/>\n<meta name=\"twitter:card\" content=\"summary_large_image\" \/>\n<meta name=\"twitter:label1\" content=\"Written by\" \/>\n\t<meta name=\"twitter:data1\" content=\"dpsonlineweb\" \/>\n\t<meta name=\"twitter:label2\" content=\"Est. reading time\" \/>\n\t<meta name=\"twitter:data2\" content=\"3 minutes\" \/>\n<script type=\"application\/ld+json\" class=\"yoast-schema-graph\">{\"@context\":\"https:\/\/schema.org\",\"@graph\":[{\"@type\":\"Article\",\"@id\":\"https:\/\/www.rossettiartecontemporanea.it\/en\/silvio-porzionato-the-book-il-volume-sullartista-piemontese-edito-da-iemme\/#article\",\"isPartOf\":{\"@id\":\"https:\/\/www.rossettiartecontemporanea.it\/en\/silvio-porzionato-the-book-il-volume-sullartista-piemontese-edito-da-iemme\/\"},\"author\":{\"name\":\"dpsonlineweb\",\"@id\":\"https:\/\/www.rossettiartecontemporanea.it\/en\/#\/schema\/person\/9074b110f3bc10dbcc7dc86655489909\"},\"headline\":\"\u00abSilvio Porzionato the book\u00bb, il volume sull&#8217;artista piemontese edito da Iemme\",\"datePublished\":\"2023-02-17T09:36:12+00:00\",\"dateModified\":\"2023-12-06T12:29:50+00:00\",\"mainEntityOfPage\":{\"@id\":\"https:\/\/www.rossettiartecontemporanea.it\/en\/silvio-porzionato-the-book-il-volume-sullartista-piemontese-edito-da-iemme\/\"},\"wordCount\":377,\"publisher\":{\"@id\":\"https:\/\/www.rossettiartecontemporanea.it\/en\/#organization\"},\"image\":{\"@id\":\"https:\/\/www.rossettiartecontemporanea.it\/en\/silvio-porzionato-the-book-il-volume-sullartista-piemontese-edito-da-iemme\/#primaryimage\"},\"thumbnailUrl\":\"https:\/\/www.rossettiartecontemporanea.it\/wp-content\/uploads\/2023\/02\/rassegna-stampa-Silvio-Porzionato-the-book.jpg\",\"keywords\":[\"Silvio Porzionato\"],\"articleSection\":[\"Rassegna stampa\"],\"inLanguage\":\"en-US\"},{\"@type\":\"WebPage\",\"@id\":\"https:\/\/www.rossettiartecontemporanea.it\/en\/silvio-porzionato-the-book-il-volume-sullartista-piemontese-edito-da-iemme\/\",\"url\":\"https:\/\/www.rossettiartecontemporanea.it\/en\/silvio-porzionato-the-book-il-volume-sullartista-piemontese-edito-da-iemme\/\",\"name\":\"\u00abSilvio Porzionato the book\u00bb, il volume sull'artista piemontese edito da Iemme - ROSSETTI arte contemporanea\",\"isPartOf\":{\"@id\":\"https:\/\/www.rossettiartecontemporanea.it\/en\/#website\"},\"primaryImageOfPage\":{\"@id\":\"https:\/\/www.rossettiartecontemporanea.it\/en\/silvio-porzionato-the-book-il-volume-sullartista-piemontese-edito-da-iemme\/#primaryimage\"},\"image\":{\"@id\":\"https:\/\/www.rossettiartecontemporanea.it\/en\/silvio-porzionato-the-book-il-volume-sullartista-piemontese-edito-da-iemme\/#primaryimage\"},\"thumbnailUrl\":\"https:\/\/www.rossettiartecontemporanea.it\/wp-content\/uploads\/2023\/02\/rassegna-stampa-Silvio-Porzionato-the-book.jpg\",\"datePublished\":\"2023-02-17T09:36:12+00:00\",\"dateModified\":\"2023-12-06T12:29:50+00:00\",\"breadcrumb\":{\"@id\":\"https:\/\/www.rossettiartecontemporanea.it\/en\/silvio-porzionato-the-book-il-volume-sullartista-piemontese-edito-da-iemme\/#breadcrumb\"},\"inLanguage\":\"en-US\",\"potentialAction\":[{\"@type\":\"ReadAction\",\"target\":[\"https:\/\/www.rossettiartecontemporanea.it\/en\/silvio-porzionato-the-book-il-volume-sullartista-piemontese-edito-da-iemme\/\"]}]},{\"@type\":\"ImageObject\",\"inLanguage\":\"en-US\",\"@id\":\"https:\/\/www.rossettiartecontemporanea.it\/en\/silvio-porzionato-the-book-il-volume-sullartista-piemontese-edito-da-iemme\/#primaryimage\",\"url\":\"https:\/\/www.rossettiartecontemporanea.it\/wp-content\/uploads\/2023\/02\/rassegna-stampa-Silvio-Porzionato-the-book.jpg\",\"contentUrl\":\"https:\/\/www.rossettiartecontemporanea.it\/wp-content\/uploads\/2023\/02\/rassegna-stampa-Silvio-Porzionato-the-book.jpg\",\"width\":1280,\"height\":761},{\"@type\":\"BreadcrumbList\",\"@id\":\"https:\/\/www.rossettiartecontemporanea.it\/en\/silvio-porzionato-the-book-il-volume-sullartista-piemontese-edito-da-iemme\/#breadcrumb\",\"itemListElement\":[{\"@type\":\"ListItem\",\"position\":1,\"name\":\"Home\",\"item\":\"https:\/\/www.rossettiartecontemporanea.it\/en\/\"},{\"@type\":\"ListItem\",\"position\":2,\"name\":\"\u00abSilvio Porzionato the book\u00bb, il volume sull&#8217;artista piemontese edito da Iemme\"}]},{\"@type\":\"WebSite\",\"@id\":\"https:\/\/www.rossettiartecontemporanea.it\/en\/#website\",\"url\":\"https:\/\/www.rossettiartecontemporanea.it\/en\/\",\"name\":\"Rossetti Arte Contemporanea\",\"description\":\"\",\"publisher\":{\"@id\":\"https:\/\/www.rossettiartecontemporanea.it\/en\/#organization\"},\"potentialAction\":[{\"@type\":\"SearchAction\",\"target\":{\"@type\":\"EntryPoint\",\"urlTemplate\":\"https:\/\/www.rossettiartecontemporanea.it\/en\/?s={search_term_string}\"},\"query-input\":{\"@type\":\"PropertyValueSpecification\",\"valueRequired\":true,\"valueName\":\"search_term_string\"}}],\"inLanguage\":\"en-US\"},{\"@type\":\"Organization\",\"@id\":\"https:\/\/www.rossettiartecontemporanea.it\/en\/#organization\",\"name\":\"Rossetti Arte Contemporanea\",\"url\":\"https:\/\/www.rossettiartecontemporanea.it\/en\/\",\"logo\":{\"@type\":\"ImageObject\",\"inLanguage\":\"en-US\",\"@id\":\"https:\/\/www.rossettiartecontemporanea.it\/en\/#\/schema\/logo\/image\/\",\"url\":\"https:\/\/www.rossettiartecontemporanea.it\/wp-content\/uploads\/2024\/02\/logo-Rossetti-Arte-Contemporanea-black-2x-1.png\",\"contentUrl\":\"https:\/\/www.rossettiartecontemporanea.it\/wp-content\/uploads\/2024\/02\/logo-Rossetti-Arte-Contemporanea-black-2x-1.png\",\"width\":611,\"height\":368,\"caption\":\"Rossetti Arte Contemporanea\"},\"image\":{\"@id\":\"https:\/\/www.rossettiartecontemporanea.it\/en\/#\/schema\/logo\/image\/\"},\"sameAs\":[\"https:\/\/www.facebook.com\/studio.rossetti.artecontemporanea\",\"https:\/\/www.instagram.com\/studio_rossetti\/\",\"https:\/\/www.youtube.com\/channel\/UC94tFj8zg6UV94quz_ysdgw\"]},{\"@type\":\"Person\",\"@id\":\"https:\/\/www.rossettiartecontemporanea.it\/en\/#\/schema\/person\/9074b110f3bc10dbcc7dc86655489909\",\"name\":\"dpsonlineweb\"}]}<\/script>\n<!-- \/ Yoast SEO plugin. -->","yoast_head_json":{"title":"\u00abSilvio Porzionato the book\u00bb, il volume sull'artista piemontese edito da Iemme - ROSSETTI arte contemporanea","robots":{"index":"index","follow":"follow","max-snippet":"max-snippet:-1","max-image-preview":"max-image-preview:large","max-video-preview":"max-video-preview:-1"},"canonical":"https:\/\/www.rossettiartecontemporanea.it\/en\/silvio-porzionato-the-book-il-volume-sullartista-piemontese-edito-da-iemme\/","og_locale":"en_US","og_type":"article","og_title":"\u00abSilvio Porzionato the book\u00bb, il volume sull'artista piemontese edito da Iemme - ROSSETTI arte contemporanea","og_description":"Tratto da: https:\/\/www.ilmattino.it\/ \u00abQuando entri nello studio di un pittore, l\u2019odore delle vernici \u00e8 parte indissolubile dell\u2019esperienza\u00bb, scrive&nbsp;Alberto Tondella&nbsp;a proposito dello spazio creativo di&nbsp;Silvio Porzionato. Ed \u00e8 come se desse&hellip;","og_url":"https:\/\/www.rossettiartecontemporanea.it\/en\/silvio-porzionato-the-book-il-volume-sullartista-piemontese-edito-da-iemme\/","og_site_name":"ROSSETTI arte contemporanea","article_publisher":"https:\/\/www.facebook.com\/studio.rossetti.artecontemporanea","article_published_time":"2023-02-17T09:36:12+00:00","article_modified_time":"2023-12-06T12:29:50+00:00","og_image":[{"width":1280,"height":761,"url":"https:\/\/www.rossettiartecontemporanea.it\/wp-content\/uploads\/2023\/02\/rassegna-stampa-Silvio-Porzionato-the-book.jpg","type":"image\/jpeg"}],"author":"dpsonlineweb","twitter_card":"summary_large_image","twitter_misc":{"Written by":"dpsonlineweb","Est. reading time":"3 minutes"},"schema":{"@context":"https:\/\/schema.org","@graph":[{"@type":"Article","@id":"https:\/\/www.rossettiartecontemporanea.it\/en\/silvio-porzionato-the-book-il-volume-sullartista-piemontese-edito-da-iemme\/#article","isPartOf":{"@id":"https:\/\/www.rossettiartecontemporanea.it\/en\/silvio-porzionato-the-book-il-volume-sullartista-piemontese-edito-da-iemme\/"},"author":{"name":"dpsonlineweb","@id":"https:\/\/www.rossettiartecontemporanea.it\/en\/#\/schema\/person\/9074b110f3bc10dbcc7dc86655489909"},"headline":"\u00abSilvio Porzionato the book\u00bb, il volume sull&#8217;artista piemontese edito da Iemme","datePublished":"2023-02-17T09:36:12+00:00","dateModified":"2023-12-06T12:29:50+00:00","mainEntityOfPage":{"@id":"https:\/\/www.rossettiartecontemporanea.it\/en\/silvio-porzionato-the-book-il-volume-sullartista-piemontese-edito-da-iemme\/"},"wordCount":377,"publisher":{"@id":"https:\/\/www.rossettiartecontemporanea.it\/en\/#organization"},"image":{"@id":"https:\/\/www.rossettiartecontemporanea.it\/en\/silvio-porzionato-the-book-il-volume-sullartista-piemontese-edito-da-iemme\/#primaryimage"},"thumbnailUrl":"https:\/\/www.rossettiartecontemporanea.it\/wp-content\/uploads\/2023\/02\/rassegna-stampa-Silvio-Porzionato-the-book.jpg","keywords":["Silvio Porzionato"],"articleSection":["Rassegna stampa"],"inLanguage":"en-US"},{"@type":"WebPage","@id":"https:\/\/www.rossettiartecontemporanea.it\/en\/silvio-porzionato-the-book-il-volume-sullartista-piemontese-edito-da-iemme\/","url":"https:\/\/www.rossettiartecontemporanea.it\/en\/silvio-porzionato-the-book-il-volume-sullartista-piemontese-edito-da-iemme\/","name":"\u00abSilvio Porzionato the book\u00bb, il volume sull'artista piemontese edito da Iemme - ROSSETTI arte contemporanea","isPartOf":{"@id":"https:\/\/www.rossettiartecontemporanea.it\/en\/#website"},"primaryImageOfPage":{"@id":"https:\/\/www.rossettiartecontemporanea.it\/en\/silvio-porzionato-the-book-il-volume-sullartista-piemontese-edito-da-iemme\/#primaryimage"},"image":{"@id":"https:\/\/www.rossettiartecontemporanea.it\/en\/silvio-porzionato-the-book-il-volume-sullartista-piemontese-edito-da-iemme\/#primaryimage"},"thumbnailUrl":"https:\/\/www.rossettiartecontemporanea.it\/wp-content\/uploads\/2023\/02\/rassegna-stampa-Silvio-Porzionato-the-book.jpg","datePublished":"2023-02-17T09:36:12+00:00","dateModified":"2023-12-06T12:29:50+00:00","breadcrumb":{"@id":"https:\/\/www.rossettiartecontemporanea.it\/en\/silvio-porzionato-the-book-il-volume-sullartista-piemontese-edito-da-iemme\/#breadcrumb"},"inLanguage":"en-US","potentialAction":[{"@type":"ReadAction","target":["https:\/\/www.rossettiartecontemporanea.it\/en\/silvio-porzionato-the-book-il-volume-sullartista-piemontese-edito-da-iemme\/"]}]},{"@type":"ImageObject","inLanguage":"en-US","@id":"https:\/\/www.rossettiartecontemporanea.it\/en\/silvio-porzionato-the-book-il-volume-sullartista-piemontese-edito-da-iemme\/#primaryimage","url":"https:\/\/www.rossettiartecontemporanea.it\/wp-content\/uploads\/2023\/02\/rassegna-stampa-Silvio-Porzionato-the-book.jpg","contentUrl":"https:\/\/www.rossettiartecontemporanea.it\/wp-content\/uploads\/2023\/02\/rassegna-stampa-Silvio-Porzionato-the-book.jpg","width":1280,"height":761},{"@type":"BreadcrumbList","@id":"https:\/\/www.rossettiartecontemporanea.it\/en\/silvio-porzionato-the-book-il-volume-sullartista-piemontese-edito-da-iemme\/#breadcrumb","itemListElement":[{"@type":"ListItem","position":1,"name":"Home","item":"https:\/\/www.rossettiartecontemporanea.it\/en\/"},{"@type":"ListItem","position":2,"name":"\u00abSilvio Porzionato the book\u00bb, il volume sull&#8217;artista piemontese edito da Iemme"}]},{"@type":"WebSite","@id":"https:\/\/www.rossettiartecontemporanea.it\/en\/#website","url":"https:\/\/www.rossettiartecontemporanea.it\/en\/","name":"Rossetti Arte Contemporanea","description":"","publisher":{"@id":"https:\/\/www.rossettiartecontemporanea.it\/en\/#organization"},"potentialAction":[{"@type":"SearchAction","target":{"@type":"EntryPoint","urlTemplate":"https:\/\/www.rossettiartecontemporanea.it\/en\/?s={search_term_string}"},"query-input":{"@type":"PropertyValueSpecification","valueRequired":true,"valueName":"search_term_string"}}],"inLanguage":"en-US"},{"@type":"Organization","@id":"https:\/\/www.rossettiartecontemporanea.it\/en\/#organization","name":"Rossetti Arte Contemporanea","url":"https:\/\/www.rossettiartecontemporanea.it\/en\/","logo":{"@type":"ImageObject","inLanguage":"en-US","@id":"https:\/\/www.rossettiartecontemporanea.it\/en\/#\/schema\/logo\/image\/","url":"https:\/\/www.rossettiartecontemporanea.it\/wp-content\/uploads\/2024\/02\/logo-Rossetti-Arte-Contemporanea-black-2x-1.png","contentUrl":"https:\/\/www.rossettiartecontemporanea.it\/wp-content\/uploads\/2024\/02\/logo-Rossetti-Arte-Contemporanea-black-2x-1.png","width":611,"height":368,"caption":"Rossetti Arte Contemporanea"},"image":{"@id":"https:\/\/www.rossettiartecontemporanea.it\/en\/#\/schema\/logo\/image\/"},"sameAs":["https:\/\/www.facebook.com\/studio.rossetti.artecontemporanea","https:\/\/www.instagram.com\/studio_rossetti\/","https:\/\/www.youtube.com\/channel\/UC94tFj8zg6UV94quz_ysdgw"]},{"@type":"Person","@id":"https:\/\/www.rossettiartecontemporanea.it\/en\/#\/schema\/person\/9074b110f3bc10dbcc7dc86655489909","name":"dpsonlineweb"}]}},"_links":{"self":[{"href":"https:\/\/www.rossettiartecontemporanea.it\/en\/wp-json\/wp\/v2\/posts\/38580","targetHints":{"allow":["GET"]}}],"collection":[{"href":"https:\/\/www.rossettiartecontemporanea.it\/en\/wp-json\/wp\/v2\/posts"}],"about":[{"href":"https:\/\/www.rossettiartecontemporanea.it\/en\/wp-json\/wp\/v2\/types\/post"}],"author":[{"embeddable":true,"href":"https:\/\/www.rossettiartecontemporanea.it\/en\/wp-json\/wp\/v2\/users\/2"}],"replies":[{"embeddable":true,"href":"https:\/\/www.rossettiartecontemporanea.it\/en\/wp-json\/wp\/v2\/comments?post=38580"}],"version-history":[{"count":3,"href":"https:\/\/www.rossettiartecontemporanea.it\/en\/wp-json\/wp\/v2\/posts\/38580\/revisions"}],"predecessor-version":[{"id":38743,"href":"https:\/\/www.rossettiartecontemporanea.it\/en\/wp-json\/wp\/v2\/posts\/38580\/revisions\/38743"}],"wp:featuredmedia":[{"embeddable":true,"href":"https:\/\/www.rossettiartecontemporanea.it\/en\/wp-json\/wp\/v2\/media\/38596"}],"wp:attachment":[{"href":"https:\/\/www.rossettiartecontemporanea.it\/en\/wp-json\/wp\/v2\/media?parent=38580"}],"wp:term":[{"taxonomy":"category","embeddable":true,"href":"https:\/\/www.rossettiartecontemporanea.it\/en\/wp-json\/wp\/v2\/categories?post=38580"},{"taxonomy":"post_tag","embeddable":true,"href":"https:\/\/www.rossettiartecontemporanea.it\/en\/wp-json\/wp\/v2\/tags?post=38580"}],"curies":[{"name":"wp","href":"https:\/\/api.w.org\/{rel}","templated":true}]}}