{"id":38593,"date":"2023-09-21T10:49:30","date_gmt":"2023-09-21T08:49:30","guid":{"rendered":"http:\/\/www.rossettiartecontemporanea.it\/?p=38593"},"modified":"2023-12-06T13:24:19","modified_gmt":"2023-12-06T12:24:19","slug":"operae-la-scultura-di-gianni-lucchesi-a-genova","status":"publish","type":"post","link":"https:\/\/www.rossettiartecontemporanea.it\/en\/operae-la-scultura-di-gianni-lucchesi-a-genova\/","title":{"rendered":"\u201cOPERAE\u201d, la scultura di Gianni Lucchesi a Genova"},"content":{"rendered":"\n<p>Tratto da: <a href=\"https:\/\/artemagazine.it\/2023\/09\/21\/operae-la-scultura-di-gianni-lucchesi-sul-rapporto-uomo-spazi\/\" target=\"_blank\" rel=\"noreferrer noopener\">https:\/\/www.artemagazine.it\/<\/a><\/p>\n\n\n\n<p>GENOVA \u2013 La<strong>&nbsp;Galleria Studio Rossetti<\/strong>&nbsp;di via Chiabrera 33 rosso presenta&nbsp;<em>Operae<\/em>&nbsp;dell\u2019artista<a href=\"https:\/\/artemagazine.it\/2022\/07\/25\/cosa-accade-se-il-sistema-si-blocca-irreversibilmente-lo-racconta-fatal-error-la-mostra-di-gianni-lucchesi-alla-pinacoteca-di-volterra\/\" target=\"_blank\" rel=\"noreferrer noopener\">&nbsp;<strong>Gianni Lucchesi<\/strong>,&nbsp;<\/a>un\u2019imponente installazione di 13 metri, collocata in piazza De Ferrari, nel cuore di Genova.&nbsp;<\/p>\n\n\n\n<p>L\u2019inaugurazione ufficiale avr\u00e0 luogo&nbsp;<strong>gioved\u00ec 21 settembre alle ore 20.<\/strong><\/p>\n\n\n\n<figure class=\"wp-block-gallery alignwide has-nested-images columns-default is-cropped wp-block-gallery-1 is-layout-flex wp-block-gallery-is-layout-flex\">\n<figure class=\"wp-block-image size-large\"><img fetchpriority=\"high\" decoding=\"async\" width=\"1024\" height=\"768\" data-id=\"38635\" src=\"https:\/\/www.rossettiartecontemporanea.it\/wp-content\/uploads\/2023\/09\/rassegna-stampa-gianni-lucchesi-1024x768.jpg\" alt=\"\" class=\"wp-image-38635\" srcset=\"https:\/\/www.rossettiartecontemporanea.it\/wp-content\/uploads\/2023\/09\/rassegna-stampa-gianni-lucchesi-1024x768.jpg 1024w, https:\/\/www.rossettiartecontemporanea.it\/wp-content\/uploads\/2023\/09\/rassegna-stampa-gianni-lucchesi-300x225.jpg 300w, https:\/\/www.rossettiartecontemporanea.it\/wp-content\/uploads\/2023\/09\/rassegna-stampa-gianni-lucchesi-768x576.jpg 768w, https:\/\/www.rossettiartecontemporanea.it\/wp-content\/uploads\/2023\/09\/rassegna-stampa-gianni-lucchesi-1536x1152.jpg 1536w, https:\/\/www.rossettiartecontemporanea.it\/wp-content\/uploads\/2023\/09\/rassegna-stampa-gianni-lucchesi-370x278.jpg 370w, https:\/\/www.rossettiartecontemporanea.it\/wp-content\/uploads\/2023\/09\/rassegna-stampa-gianni-lucchesi-840x630.jpg 840w, https:\/\/www.rossettiartecontemporanea.it\/wp-content\/uploads\/2023\/09\/rassegna-stampa-gianni-lucchesi-410x308.jpg 410w, https:\/\/www.rossettiartecontemporanea.it\/wp-content\/uploads\/2023\/09\/rassegna-stampa-gianni-lucchesi.jpg 1600w\" sizes=\"(max-width: 1024px) 100vw, 1024px\" \/><figcaption class=\"wp-element-caption\">Gianni Lucchesi, Operae<\/figcaption><\/figure>\n<\/figure>\n\n\n\n<h4 class=\"wp-block-heading\">L\u2019installazione e il suo significato&nbsp;<\/h4>\n\n\n\n<p>L\u2019installazione, realizzata in collaborazione&nbsp;<strong>con l\u2019azienda Giannoni &amp; Santoni<\/strong>, \u00e8 composta da&nbsp;<strong>dodici cubi di cemento<\/strong>&nbsp;che danno vita a una&nbsp;<strong>torre<\/strong>, culminante con la figura a grandezza naturale di un&nbsp;<strong>uomo seduto<\/strong>&nbsp;con lo sguardo rivolto verso l\u2019orizzonte.&nbsp;<\/p>\n\n\n\n<p>La disposizione dei cubi segue la&nbsp;<strong>sequenza aurea di Fibonacci<\/strong>, conferendo all\u2019opera un\u2019armonia matematica che sottolinea il&nbsp;<strong>connubio tra arte e scienza<\/strong>. I segni dorati che graffiano le superfici in cemento sono la sovrapposizione crescente verso l\u2019alto di un sigillo bruniano.<\/p>\n\n\n\n<p>L\u2019uomo rappresentato osserva il futuro davanti a s\u00e9, supportato da una colonna che costituisce il valore e l\u2019importanza del proprio intelletto e dei talenti che nella storia ha dimostrato di essere in grado di sviluppare.<\/p>\n\n\n\n<p>Lucchesi non d\u00e0 lezioni, n\u00e9 risposte. Vuole per\u00f2 stimolare una&nbsp;<strong>riflessione critica&nbsp;<\/strong>da parte dell\u2019osservatore riguardo la percezione di s\u00e9 stesso con e nello spazio circostante.&nbsp;<\/p>\n\n\n\n<h4 class=\"wp-block-heading\">Un\u2019opera itinerante<\/h4>\n\n\n\n<p>La prima presentazione dell\u2019opera \u00e8 avvenuta al&nbsp;<strong>FuoriSalone di Milano<\/strong>&nbsp;lo scorso aprile, nell\u2019ambito della mostra-evento&nbsp;<em>Interni Design Re-Evolution<\/em>, ospitata nel&nbsp;<strong>Cortile d\u2019Onore dell\u2019Universit\u00e0 degli Studi di Milano<\/strong>.<\/p>\n\n\n\n<p>La scelta di Genova, come sede successiva, sottolinea il ruolo centrale che la citt\u00e0 sta assumendo nell\u2019ambito della cultura italiana.<\/p>\n\n\n\n<p>Dopo Genova,&nbsp;<em>Operae<\/em>&nbsp;intraprender\u00e0 un tour, che toccher\u00e0 le&nbsp;<strong>principali citt\u00e0 culturali italiane<\/strong>&nbsp;nel corso del 2024.<\/p>\n\n\n\n<p>Parallelamente all\u2019installazione, presso la&nbsp;<strong>Galleria Studio Rossetti<\/strong>, si terr\u00e0 la mostra personale dell\u2019artista intitolata&nbsp;<em>Houston, che sfortuna<\/em>, curata dalla scrittrice e curatrice d\u2019arte&nbsp;<strong>Alessandra Redaelli.<\/strong><\/p>\n\n\n\n<p>L\u2019esposizione sar\u00e0 inaugurata&nbsp;<strong>gioved\u00ec 5 ottobre&nbsp;<\/strong>alle ore 18, in concomitanza con&nbsp;<strong>Genova START,<\/strong>&nbsp;la notte bianca dell\u2019arte moderna e contemporanea, e rimarr\u00e0 aperta al pubblico fino al&nbsp;<strong>5 novembre 2023.<\/strong><\/p>\n\n\n\n<h4 class=\"wp-block-heading\">Vademecum<\/h4>\n\n\n\n<p>Piazza De Ferrari \u2013 Genova<\/p>\n\n\n\n<p>21 settembre 2023 ore 20.00<br>20 settembre \u2013 5 novembre 2023<\/p>\n\n\n\n<p><strong>Galleria Studio Rossetti<\/strong><\/p>\n\n\n\n<p>Via Chiabrera, 33 r<br>16123 Genova<br>tel. +39.010.2367619<br>mob. +39.348.8257736<br>mail:&nbsp;<a href=\"mailto:info@galleriastudiorossetti.it\">info@galleriastudiorossetti.it<\/a><br>web:&nbsp;<a href=\"https:\/\/www.galleriastudiorossetti.it\/\">www.galleriastudiorossetti.it<\/a><\/p>\n\n\n\n<div style=\"height:15px\" aria-hidden=\"true\" class=\"wp-block-spacer\"><\/div>\n","protected":false},"excerpt":{"rendered":"<p>Tratto da: https:\/\/www.artemagazine.it\/ GENOVA \u2013 La&nbsp;Galleria Studio Rossetti&nbsp;di via Chiabrera 33 rosso presenta&nbsp;Operae&nbsp;dell\u2019artista&nbsp;Gianni Lucchesi,&nbsp;un\u2019imponente installazione di 13 metri, collocata in piazza De Ferrari, nel cuore di Genova.&nbsp; L\u2019inaugurazione ufficiale avr\u00e0&hellip;<\/p>\n","protected":false},"author":2,"featured_media":38635,"comment_status":"closed","ping_status":"open","sticky":false,"template":"","format":"standard","meta":{"_acf_changed":false,"footnotes":""},"categories":[351],"tags":[282],"class_list":["post-38593","post","type-post","status-publish","format-standard","has-post-thumbnail","hentry","category-rassegna-stampa","tag-gianni-lucchesi"],"acf":[],"yoast_head":"<!-- This site is optimized with the Yoast SEO plugin v25.1 - https:\/\/yoast.com\/wordpress\/plugins\/seo\/ -->\n<title>\u201cOPERAE\u201d, la scultura di Gianni Lucchesi a Genova - ROSSETTI arte contemporanea<\/title>\n<meta name=\"robots\" content=\"index, follow, max-snippet:-1, max-image-preview:large, max-video-preview:-1\" \/>\n<link rel=\"canonical\" href=\"https:\/\/www.rossettiartecontemporanea.it\/en\/operae-la-scultura-di-gianni-lucchesi-a-genova\/\" \/>\n<meta property=\"og:locale\" content=\"en_US\" \/>\n<meta property=\"og:type\" content=\"article\" \/>\n<meta property=\"og:title\" content=\"\u201cOPERAE\u201d, la scultura di Gianni Lucchesi a Genova - ROSSETTI arte contemporanea\" \/>\n<meta property=\"og:description\" content=\"Tratto da: https:\/\/www.artemagazine.it\/ GENOVA \u2013 La&nbsp;Galleria Studio Rossetti&nbsp;di via Chiabrera 33 rosso presenta&nbsp;Operae&nbsp;dell\u2019artista&nbsp;Gianni Lucchesi,&nbsp;un\u2019imponente installazione di 13 metri, collocata in piazza De Ferrari, nel cuore di Genova.&nbsp; L\u2019inaugurazione ufficiale avr\u00e0&hellip;\" \/>\n<meta property=\"og:url\" content=\"https:\/\/www.rossettiartecontemporanea.it\/en\/operae-la-scultura-di-gianni-lucchesi-a-genova\/\" \/>\n<meta property=\"og:site_name\" content=\"ROSSETTI arte contemporanea\" \/>\n<meta property=\"article:publisher\" content=\"https:\/\/www.facebook.com\/studio.rossetti.artecontemporanea\" \/>\n<meta property=\"article:published_time\" content=\"2023-09-21T08:49:30+00:00\" \/>\n<meta property=\"article:modified_time\" content=\"2023-12-06T12:24:19+00:00\" \/>\n<meta property=\"og:image\" content=\"https:\/\/www.rossettiartecontemporanea.it\/wp-content\/uploads\/2023\/09\/rassegna-stampa-gianni-lucchesi.jpg\" \/>\n\t<meta property=\"og:image:width\" content=\"1600\" \/>\n\t<meta property=\"og:image:height\" content=\"1200\" \/>\n\t<meta property=\"og:image:type\" content=\"image\/jpeg\" \/>\n<meta name=\"author\" content=\"dpsonlineweb\" \/>\n<meta name=\"twitter:card\" content=\"summary_large_image\" \/>\n<meta name=\"twitter:label1\" content=\"Written by\" \/>\n\t<meta name=\"twitter:data1\" content=\"dpsonlineweb\" \/>\n\t<meta name=\"twitter:label2\" content=\"Est. reading time\" \/>\n\t<meta name=\"twitter:data2\" content=\"3 minutes\" \/>\n<script type=\"application\/ld+json\" class=\"yoast-schema-graph\">{\"@context\":\"https:\/\/schema.org\",\"@graph\":[{\"@type\":\"Article\",\"@id\":\"https:\/\/www.rossettiartecontemporanea.it\/en\/operae-la-scultura-di-gianni-lucchesi-a-genova\/#article\",\"isPartOf\":{\"@id\":\"https:\/\/www.rossettiartecontemporanea.it\/en\/operae-la-scultura-di-gianni-lucchesi-a-genova\/\"},\"author\":{\"name\":\"dpsonlineweb\",\"@id\":\"https:\/\/www.rossettiartecontemporanea.it\/en\/#\/schema\/person\/9074b110f3bc10dbcc7dc86655489909\"},\"headline\":\"\u201cOPERAE\u201d, la scultura di Gianni Lucchesi a Genova\",\"datePublished\":\"2023-09-21T08:49:30+00:00\",\"dateModified\":\"2023-12-06T12:24:19+00:00\",\"mainEntityOfPage\":{\"@id\":\"https:\/\/www.rossettiartecontemporanea.it\/en\/operae-la-scultura-di-gianni-lucchesi-a-genova\/\"},\"wordCount\":402,\"publisher\":{\"@id\":\"https:\/\/www.rossettiartecontemporanea.it\/en\/#organization\"},\"image\":{\"@id\":\"https:\/\/www.rossettiartecontemporanea.it\/en\/operae-la-scultura-di-gianni-lucchesi-a-genova\/#primaryimage\"},\"thumbnailUrl\":\"https:\/\/www.rossettiartecontemporanea.it\/wp-content\/uploads\/2023\/09\/rassegna-stampa-gianni-lucchesi.jpg\",\"keywords\":[\"Gianni Lucchesi\"],\"articleSection\":[\"Rassegna stampa\"],\"inLanguage\":\"en-US\"},{\"@type\":\"WebPage\",\"@id\":\"https:\/\/www.rossettiartecontemporanea.it\/en\/operae-la-scultura-di-gianni-lucchesi-a-genova\/\",\"url\":\"https:\/\/www.rossettiartecontemporanea.it\/en\/operae-la-scultura-di-gianni-lucchesi-a-genova\/\",\"name\":\"\u201cOPERAE\u201d, la scultura di Gianni Lucchesi a Genova - ROSSETTI arte contemporanea\",\"isPartOf\":{\"@id\":\"https:\/\/www.rossettiartecontemporanea.it\/en\/#website\"},\"primaryImageOfPage\":{\"@id\":\"https:\/\/www.rossettiartecontemporanea.it\/en\/operae-la-scultura-di-gianni-lucchesi-a-genova\/#primaryimage\"},\"image\":{\"@id\":\"https:\/\/www.rossettiartecontemporanea.it\/en\/operae-la-scultura-di-gianni-lucchesi-a-genova\/#primaryimage\"},\"thumbnailUrl\":\"https:\/\/www.rossettiartecontemporanea.it\/wp-content\/uploads\/2023\/09\/rassegna-stampa-gianni-lucchesi.jpg\",\"datePublished\":\"2023-09-21T08:49:30+00:00\",\"dateModified\":\"2023-12-06T12:24:19+00:00\",\"breadcrumb\":{\"@id\":\"https:\/\/www.rossettiartecontemporanea.it\/en\/operae-la-scultura-di-gianni-lucchesi-a-genova\/#breadcrumb\"},\"inLanguage\":\"en-US\",\"potentialAction\":[{\"@type\":\"ReadAction\",\"target\":[\"https:\/\/www.rossettiartecontemporanea.it\/en\/operae-la-scultura-di-gianni-lucchesi-a-genova\/\"]}]},{\"@type\":\"ImageObject\",\"inLanguage\":\"en-US\",\"@id\":\"https:\/\/www.rossettiartecontemporanea.it\/en\/operae-la-scultura-di-gianni-lucchesi-a-genova\/#primaryimage\",\"url\":\"https:\/\/www.rossettiartecontemporanea.it\/wp-content\/uploads\/2023\/09\/rassegna-stampa-gianni-lucchesi.jpg\",\"contentUrl\":\"https:\/\/www.rossettiartecontemporanea.it\/wp-content\/uploads\/2023\/09\/rassegna-stampa-gianni-lucchesi.jpg\",\"width\":1600,\"height\":1200},{\"@type\":\"BreadcrumbList\",\"@id\":\"https:\/\/www.rossettiartecontemporanea.it\/en\/operae-la-scultura-di-gianni-lucchesi-a-genova\/#breadcrumb\",\"itemListElement\":[{\"@type\":\"ListItem\",\"position\":1,\"name\":\"Home\",\"item\":\"https:\/\/www.rossettiartecontemporanea.it\/en\/\"},{\"@type\":\"ListItem\",\"position\":2,\"name\":\"\u201cOPERAE\u201d, la scultura di Gianni Lucchesi a Genova\"}]},{\"@type\":\"WebSite\",\"@id\":\"https:\/\/www.rossettiartecontemporanea.it\/en\/#website\",\"url\":\"https:\/\/www.rossettiartecontemporanea.it\/en\/\",\"name\":\"Rossetti Arte Contemporanea\",\"description\":\"\",\"publisher\":{\"@id\":\"https:\/\/www.rossettiartecontemporanea.it\/en\/#organization\"},\"potentialAction\":[{\"@type\":\"SearchAction\",\"target\":{\"@type\":\"EntryPoint\",\"urlTemplate\":\"https:\/\/www.rossettiartecontemporanea.it\/en\/?s={search_term_string}\"},\"query-input\":{\"@type\":\"PropertyValueSpecification\",\"valueRequired\":true,\"valueName\":\"search_term_string\"}}],\"inLanguage\":\"en-US\"},{\"@type\":\"Organization\",\"@id\":\"https:\/\/www.rossettiartecontemporanea.it\/en\/#organization\",\"name\":\"Rossetti Arte Contemporanea\",\"url\":\"https:\/\/www.rossettiartecontemporanea.it\/en\/\",\"logo\":{\"@type\":\"ImageObject\",\"inLanguage\":\"en-US\",\"@id\":\"https:\/\/www.rossettiartecontemporanea.it\/en\/#\/schema\/logo\/image\/\",\"url\":\"https:\/\/www.rossettiartecontemporanea.it\/wp-content\/uploads\/2024\/02\/logo-Rossetti-Arte-Contemporanea-black-2x-1.png\",\"contentUrl\":\"https:\/\/www.rossettiartecontemporanea.it\/wp-content\/uploads\/2024\/02\/logo-Rossetti-Arte-Contemporanea-black-2x-1.png\",\"width\":611,\"height\":368,\"caption\":\"Rossetti Arte Contemporanea\"},\"image\":{\"@id\":\"https:\/\/www.rossettiartecontemporanea.it\/en\/#\/schema\/logo\/image\/\"},\"sameAs\":[\"https:\/\/www.facebook.com\/studio.rossetti.artecontemporanea\",\"https:\/\/www.instagram.com\/studio_rossetti\/\",\"https:\/\/www.youtube.com\/channel\/UC94tFj8zg6UV94quz_ysdgw\"]},{\"@type\":\"Person\",\"@id\":\"https:\/\/www.rossettiartecontemporanea.it\/en\/#\/schema\/person\/9074b110f3bc10dbcc7dc86655489909\",\"name\":\"dpsonlineweb\"}]}<\/script>\n<!-- \/ Yoast SEO plugin. -->","yoast_head_json":{"title":"\u201cOPERAE\u201d, la scultura di Gianni Lucchesi a Genova - ROSSETTI arte contemporanea","robots":{"index":"index","follow":"follow","max-snippet":"max-snippet:-1","max-image-preview":"max-image-preview:large","max-video-preview":"max-video-preview:-1"},"canonical":"https:\/\/www.rossettiartecontemporanea.it\/en\/operae-la-scultura-di-gianni-lucchesi-a-genova\/","og_locale":"en_US","og_type":"article","og_title":"\u201cOPERAE\u201d, la scultura di Gianni Lucchesi a Genova - ROSSETTI arte contemporanea","og_description":"Tratto da: https:\/\/www.artemagazine.it\/ GENOVA \u2013 La&nbsp;Galleria Studio Rossetti&nbsp;di via Chiabrera 33 rosso presenta&nbsp;Operae&nbsp;dell\u2019artista&nbsp;Gianni Lucchesi,&nbsp;un\u2019imponente installazione di 13 metri, collocata in piazza De Ferrari, nel cuore di Genova.&nbsp; L\u2019inaugurazione ufficiale avr\u00e0&hellip;","og_url":"https:\/\/www.rossettiartecontemporanea.it\/en\/operae-la-scultura-di-gianni-lucchesi-a-genova\/","og_site_name":"ROSSETTI arte contemporanea","article_publisher":"https:\/\/www.facebook.com\/studio.rossetti.artecontemporanea","article_published_time":"2023-09-21T08:49:30+00:00","article_modified_time":"2023-12-06T12:24:19+00:00","og_image":[{"width":1600,"height":1200,"url":"https:\/\/www.rossettiartecontemporanea.it\/wp-content\/uploads\/2023\/09\/rassegna-stampa-gianni-lucchesi.jpg","type":"image\/jpeg"}],"author":"dpsonlineweb","twitter_card":"summary_large_image","twitter_misc":{"Written by":"dpsonlineweb","Est. reading time":"3 minutes"},"schema":{"@context":"https:\/\/schema.org","@graph":[{"@type":"Article","@id":"https:\/\/www.rossettiartecontemporanea.it\/en\/operae-la-scultura-di-gianni-lucchesi-a-genova\/#article","isPartOf":{"@id":"https:\/\/www.rossettiartecontemporanea.it\/en\/operae-la-scultura-di-gianni-lucchesi-a-genova\/"},"author":{"name":"dpsonlineweb","@id":"https:\/\/www.rossettiartecontemporanea.it\/en\/#\/schema\/person\/9074b110f3bc10dbcc7dc86655489909"},"headline":"\u201cOPERAE\u201d, la scultura di Gianni Lucchesi a Genova","datePublished":"2023-09-21T08:49:30+00:00","dateModified":"2023-12-06T12:24:19+00:00","mainEntityOfPage":{"@id":"https:\/\/www.rossettiartecontemporanea.it\/en\/operae-la-scultura-di-gianni-lucchesi-a-genova\/"},"wordCount":402,"publisher":{"@id":"https:\/\/www.rossettiartecontemporanea.it\/en\/#organization"},"image":{"@id":"https:\/\/www.rossettiartecontemporanea.it\/en\/operae-la-scultura-di-gianni-lucchesi-a-genova\/#primaryimage"},"thumbnailUrl":"https:\/\/www.rossettiartecontemporanea.it\/wp-content\/uploads\/2023\/09\/rassegna-stampa-gianni-lucchesi.jpg","keywords":["Gianni Lucchesi"],"articleSection":["Rassegna stampa"],"inLanguage":"en-US"},{"@type":"WebPage","@id":"https:\/\/www.rossettiartecontemporanea.it\/en\/operae-la-scultura-di-gianni-lucchesi-a-genova\/","url":"https:\/\/www.rossettiartecontemporanea.it\/en\/operae-la-scultura-di-gianni-lucchesi-a-genova\/","name":"\u201cOPERAE\u201d, la scultura di Gianni Lucchesi a Genova - ROSSETTI arte contemporanea","isPartOf":{"@id":"https:\/\/www.rossettiartecontemporanea.it\/en\/#website"},"primaryImageOfPage":{"@id":"https:\/\/www.rossettiartecontemporanea.it\/en\/operae-la-scultura-di-gianni-lucchesi-a-genova\/#primaryimage"},"image":{"@id":"https:\/\/www.rossettiartecontemporanea.it\/en\/operae-la-scultura-di-gianni-lucchesi-a-genova\/#primaryimage"},"thumbnailUrl":"https:\/\/www.rossettiartecontemporanea.it\/wp-content\/uploads\/2023\/09\/rassegna-stampa-gianni-lucchesi.jpg","datePublished":"2023-09-21T08:49:30+00:00","dateModified":"2023-12-06T12:24:19+00:00","breadcrumb":{"@id":"https:\/\/www.rossettiartecontemporanea.it\/en\/operae-la-scultura-di-gianni-lucchesi-a-genova\/#breadcrumb"},"inLanguage":"en-US","potentialAction":[{"@type":"ReadAction","target":["https:\/\/www.rossettiartecontemporanea.it\/en\/operae-la-scultura-di-gianni-lucchesi-a-genova\/"]}]},{"@type":"ImageObject","inLanguage":"en-US","@id":"https:\/\/www.rossettiartecontemporanea.it\/en\/operae-la-scultura-di-gianni-lucchesi-a-genova\/#primaryimage","url":"https:\/\/www.rossettiartecontemporanea.it\/wp-content\/uploads\/2023\/09\/rassegna-stampa-gianni-lucchesi.jpg","contentUrl":"https:\/\/www.rossettiartecontemporanea.it\/wp-content\/uploads\/2023\/09\/rassegna-stampa-gianni-lucchesi.jpg","width":1600,"height":1200},{"@type":"BreadcrumbList","@id":"https:\/\/www.rossettiartecontemporanea.it\/en\/operae-la-scultura-di-gianni-lucchesi-a-genova\/#breadcrumb","itemListElement":[{"@type":"ListItem","position":1,"name":"Home","item":"https:\/\/www.rossettiartecontemporanea.it\/en\/"},{"@type":"ListItem","position":2,"name":"\u201cOPERAE\u201d, la scultura di Gianni Lucchesi a Genova"}]},{"@type":"WebSite","@id":"https:\/\/www.rossettiartecontemporanea.it\/en\/#website","url":"https:\/\/www.rossettiartecontemporanea.it\/en\/","name":"Rossetti Arte Contemporanea","description":"","publisher":{"@id":"https:\/\/www.rossettiartecontemporanea.it\/en\/#organization"},"potentialAction":[{"@type":"SearchAction","target":{"@type":"EntryPoint","urlTemplate":"https:\/\/www.rossettiartecontemporanea.it\/en\/?s={search_term_string}"},"query-input":{"@type":"PropertyValueSpecification","valueRequired":true,"valueName":"search_term_string"}}],"inLanguage":"en-US"},{"@type":"Organization","@id":"https:\/\/www.rossettiartecontemporanea.it\/en\/#organization","name":"Rossetti Arte Contemporanea","url":"https:\/\/www.rossettiartecontemporanea.it\/en\/","logo":{"@type":"ImageObject","inLanguage":"en-US","@id":"https:\/\/www.rossettiartecontemporanea.it\/en\/#\/schema\/logo\/image\/","url":"https:\/\/www.rossettiartecontemporanea.it\/wp-content\/uploads\/2024\/02\/logo-Rossetti-Arte-Contemporanea-black-2x-1.png","contentUrl":"https:\/\/www.rossettiartecontemporanea.it\/wp-content\/uploads\/2024\/02\/logo-Rossetti-Arte-Contemporanea-black-2x-1.png","width":611,"height":368,"caption":"Rossetti Arte Contemporanea"},"image":{"@id":"https:\/\/www.rossettiartecontemporanea.it\/en\/#\/schema\/logo\/image\/"},"sameAs":["https:\/\/www.facebook.com\/studio.rossetti.artecontemporanea","https:\/\/www.instagram.com\/studio_rossetti\/","https:\/\/www.youtube.com\/channel\/UC94tFj8zg6UV94quz_ysdgw"]},{"@type":"Person","@id":"https:\/\/www.rossettiartecontemporanea.it\/en\/#\/schema\/person\/9074b110f3bc10dbcc7dc86655489909","name":"dpsonlineweb"}]}},"_links":{"self":[{"href":"https:\/\/www.rossettiartecontemporanea.it\/en\/wp-json\/wp\/v2\/posts\/38593","targetHints":{"allow":["GET"]}}],"collection":[{"href":"https:\/\/www.rossettiartecontemporanea.it\/en\/wp-json\/wp\/v2\/posts"}],"about":[{"href":"https:\/\/www.rossettiartecontemporanea.it\/en\/wp-json\/wp\/v2\/types\/post"}],"author":[{"embeddable":true,"href":"https:\/\/www.rossettiartecontemporanea.it\/en\/wp-json\/wp\/v2\/users\/2"}],"replies":[{"embeddable":true,"href":"https:\/\/www.rossettiartecontemporanea.it\/en\/wp-json\/wp\/v2\/comments?post=38593"}],"version-history":[{"count":3,"href":"https:\/\/www.rossettiartecontemporanea.it\/en\/wp-json\/wp\/v2\/posts\/38593\/revisions"}],"predecessor-version":[{"id":38729,"href":"https:\/\/www.rossettiartecontemporanea.it\/en\/wp-json\/wp\/v2\/posts\/38593\/revisions\/38729"}],"wp:featuredmedia":[{"embeddable":true,"href":"https:\/\/www.rossettiartecontemporanea.it\/en\/wp-json\/wp\/v2\/media\/38635"}],"wp:attachment":[{"href":"https:\/\/www.rossettiartecontemporanea.it\/en\/wp-json\/wp\/v2\/media?parent=38593"}],"wp:term":[{"taxonomy":"category","embeddable":true,"href":"https:\/\/www.rossettiartecontemporanea.it\/en\/wp-json\/wp\/v2\/categories?post=38593"},{"taxonomy":"post_tag","embeddable":true,"href":"https:\/\/www.rossettiartecontemporanea.it\/en\/wp-json\/wp\/v2\/tags?post=38593"}],"curies":[{"name":"wp","href":"https:\/\/api.w.org\/{rel}","templated":true}]}}