{"id":38598,"date":"2023-12-06T10:54:41","date_gmt":"2023-12-06T09:54:41","guid":{"rendered":"http:\/\/www.rossettiartecontemporanea.it\/?p=38598"},"modified":"2024-06-11T16:40:00","modified_gmt":"2024-06-11T14:40:00","slug":"silvio-porzionato-the-book-ediz-italiana-e-inglese","status":"publish","type":"post","link":"https:\/\/www.rossettiartecontemporanea.it\/en\/silvio-porzionato-the-book-ediz-italiana-e-inglese\/","title":{"rendered":"Silvio Porzionato: The book"},"content":{"rendered":"\n<p>Tratto da: <a href=\"https:\/\/www.mondadoristore.it\/Silvio-Porzionato-The-book-na\/eai978889992885\/#tabMenu-8\" target=\"_blank\" rel=\"noreferrer noopener\">https:\/\/www.mondadoristore.it\/<\/a><\/p>\n\n\n\n<p>Se la vita \u00e8 un cammino, questo volume \u00e8 una tappa, una sosta per fare due foto, bere un sorso d&#8217;acqua e voltarsi indietro per osservare quanta strada si \u00e8 percorsa. Quella di Silvio, cos\u00ec come tante vite d&#8217;artista, \u00e8 un&#8217;esistenza vissuta di corsa, col piede pigiato sull&#8217;acceleratore. E frenesia, \u00e8 necessit\u00e0 di finire un&#8217;opera per poterne iniziare un&#8217;altra, \u00e8 affanno di non tempo per poter realizzare tutto ci\u00f2 che l&#8217;anima riesce a immaginare. The Book \u00e8 caratterizzato da tre anime. La prima \u00e8 il racconto della vita artistica di Silvio, presentato attraverso immagini che parlano di ansie, di gioie, di obiettivi raggiunti e perduti. La seconda parte \u00e8 una chiacchierata fra amici, davanti a un bicchiere di vino. La terza \u00e8 un&#8217;importante raccolta delle opere pi\u00f9 significative di Silvio.<\/p>\n\n\n\n<figure class=\"wp-block-gallery alignwide has-nested-images columns-default is-cropped wp-block-gallery-1 is-layout-flex wp-block-gallery-is-layout-flex\">\n<figure class=\"wp-block-image size-large\"><img fetchpriority=\"high\" decoding=\"async\" width=\"1024\" height=\"609\" data-id=\"38596\" src=\"https:\/\/www.rossettiartecontemporanea.it\/wp-content\/uploads\/2023\/02\/rassegna-stampa-Silvio-Porzionato-the-book-1024x609.jpg\" alt=\"\" class=\"wp-image-38596\" srcset=\"https:\/\/www.rossettiartecontemporanea.it\/wp-content\/uploads\/2023\/02\/rassegna-stampa-Silvio-Porzionato-the-book-1024x609.jpg 1024w, https:\/\/www.rossettiartecontemporanea.it\/wp-content\/uploads\/2023\/02\/rassegna-stampa-Silvio-Porzionato-the-book-300x178.jpg 300w, https:\/\/www.rossettiartecontemporanea.it\/wp-content\/uploads\/2023\/02\/rassegna-stampa-Silvio-Porzionato-the-book-768x457.jpg 768w, https:\/\/www.rossettiartecontemporanea.it\/wp-content\/uploads\/2023\/02\/rassegna-stampa-Silvio-Porzionato-the-book-370x220.jpg 370w, https:\/\/www.rossettiartecontemporanea.it\/wp-content\/uploads\/2023\/02\/rassegna-stampa-Silvio-Porzionato-the-book-840x499.jpg 840w, https:\/\/www.rossettiartecontemporanea.it\/wp-content\/uploads\/2023\/02\/rassegna-stampa-Silvio-Porzionato-the-book-410x244.jpg 410w, https:\/\/www.rossettiartecontemporanea.it\/wp-content\/uploads\/2023\/02\/rassegna-stampa-Silvio-Porzionato-the-book.jpg 1280w\" sizes=\"(max-width: 1024px) 100vw, 1024px\" \/><figcaption class=\"wp-element-caption\">\u00abSilvio Porzionato the book\u00bb<\/figcaption><\/figure>\n<\/figure>\n\n\n\n<div style=\"height:15px\" aria-hidden=\"true\" class=\"wp-block-spacer\"><\/div>\n","protected":false},"excerpt":{"rendered":"<p>Tratto da: https:\/\/www.mondadoristore.it\/ Se la vita \u00e8 un cammino, questo volume \u00e8 una tappa, una sosta per fare due foto, bere un sorso d&#8217;acqua e voltarsi indietro per osservare quanta&hellip;<\/p>\n","protected":false},"author":2,"featured_media":38596,"comment_status":"closed","ping_status":"open","sticky":false,"template":"","format":"standard","meta":{"_acf_changed":false,"footnotes":""},"categories":[351],"tags":[316],"class_list":["post-38598","post","type-post","status-publish","format-standard","has-post-thumbnail","hentry","category-rassegna-stampa","tag-silvio-porzionato"],"acf":[],"yoast_head":"<!-- This site is optimized with the Yoast SEO plugin v25.1 - https:\/\/yoast.com\/wordpress\/plugins\/seo\/ -->\n<title>Silvio Porzionato: The book - ROSSETTI arte contemporanea<\/title>\n<meta name=\"robots\" content=\"index, follow, max-snippet:-1, max-image-preview:large, max-video-preview:-1\" \/>\n<link rel=\"canonical\" href=\"https:\/\/www.rossettiartecontemporanea.it\/en\/silvio-porzionato-the-book-ediz-italiana-e-inglese\/\" \/>\n<meta property=\"og:locale\" content=\"en_US\" \/>\n<meta property=\"og:type\" content=\"article\" \/>\n<meta property=\"og:title\" content=\"Silvio Porzionato: The book - ROSSETTI arte contemporanea\" \/>\n<meta property=\"og:description\" content=\"Tratto da: https:\/\/www.mondadoristore.it\/ Se la vita \u00e8 un cammino, questo volume \u00e8 una tappa, una sosta per fare due foto, bere un sorso d&#8217;acqua e voltarsi indietro per osservare quanta&hellip;\" \/>\n<meta property=\"og:url\" content=\"https:\/\/www.rossettiartecontemporanea.it\/en\/silvio-porzionato-the-book-ediz-italiana-e-inglese\/\" \/>\n<meta property=\"og:site_name\" content=\"ROSSETTI arte contemporanea\" \/>\n<meta property=\"article:publisher\" content=\"https:\/\/www.facebook.com\/studio.rossetti.artecontemporanea\" \/>\n<meta property=\"article:published_time\" content=\"2023-12-06T09:54:41+00:00\" \/>\n<meta property=\"article:modified_time\" content=\"2024-06-11T14:40:00+00:00\" \/>\n<meta property=\"og:image\" content=\"https:\/\/www.rossettiartecontemporanea.it\/wp-content\/uploads\/2023\/02\/rassegna-stampa-Silvio-Porzionato-the-book.jpg\" \/>\n\t<meta property=\"og:image:width\" content=\"1280\" \/>\n\t<meta property=\"og:image:height\" content=\"761\" \/>\n\t<meta property=\"og:image:type\" content=\"image\/jpeg\" \/>\n<meta name=\"author\" content=\"dpsonlineweb\" \/>\n<meta name=\"twitter:card\" content=\"summary_large_image\" \/>\n<meta name=\"twitter:label1\" content=\"Written by\" \/>\n\t<meta name=\"twitter:data1\" content=\"dpsonlineweb\" \/>\n\t<meta name=\"twitter:label2\" content=\"Est. reading time\" \/>\n\t<meta name=\"twitter:data2\" content=\"2 minutes\" \/>\n<script type=\"application\/ld+json\" class=\"yoast-schema-graph\">{\"@context\":\"https:\/\/schema.org\",\"@graph\":[{\"@type\":\"Article\",\"@id\":\"https:\/\/www.rossettiartecontemporanea.it\/en\/silvio-porzionato-the-book-ediz-italiana-e-inglese\/#article\",\"isPartOf\":{\"@id\":\"https:\/\/www.rossettiartecontemporanea.it\/en\/silvio-porzionato-the-book-ediz-italiana-e-inglese\/\"},\"author\":{\"name\":\"dpsonlineweb\",\"@id\":\"https:\/\/www.rossettiartecontemporanea.it\/en\/#\/schema\/person\/9074b110f3bc10dbcc7dc86655489909\"},\"headline\":\"Silvio Porzionato: The book\",\"datePublished\":\"2023-12-06T09:54:41+00:00\",\"dateModified\":\"2024-06-11T14:40:00+00:00\",\"mainEntityOfPage\":{\"@id\":\"https:\/\/www.rossettiartecontemporanea.it\/en\/silvio-porzionato-the-book-ediz-italiana-e-inglese\/\"},\"wordCount\":142,\"publisher\":{\"@id\":\"https:\/\/www.rossettiartecontemporanea.it\/en\/#organization\"},\"image\":{\"@id\":\"https:\/\/www.rossettiartecontemporanea.it\/en\/silvio-porzionato-the-book-ediz-italiana-e-inglese\/#primaryimage\"},\"thumbnailUrl\":\"https:\/\/www.rossettiartecontemporanea.it\/wp-content\/uploads\/2023\/02\/rassegna-stampa-Silvio-Porzionato-the-book.jpg\",\"keywords\":[\"Silvio Porzionato\"],\"articleSection\":[\"Rassegna stampa\"],\"inLanguage\":\"en-US\"},{\"@type\":\"WebPage\",\"@id\":\"https:\/\/www.rossettiartecontemporanea.it\/en\/silvio-porzionato-the-book-ediz-italiana-e-inglese\/\",\"url\":\"https:\/\/www.rossettiartecontemporanea.it\/en\/silvio-porzionato-the-book-ediz-italiana-e-inglese\/\",\"name\":\"Silvio Porzionato: The book - ROSSETTI arte contemporanea\",\"isPartOf\":{\"@id\":\"https:\/\/www.rossettiartecontemporanea.it\/en\/#website\"},\"primaryImageOfPage\":{\"@id\":\"https:\/\/www.rossettiartecontemporanea.it\/en\/silvio-porzionato-the-book-ediz-italiana-e-inglese\/#primaryimage\"},\"image\":{\"@id\":\"https:\/\/www.rossettiartecontemporanea.it\/en\/silvio-porzionato-the-book-ediz-italiana-e-inglese\/#primaryimage\"},\"thumbnailUrl\":\"https:\/\/www.rossettiartecontemporanea.it\/wp-content\/uploads\/2023\/02\/rassegna-stampa-Silvio-Porzionato-the-book.jpg\",\"datePublished\":\"2023-12-06T09:54:41+00:00\",\"dateModified\":\"2024-06-11T14:40:00+00:00\",\"breadcrumb\":{\"@id\":\"https:\/\/www.rossettiartecontemporanea.it\/en\/silvio-porzionato-the-book-ediz-italiana-e-inglese\/#breadcrumb\"},\"inLanguage\":\"en-US\",\"potentialAction\":[{\"@type\":\"ReadAction\",\"target\":[\"https:\/\/www.rossettiartecontemporanea.it\/en\/silvio-porzionato-the-book-ediz-italiana-e-inglese\/\"]}]},{\"@type\":\"ImageObject\",\"inLanguage\":\"en-US\",\"@id\":\"https:\/\/www.rossettiartecontemporanea.it\/en\/silvio-porzionato-the-book-ediz-italiana-e-inglese\/#primaryimage\",\"url\":\"https:\/\/www.rossettiartecontemporanea.it\/wp-content\/uploads\/2023\/02\/rassegna-stampa-Silvio-Porzionato-the-book.jpg\",\"contentUrl\":\"https:\/\/www.rossettiartecontemporanea.it\/wp-content\/uploads\/2023\/02\/rassegna-stampa-Silvio-Porzionato-the-book.jpg\",\"width\":1280,\"height\":761},{\"@type\":\"BreadcrumbList\",\"@id\":\"https:\/\/www.rossettiartecontemporanea.it\/en\/silvio-porzionato-the-book-ediz-italiana-e-inglese\/#breadcrumb\",\"itemListElement\":[{\"@type\":\"ListItem\",\"position\":1,\"name\":\"Home\",\"item\":\"https:\/\/www.rossettiartecontemporanea.it\/en\/\"},{\"@type\":\"ListItem\",\"position\":2,\"name\":\"Silvio Porzionato: The book\"}]},{\"@type\":\"WebSite\",\"@id\":\"https:\/\/www.rossettiartecontemporanea.it\/en\/#website\",\"url\":\"https:\/\/www.rossettiartecontemporanea.it\/en\/\",\"name\":\"Rossetti Arte Contemporanea\",\"description\":\"\",\"publisher\":{\"@id\":\"https:\/\/www.rossettiartecontemporanea.it\/en\/#organization\"},\"potentialAction\":[{\"@type\":\"SearchAction\",\"target\":{\"@type\":\"EntryPoint\",\"urlTemplate\":\"https:\/\/www.rossettiartecontemporanea.it\/en\/?s={search_term_string}\"},\"query-input\":{\"@type\":\"PropertyValueSpecification\",\"valueRequired\":true,\"valueName\":\"search_term_string\"}}],\"inLanguage\":\"en-US\"},{\"@type\":\"Organization\",\"@id\":\"https:\/\/www.rossettiartecontemporanea.it\/en\/#organization\",\"name\":\"Rossetti Arte Contemporanea\",\"url\":\"https:\/\/www.rossettiartecontemporanea.it\/en\/\",\"logo\":{\"@type\":\"ImageObject\",\"inLanguage\":\"en-US\",\"@id\":\"https:\/\/www.rossettiartecontemporanea.it\/en\/#\/schema\/logo\/image\/\",\"url\":\"https:\/\/www.rossettiartecontemporanea.it\/wp-content\/uploads\/2024\/02\/logo-Rossetti-Arte-Contemporanea-black-2x-1.png\",\"contentUrl\":\"https:\/\/www.rossettiartecontemporanea.it\/wp-content\/uploads\/2024\/02\/logo-Rossetti-Arte-Contemporanea-black-2x-1.png\",\"width\":611,\"height\":368,\"caption\":\"Rossetti Arte Contemporanea\"},\"image\":{\"@id\":\"https:\/\/www.rossettiartecontemporanea.it\/en\/#\/schema\/logo\/image\/\"},\"sameAs\":[\"https:\/\/www.facebook.com\/studio.rossetti.artecontemporanea\",\"https:\/\/www.instagram.com\/studio_rossetti\/\",\"https:\/\/www.youtube.com\/channel\/UC94tFj8zg6UV94quz_ysdgw\"]},{\"@type\":\"Person\",\"@id\":\"https:\/\/www.rossettiartecontemporanea.it\/en\/#\/schema\/person\/9074b110f3bc10dbcc7dc86655489909\",\"name\":\"dpsonlineweb\"}]}<\/script>\n<!-- \/ Yoast SEO plugin. -->","yoast_head_json":{"title":"Silvio Porzionato: The book - ROSSETTI arte contemporanea","robots":{"index":"index","follow":"follow","max-snippet":"max-snippet:-1","max-image-preview":"max-image-preview:large","max-video-preview":"max-video-preview:-1"},"canonical":"https:\/\/www.rossettiartecontemporanea.it\/en\/silvio-porzionato-the-book-ediz-italiana-e-inglese\/","og_locale":"en_US","og_type":"article","og_title":"Silvio Porzionato: The book - ROSSETTI arte contemporanea","og_description":"Tratto da: https:\/\/www.mondadoristore.it\/ Se la vita \u00e8 un cammino, questo volume \u00e8 una tappa, una sosta per fare due foto, bere un sorso d&#8217;acqua e voltarsi indietro per osservare quanta&hellip;","og_url":"https:\/\/www.rossettiartecontemporanea.it\/en\/silvio-porzionato-the-book-ediz-italiana-e-inglese\/","og_site_name":"ROSSETTI arte contemporanea","article_publisher":"https:\/\/www.facebook.com\/studio.rossetti.artecontemporanea","article_published_time":"2023-12-06T09:54:41+00:00","article_modified_time":"2024-06-11T14:40:00+00:00","og_image":[{"width":1280,"height":761,"url":"https:\/\/www.rossettiartecontemporanea.it\/wp-content\/uploads\/2023\/02\/rassegna-stampa-Silvio-Porzionato-the-book.jpg","type":"image\/jpeg"}],"author":"dpsonlineweb","twitter_card":"summary_large_image","twitter_misc":{"Written by":"dpsonlineweb","Est. reading time":"2 minutes"},"schema":{"@context":"https:\/\/schema.org","@graph":[{"@type":"Article","@id":"https:\/\/www.rossettiartecontemporanea.it\/en\/silvio-porzionato-the-book-ediz-italiana-e-inglese\/#article","isPartOf":{"@id":"https:\/\/www.rossettiartecontemporanea.it\/en\/silvio-porzionato-the-book-ediz-italiana-e-inglese\/"},"author":{"name":"dpsonlineweb","@id":"https:\/\/www.rossettiartecontemporanea.it\/en\/#\/schema\/person\/9074b110f3bc10dbcc7dc86655489909"},"headline":"Silvio Porzionato: The book","datePublished":"2023-12-06T09:54:41+00:00","dateModified":"2024-06-11T14:40:00+00:00","mainEntityOfPage":{"@id":"https:\/\/www.rossettiartecontemporanea.it\/en\/silvio-porzionato-the-book-ediz-italiana-e-inglese\/"},"wordCount":142,"publisher":{"@id":"https:\/\/www.rossettiartecontemporanea.it\/en\/#organization"},"image":{"@id":"https:\/\/www.rossettiartecontemporanea.it\/en\/silvio-porzionato-the-book-ediz-italiana-e-inglese\/#primaryimage"},"thumbnailUrl":"https:\/\/www.rossettiartecontemporanea.it\/wp-content\/uploads\/2023\/02\/rassegna-stampa-Silvio-Porzionato-the-book.jpg","keywords":["Silvio Porzionato"],"articleSection":["Rassegna stampa"],"inLanguage":"en-US"},{"@type":"WebPage","@id":"https:\/\/www.rossettiartecontemporanea.it\/en\/silvio-porzionato-the-book-ediz-italiana-e-inglese\/","url":"https:\/\/www.rossettiartecontemporanea.it\/en\/silvio-porzionato-the-book-ediz-italiana-e-inglese\/","name":"Silvio Porzionato: The book - ROSSETTI arte contemporanea","isPartOf":{"@id":"https:\/\/www.rossettiartecontemporanea.it\/en\/#website"},"primaryImageOfPage":{"@id":"https:\/\/www.rossettiartecontemporanea.it\/en\/silvio-porzionato-the-book-ediz-italiana-e-inglese\/#primaryimage"},"image":{"@id":"https:\/\/www.rossettiartecontemporanea.it\/en\/silvio-porzionato-the-book-ediz-italiana-e-inglese\/#primaryimage"},"thumbnailUrl":"https:\/\/www.rossettiartecontemporanea.it\/wp-content\/uploads\/2023\/02\/rassegna-stampa-Silvio-Porzionato-the-book.jpg","datePublished":"2023-12-06T09:54:41+00:00","dateModified":"2024-06-11T14:40:00+00:00","breadcrumb":{"@id":"https:\/\/www.rossettiartecontemporanea.it\/en\/silvio-porzionato-the-book-ediz-italiana-e-inglese\/#breadcrumb"},"inLanguage":"en-US","potentialAction":[{"@type":"ReadAction","target":["https:\/\/www.rossettiartecontemporanea.it\/en\/silvio-porzionato-the-book-ediz-italiana-e-inglese\/"]}]},{"@type":"ImageObject","inLanguage":"en-US","@id":"https:\/\/www.rossettiartecontemporanea.it\/en\/silvio-porzionato-the-book-ediz-italiana-e-inglese\/#primaryimage","url":"https:\/\/www.rossettiartecontemporanea.it\/wp-content\/uploads\/2023\/02\/rassegna-stampa-Silvio-Porzionato-the-book.jpg","contentUrl":"https:\/\/www.rossettiartecontemporanea.it\/wp-content\/uploads\/2023\/02\/rassegna-stampa-Silvio-Porzionato-the-book.jpg","width":1280,"height":761},{"@type":"BreadcrumbList","@id":"https:\/\/www.rossettiartecontemporanea.it\/en\/silvio-porzionato-the-book-ediz-italiana-e-inglese\/#breadcrumb","itemListElement":[{"@type":"ListItem","position":1,"name":"Home","item":"https:\/\/www.rossettiartecontemporanea.it\/en\/"},{"@type":"ListItem","position":2,"name":"Silvio Porzionato: The book"}]},{"@type":"WebSite","@id":"https:\/\/www.rossettiartecontemporanea.it\/en\/#website","url":"https:\/\/www.rossettiartecontemporanea.it\/en\/","name":"Rossetti Arte Contemporanea","description":"","publisher":{"@id":"https:\/\/www.rossettiartecontemporanea.it\/en\/#organization"},"potentialAction":[{"@type":"SearchAction","target":{"@type":"EntryPoint","urlTemplate":"https:\/\/www.rossettiartecontemporanea.it\/en\/?s={search_term_string}"},"query-input":{"@type":"PropertyValueSpecification","valueRequired":true,"valueName":"search_term_string"}}],"inLanguage":"en-US"},{"@type":"Organization","@id":"https:\/\/www.rossettiartecontemporanea.it\/en\/#organization","name":"Rossetti Arte Contemporanea","url":"https:\/\/www.rossettiartecontemporanea.it\/en\/","logo":{"@type":"ImageObject","inLanguage":"en-US","@id":"https:\/\/www.rossettiartecontemporanea.it\/en\/#\/schema\/logo\/image\/","url":"https:\/\/www.rossettiartecontemporanea.it\/wp-content\/uploads\/2024\/02\/logo-Rossetti-Arte-Contemporanea-black-2x-1.png","contentUrl":"https:\/\/www.rossettiartecontemporanea.it\/wp-content\/uploads\/2024\/02\/logo-Rossetti-Arte-Contemporanea-black-2x-1.png","width":611,"height":368,"caption":"Rossetti Arte Contemporanea"},"image":{"@id":"https:\/\/www.rossettiartecontemporanea.it\/en\/#\/schema\/logo\/image\/"},"sameAs":["https:\/\/www.facebook.com\/studio.rossetti.artecontemporanea","https:\/\/www.instagram.com\/studio_rossetti\/","https:\/\/www.youtube.com\/channel\/UC94tFj8zg6UV94quz_ysdgw"]},{"@type":"Person","@id":"https:\/\/www.rossettiartecontemporanea.it\/en\/#\/schema\/person\/9074b110f3bc10dbcc7dc86655489909","name":"dpsonlineweb"}]}},"_links":{"self":[{"href":"https:\/\/www.rossettiartecontemporanea.it\/en\/wp-json\/wp\/v2\/posts\/38598","targetHints":{"allow":["GET"]}}],"collection":[{"href":"https:\/\/www.rossettiartecontemporanea.it\/en\/wp-json\/wp\/v2\/posts"}],"about":[{"href":"https:\/\/www.rossettiartecontemporanea.it\/en\/wp-json\/wp\/v2\/types\/post"}],"author":[{"embeddable":true,"href":"https:\/\/www.rossettiartecontemporanea.it\/en\/wp-json\/wp\/v2\/users\/2"}],"replies":[{"embeddable":true,"href":"https:\/\/www.rossettiartecontemporanea.it\/en\/wp-json\/wp\/v2\/comments?post=38598"}],"version-history":[{"count":4,"href":"https:\/\/www.rossettiartecontemporanea.it\/en\/wp-json\/wp\/v2\/posts\/38598\/revisions"}],"predecessor-version":[{"id":46944,"href":"https:\/\/www.rossettiartecontemporanea.it\/en\/wp-json\/wp\/v2\/posts\/38598\/revisions\/46944"}],"wp:featuredmedia":[{"embeddable":true,"href":"https:\/\/www.rossettiartecontemporanea.it\/en\/wp-json\/wp\/v2\/media\/38596"}],"wp:attachment":[{"href":"https:\/\/www.rossettiartecontemporanea.it\/en\/wp-json\/wp\/v2\/media?parent=38598"}],"wp:term":[{"taxonomy":"category","embeddable":true,"href":"https:\/\/www.rossettiartecontemporanea.it\/en\/wp-json\/wp\/v2\/categories?post=38598"},{"taxonomy":"post_tag","embeddable":true,"href":"https:\/\/www.rossettiartecontemporanea.it\/en\/wp-json\/wp\/v2\/tags?post=38598"}],"curies":[{"name":"wp","href":"https:\/\/api.w.org\/{rel}","templated":true}]}}