{"id":38654,"date":"2023-03-04T11:39:38","date_gmt":"2023-03-04T10:39:38","guid":{"rendered":"http:\/\/www.rossettiartecontemporanea.it\/?p=38654"},"modified":"2023-12-06T13:29:36","modified_gmt":"2023-12-06T12:29:36","slug":"gianni-lucchesi-signum","status":"publish","type":"post","link":"https:\/\/www.rossettiartecontemporanea.it\/en\/gianni-lucchesi-signum\/","title":{"rendered":"Gianni Lucchesi. SIGNUM"},"content":{"rendered":"\n<p>Tratto da: <a href=\"https:\/\/www.arte.it\/calendario-arte\/pisa\/mostra-gianni-lucchesi-signum-89719\" target=\"_blank\" rel=\"noreferrer noopener\">https:\/\/www.arte.it\/<\/a><\/p>\n\n\n\n<figure class=\"wp-block-image size-full\"><img fetchpriority=\"high\" decoding=\"async\" width=\"600\" height=\"450\" src=\"https:\/\/www.rossettiartecontemporanea.it\/wp-content\/uploads\/2023\/03\/rassegna-stampa-GianniLucchesi_NellaChiesadiSantaMariadellaSpina.jpg\" alt=\"\" class=\"wp-image-38662\" srcset=\"https:\/\/www.rossettiartecontemporanea.it\/wp-content\/uploads\/2023\/03\/rassegna-stampa-GianniLucchesi_NellaChiesadiSantaMariadellaSpina.jpg 600w, https:\/\/www.rossettiartecontemporanea.it\/wp-content\/uploads\/2023\/03\/rassegna-stampa-GianniLucchesi_NellaChiesadiSantaMariadellaSpina-300x225.jpg 300w, https:\/\/www.rossettiartecontemporanea.it\/wp-content\/uploads\/2023\/03\/rassegna-stampa-GianniLucchesi_NellaChiesadiSantaMariadellaSpina-370x278.jpg 370w, https:\/\/www.rossettiartecontemporanea.it\/wp-content\/uploads\/2023\/03\/rassegna-stampa-GianniLucchesi_NellaChiesadiSantaMariadellaSpina-410x308.jpg 410w\" sizes=\"(max-width: 600px) 100vw, 600px\" \/><figcaption class=\"wp-element-caption\">Gianni Lucchesi nella Chiesa di Santa Maria della Spina a Pisa<\/figcaption><\/figure>\n\n\n\n<p><strong>Dal 04 Marzo 2023 al 10 Aprile 2023<\/strong><\/p>\n\n\n\n<p><strong>PISA<\/strong><\/p>\n\n\n\n<p><strong>LUOGO:<\/strong>&nbsp;Chiesa di Santa Maria della Spina<\/p>\n\n\n\n<p><strong>INDIRIZZO:<\/strong>&nbsp;Lungarno Gambacorti<\/p>\n\n\n\n<p><strong>ORARI:<\/strong>&nbsp;gioved\u00ec e venerd\u00ec dalle 15 alle 19, sabato e domenica dalle 10 alle 13 e dalle 15 alle 19. Dal 1 aprile: tutti i giorni, tranne il marted\u00ec, dalle 10 alle 13 e dalle 15 alle 19<\/p>\n\n\n\n<p><strong>ENTI PROMOTORI:<\/strong><\/p>\n\n\n\n<p>Comune di Pisa, Archivio Dolfo, Galleria IPERCUBO<\/p>\n\n\n\n<p><strong>COSTO DEL BIGLIETTO:<\/strong>&nbsp;ingresso gratuito<\/p>\n\n\n\n<p>Segno, impronta, segnale, ordine, insegna, bandiera, presagio. \u00c8 questo, ma anche molto altro,&nbsp;<strong>Signum<\/strong>, l\u2019ultima opera di&nbsp;<strong>Gianni Lucchesi,&nbsp;<\/strong>in mostra nella<strong>&nbsp;Chiesa di Santa Maria della Spina<\/strong>,a&nbsp;<strong>Pisa<\/strong>,<strong>&nbsp;dal 5 marzo al 10 aprile<\/strong>.<br>\u00c8 lo spaesamento del nostro tempo, \u00e8 l\u2019ansia per il futuro, soprattutto nelle nuove generazioni, \u00e8 il rapporto, sempre complicato tra umano, natura e spiritualit\u00e0, che spinge l\u2019umano a ritrovare la \u2018teologia della natura\u2019, come propone il filosofo Hossein Nasr Seyyed. Da qui l\u2019intento dell\u2019artista di rappresentare il sintomo latente, inteso come qualcosa che rimane nascosto e che non appare esternamente se non attraverso la deformazione della morfologia e, quindi, di lavorare sul pavimento della chiesa che rappresenta il fondamento della fede, l\u2019umilt\u00e0, il credere a ci\u00f2 che non si vede.&nbsp;<br>Come si modifica la nostra \u2018percezione\u2019 della realt\u00e0, e quali sono le conseguenze antropologiche di queste trasformazioni profonde del nostro stare al mondo? Cosa accade quando il progetto antropocentrico mette in pericolo l&#8217;esistenza stessa della natura e, quindi, della nostra civilt\u00e0? Nello \u2018spaesamento\u2019 che caratterizza il nostro tempo, l\u2019artista imprime un \u2018segno\u2019 che ci interroga e al tempo stesso si fa presagio di nuove prospettive.<br>L\u2019installazione di Gianni Lucchesi, realizzata in laboratorio, \u00e8 semplicemente appoggiata sul pavimento della Chiesa senza alcun tipo di interferenza.&nbsp;<br>La luce, elemento funzionale alla drammaturgia dell\u2019installazione, coinvolge il pavimento e la scultura della Madonna della Rosa di Andrea e Nino Pisano.&nbsp;<br><br>\u201c<em>Per il piccolo gioiello architettonico della Chiesa di Santa Maria della Spina a Pisa, ho pensato di rinunciare a considerare il volume della chiesa come un contenitore espositivo. All\u2019interno delle suggestive mura di un\u2019architettura sacra, dove lo spirito viene sollecitato indipendentemente dal proprio credo, accade qualcosa, la manifestazione di un forte segnale, di un sintomo<\/em>\u201d racconta&nbsp;<strong>Gianni Lucchesi<\/strong>.<br><br>\u201c<em>Sotto il selciato c&#8217;\u00e8 (ancora) la spiaggia? In questa frase che trasforma in interrogazione uno degli slogan pi\u00f9 famosi del maggio parigino, sembra essere contenuta la chiave di volta del \u2018segno\u2019 impresso da Gianni Lucchesi. Se, infatti, quelle giornate del maggio annunciavano un nuovo mondo carico di promesse, in realt\u00e0 segnavano anche, e forse soprattutto, il tramonto della civilt\u00e0 moderna e quindi la fine di una \u2018percezione\u2019 del mondo che aveva messo al centro l&#8217;uomo e il suo progetto sulla natura<\/em>\u201d spiega il&nbsp;critico&nbsp;<strong>Nicolas Martino<\/strong>.<\/p>\n\n\n\n<p><strong>Gianni Lucchesi<\/strong>&nbsp;nasce a Pisa nel 1965. Dal 1985 espone in mostre personali e collettive sia in Italia che all\u2019estero. Nel 2006 riceve il premio Cisdac, il Centro Italo Svizzero per l\u2019Arte Contemporanea. Partecipa alla Biennale di Casablanca del 2014 e dal 2016 al 2019 a quattro edizioni del Museo della Follia curato da Vittorio Sgarbi. Dal 2019 espone in mostre curate e presentate da Nicolas Ballario. Nel 2021 vince il concorso per la realizzazione del monumento a Sandro Pertini a Savona.<\/p>\n\n\n\n<p><strong>Nicolas Martino<\/strong>, filosofo e critico, vive e lavora a Roma. Editor della rivista OperaViva Magazine, nei suoi testi si occupa soprattutto dei rapporti tra arte e politica. Insegna estetica nelle Accademie di Belle Arti di Sassari e Genova e alla NABA \u2013 Nuova Accademia di Belle Arti di Roma.<\/p>\n\n\n\n<p>Quello che ha contraddistinto il lavoro di Lucchesi degli ultimi anni \u00e8 stata l\u2019indagine dell\u2019interiore umano, declinata attraverso varie forme di rappresentazione, giocando sempre tra un \u201cfuori\u201d ed un \u201cdentro\u201d.&nbsp;<br>La sua intenzione non \u00e8 mai stata rivolta verso l\u2019individuo inteso come singola persona, ma bens\u00ec uno sguardo pi\u00f9 profondo rivolto ad universali meccanismi psicologici appartenenti alla condizione umana. Gli stessi titoli delle opere come \u201cl\u2019attesa\u201d, \u201ccherofobia\u201d e \u201cconflitto interiore\u201d esprimono concetti universali esistenziali, atteggiamenti e sentimenti riferiti a determinate condizioni dell\u2019umano.&nbsp;<br>Con il progetto&nbsp;<em>OUT THERE<\/em>&nbsp;presentato nel 2021 a&nbsp;Milano&nbsp;dalla galleria IPERCUBO, Lucchesi ha ribaltato concettualmente la direzione dello sguardo del suo intervento da una visione antropocentrica ad una visione proiettata verso l\u2019esterno.&nbsp;<br>In&nbsp;<strong><em>Signum<\/em><\/strong>&nbsp;l\u2019intento \u00e8 quello di stimolare una riflessione critica da parte dell\u2019osservatore riguardo alla propria percezione dell\u2019ambiente mediante una sorta di \u201cesperimento psicologico\u201d.&nbsp;<\/p>\n\n\n\n<div style=\"height:15px\" aria-hidden=\"true\" class=\"wp-block-spacer\"><\/div>\n","protected":false},"excerpt":{"rendered":"<p>Tratto da: https:\/\/www.arte.it\/ Dal 04 Marzo 2023 al 10 Aprile 2023 PISA LUOGO:&nbsp;Chiesa di Santa Maria della Spina INDIRIZZO:&nbsp;Lungarno Gambacorti ORARI:&nbsp;gioved\u00ec e venerd\u00ec dalle 15 alle 19, sabato e domenica&hellip;<\/p>\n","protected":false},"author":2,"featured_media":38662,"comment_status":"closed","ping_status":"open","sticky":false,"template":"","format":"standard","meta":{"_acf_changed":false,"footnotes":""},"categories":[351],"tags":[282],"class_list":["post-38654","post","type-post","status-publish","format-standard","has-post-thumbnail","hentry","category-rassegna-stampa","tag-gianni-lucchesi"],"acf":[],"yoast_head":"<!-- This site is optimized with the Yoast SEO plugin v25.1 - https:\/\/yoast.com\/wordpress\/plugins\/seo\/ -->\n<title>Gianni Lucchesi. SIGNUM - ROSSETTI arte contemporanea<\/title>\n<meta name=\"robots\" content=\"index, follow, max-snippet:-1, max-image-preview:large, max-video-preview:-1\" \/>\n<link rel=\"canonical\" href=\"https:\/\/www.rossettiartecontemporanea.it\/en\/gianni-lucchesi-signum\/\" \/>\n<meta property=\"og:locale\" content=\"en_US\" \/>\n<meta property=\"og:type\" content=\"article\" \/>\n<meta property=\"og:title\" content=\"Gianni Lucchesi. SIGNUM - ROSSETTI arte contemporanea\" \/>\n<meta property=\"og:description\" content=\"Tratto da: https:\/\/www.arte.it\/ Dal 04 Marzo 2023 al 10 Aprile 2023 PISA LUOGO:&nbsp;Chiesa di Santa Maria della Spina INDIRIZZO:&nbsp;Lungarno Gambacorti ORARI:&nbsp;gioved\u00ec e venerd\u00ec dalle 15 alle 19, sabato e domenica&hellip;\" \/>\n<meta property=\"og:url\" content=\"https:\/\/www.rossettiartecontemporanea.it\/en\/gianni-lucchesi-signum\/\" \/>\n<meta property=\"og:site_name\" content=\"ROSSETTI arte contemporanea\" \/>\n<meta property=\"article:publisher\" content=\"https:\/\/www.facebook.com\/studio.rossetti.artecontemporanea\" \/>\n<meta property=\"article:published_time\" content=\"2023-03-04T10:39:38+00:00\" \/>\n<meta property=\"article:modified_time\" content=\"2023-12-06T12:29:36+00:00\" \/>\n<meta property=\"og:image\" content=\"https:\/\/www.rossettiartecontemporanea.it\/wp-content\/uploads\/2023\/03\/rassegna-stampa-GianniLucchesi_NellaChiesadiSantaMariadellaSpina.jpg\" \/>\n\t<meta property=\"og:image:width\" content=\"600\" \/>\n\t<meta property=\"og:image:height\" content=\"450\" \/>\n\t<meta property=\"og:image:type\" content=\"image\/jpeg\" \/>\n<meta name=\"author\" content=\"dpsonlineweb\" \/>\n<meta name=\"twitter:card\" content=\"summary_large_image\" \/>\n<meta name=\"twitter:label1\" content=\"Written by\" \/>\n\t<meta name=\"twitter:data1\" content=\"dpsonlineweb\" \/>\n\t<meta name=\"twitter:label2\" content=\"Est. reading time\" \/>\n\t<meta name=\"twitter:data2\" content=\"5 minutes\" \/>\n<script type=\"application\/ld+json\" class=\"yoast-schema-graph\">{\"@context\":\"https:\/\/schema.org\",\"@graph\":[{\"@type\":\"Article\",\"@id\":\"https:\/\/www.rossettiartecontemporanea.it\/en\/gianni-lucchesi-signum\/#article\",\"isPartOf\":{\"@id\":\"https:\/\/www.rossettiartecontemporanea.it\/en\/gianni-lucchesi-signum\/\"},\"author\":{\"name\":\"dpsonlineweb\",\"@id\":\"https:\/\/www.rossettiartecontemporanea.it\/en\/#\/schema\/person\/9074b110f3bc10dbcc7dc86655489909\"},\"headline\":\"Gianni Lucchesi. SIGNUM\",\"datePublished\":\"2023-03-04T10:39:38+00:00\",\"dateModified\":\"2023-12-06T12:29:36+00:00\",\"mainEntityOfPage\":{\"@id\":\"https:\/\/www.rossettiartecontemporanea.it\/en\/gianni-lucchesi-signum\/\"},\"wordCount\":755,\"publisher\":{\"@id\":\"https:\/\/www.rossettiartecontemporanea.it\/en\/#organization\"},\"image\":{\"@id\":\"https:\/\/www.rossettiartecontemporanea.it\/en\/gianni-lucchesi-signum\/#primaryimage\"},\"thumbnailUrl\":\"https:\/\/www.rossettiartecontemporanea.it\/wp-content\/uploads\/2023\/03\/rassegna-stampa-GianniLucchesi_NellaChiesadiSantaMariadellaSpina.jpg\",\"keywords\":[\"Gianni Lucchesi\"],\"articleSection\":[\"Rassegna stampa\"],\"inLanguage\":\"en-US\"},{\"@type\":\"WebPage\",\"@id\":\"https:\/\/www.rossettiartecontemporanea.it\/en\/gianni-lucchesi-signum\/\",\"url\":\"https:\/\/www.rossettiartecontemporanea.it\/en\/gianni-lucchesi-signum\/\",\"name\":\"Gianni Lucchesi. SIGNUM - ROSSETTI arte contemporanea\",\"isPartOf\":{\"@id\":\"https:\/\/www.rossettiartecontemporanea.it\/en\/#website\"},\"primaryImageOfPage\":{\"@id\":\"https:\/\/www.rossettiartecontemporanea.it\/en\/gianni-lucchesi-signum\/#primaryimage\"},\"image\":{\"@id\":\"https:\/\/www.rossettiartecontemporanea.it\/en\/gianni-lucchesi-signum\/#primaryimage\"},\"thumbnailUrl\":\"https:\/\/www.rossettiartecontemporanea.it\/wp-content\/uploads\/2023\/03\/rassegna-stampa-GianniLucchesi_NellaChiesadiSantaMariadellaSpina.jpg\",\"datePublished\":\"2023-03-04T10:39:38+00:00\",\"dateModified\":\"2023-12-06T12:29:36+00:00\",\"breadcrumb\":{\"@id\":\"https:\/\/www.rossettiartecontemporanea.it\/en\/gianni-lucchesi-signum\/#breadcrumb\"},\"inLanguage\":\"en-US\",\"potentialAction\":[{\"@type\":\"ReadAction\",\"target\":[\"https:\/\/www.rossettiartecontemporanea.it\/en\/gianni-lucchesi-signum\/\"]}]},{\"@type\":\"ImageObject\",\"inLanguage\":\"en-US\",\"@id\":\"https:\/\/www.rossettiartecontemporanea.it\/en\/gianni-lucchesi-signum\/#primaryimage\",\"url\":\"https:\/\/www.rossettiartecontemporanea.it\/wp-content\/uploads\/2023\/03\/rassegna-stampa-GianniLucchesi_NellaChiesadiSantaMariadellaSpina.jpg\",\"contentUrl\":\"https:\/\/www.rossettiartecontemporanea.it\/wp-content\/uploads\/2023\/03\/rassegna-stampa-GianniLucchesi_NellaChiesadiSantaMariadellaSpina.jpg\",\"width\":600,\"height\":450},{\"@type\":\"BreadcrumbList\",\"@id\":\"https:\/\/www.rossettiartecontemporanea.it\/en\/gianni-lucchesi-signum\/#breadcrumb\",\"itemListElement\":[{\"@type\":\"ListItem\",\"position\":1,\"name\":\"Home\",\"item\":\"https:\/\/www.rossettiartecontemporanea.it\/en\/\"},{\"@type\":\"ListItem\",\"position\":2,\"name\":\"Gianni Lucchesi. SIGNUM\"}]},{\"@type\":\"WebSite\",\"@id\":\"https:\/\/www.rossettiartecontemporanea.it\/en\/#website\",\"url\":\"https:\/\/www.rossettiartecontemporanea.it\/en\/\",\"name\":\"Rossetti Arte Contemporanea\",\"description\":\"\",\"publisher\":{\"@id\":\"https:\/\/www.rossettiartecontemporanea.it\/en\/#organization\"},\"potentialAction\":[{\"@type\":\"SearchAction\",\"target\":{\"@type\":\"EntryPoint\",\"urlTemplate\":\"https:\/\/www.rossettiartecontemporanea.it\/en\/?s={search_term_string}\"},\"query-input\":{\"@type\":\"PropertyValueSpecification\",\"valueRequired\":true,\"valueName\":\"search_term_string\"}}],\"inLanguage\":\"en-US\"},{\"@type\":\"Organization\",\"@id\":\"https:\/\/www.rossettiartecontemporanea.it\/en\/#organization\",\"name\":\"Rossetti Arte Contemporanea\",\"url\":\"https:\/\/www.rossettiartecontemporanea.it\/en\/\",\"logo\":{\"@type\":\"ImageObject\",\"inLanguage\":\"en-US\",\"@id\":\"https:\/\/www.rossettiartecontemporanea.it\/en\/#\/schema\/logo\/image\/\",\"url\":\"https:\/\/www.rossettiartecontemporanea.it\/wp-content\/uploads\/2024\/02\/logo-Rossetti-Arte-Contemporanea-black-2x-1.png\",\"contentUrl\":\"https:\/\/www.rossettiartecontemporanea.it\/wp-content\/uploads\/2024\/02\/logo-Rossetti-Arte-Contemporanea-black-2x-1.png\",\"width\":611,\"height\":368,\"caption\":\"Rossetti Arte Contemporanea\"},\"image\":{\"@id\":\"https:\/\/www.rossettiartecontemporanea.it\/en\/#\/schema\/logo\/image\/\"},\"sameAs\":[\"https:\/\/www.facebook.com\/studio.rossetti.artecontemporanea\",\"https:\/\/www.instagram.com\/studio_rossetti\/\",\"https:\/\/www.youtube.com\/channel\/UC94tFj8zg6UV94quz_ysdgw\"]},{\"@type\":\"Person\",\"@id\":\"https:\/\/www.rossettiartecontemporanea.it\/en\/#\/schema\/person\/9074b110f3bc10dbcc7dc86655489909\",\"name\":\"dpsonlineweb\"}]}<\/script>\n<!-- \/ Yoast SEO plugin. -->","yoast_head_json":{"title":"Gianni Lucchesi. SIGNUM - ROSSETTI arte contemporanea","robots":{"index":"index","follow":"follow","max-snippet":"max-snippet:-1","max-image-preview":"max-image-preview:large","max-video-preview":"max-video-preview:-1"},"canonical":"https:\/\/www.rossettiartecontemporanea.it\/en\/gianni-lucchesi-signum\/","og_locale":"en_US","og_type":"article","og_title":"Gianni Lucchesi. SIGNUM - ROSSETTI arte contemporanea","og_description":"Tratto da: https:\/\/www.arte.it\/ Dal 04 Marzo 2023 al 10 Aprile 2023 PISA LUOGO:&nbsp;Chiesa di Santa Maria della Spina INDIRIZZO:&nbsp;Lungarno Gambacorti ORARI:&nbsp;gioved\u00ec e venerd\u00ec dalle 15 alle 19, sabato e domenica&hellip;","og_url":"https:\/\/www.rossettiartecontemporanea.it\/en\/gianni-lucchesi-signum\/","og_site_name":"ROSSETTI arte contemporanea","article_publisher":"https:\/\/www.facebook.com\/studio.rossetti.artecontemporanea","article_published_time":"2023-03-04T10:39:38+00:00","article_modified_time":"2023-12-06T12:29:36+00:00","og_image":[{"width":600,"height":450,"url":"https:\/\/www.rossettiartecontemporanea.it\/wp-content\/uploads\/2023\/03\/rassegna-stampa-GianniLucchesi_NellaChiesadiSantaMariadellaSpina.jpg","type":"image\/jpeg"}],"author":"dpsonlineweb","twitter_card":"summary_large_image","twitter_misc":{"Written by":"dpsonlineweb","Est. reading time":"5 minutes"},"schema":{"@context":"https:\/\/schema.org","@graph":[{"@type":"Article","@id":"https:\/\/www.rossettiartecontemporanea.it\/en\/gianni-lucchesi-signum\/#article","isPartOf":{"@id":"https:\/\/www.rossettiartecontemporanea.it\/en\/gianni-lucchesi-signum\/"},"author":{"name":"dpsonlineweb","@id":"https:\/\/www.rossettiartecontemporanea.it\/en\/#\/schema\/person\/9074b110f3bc10dbcc7dc86655489909"},"headline":"Gianni Lucchesi. SIGNUM","datePublished":"2023-03-04T10:39:38+00:00","dateModified":"2023-12-06T12:29:36+00:00","mainEntityOfPage":{"@id":"https:\/\/www.rossettiartecontemporanea.it\/en\/gianni-lucchesi-signum\/"},"wordCount":755,"publisher":{"@id":"https:\/\/www.rossettiartecontemporanea.it\/en\/#organization"},"image":{"@id":"https:\/\/www.rossettiartecontemporanea.it\/en\/gianni-lucchesi-signum\/#primaryimage"},"thumbnailUrl":"https:\/\/www.rossettiartecontemporanea.it\/wp-content\/uploads\/2023\/03\/rassegna-stampa-GianniLucchesi_NellaChiesadiSantaMariadellaSpina.jpg","keywords":["Gianni Lucchesi"],"articleSection":["Rassegna stampa"],"inLanguage":"en-US"},{"@type":"WebPage","@id":"https:\/\/www.rossettiartecontemporanea.it\/en\/gianni-lucchesi-signum\/","url":"https:\/\/www.rossettiartecontemporanea.it\/en\/gianni-lucchesi-signum\/","name":"Gianni Lucchesi. SIGNUM - ROSSETTI arte contemporanea","isPartOf":{"@id":"https:\/\/www.rossettiartecontemporanea.it\/en\/#website"},"primaryImageOfPage":{"@id":"https:\/\/www.rossettiartecontemporanea.it\/en\/gianni-lucchesi-signum\/#primaryimage"},"image":{"@id":"https:\/\/www.rossettiartecontemporanea.it\/en\/gianni-lucchesi-signum\/#primaryimage"},"thumbnailUrl":"https:\/\/www.rossettiartecontemporanea.it\/wp-content\/uploads\/2023\/03\/rassegna-stampa-GianniLucchesi_NellaChiesadiSantaMariadellaSpina.jpg","datePublished":"2023-03-04T10:39:38+00:00","dateModified":"2023-12-06T12:29:36+00:00","breadcrumb":{"@id":"https:\/\/www.rossettiartecontemporanea.it\/en\/gianni-lucchesi-signum\/#breadcrumb"},"inLanguage":"en-US","potentialAction":[{"@type":"ReadAction","target":["https:\/\/www.rossettiartecontemporanea.it\/en\/gianni-lucchesi-signum\/"]}]},{"@type":"ImageObject","inLanguage":"en-US","@id":"https:\/\/www.rossettiartecontemporanea.it\/en\/gianni-lucchesi-signum\/#primaryimage","url":"https:\/\/www.rossettiartecontemporanea.it\/wp-content\/uploads\/2023\/03\/rassegna-stampa-GianniLucchesi_NellaChiesadiSantaMariadellaSpina.jpg","contentUrl":"https:\/\/www.rossettiartecontemporanea.it\/wp-content\/uploads\/2023\/03\/rassegna-stampa-GianniLucchesi_NellaChiesadiSantaMariadellaSpina.jpg","width":600,"height":450},{"@type":"BreadcrumbList","@id":"https:\/\/www.rossettiartecontemporanea.it\/en\/gianni-lucchesi-signum\/#breadcrumb","itemListElement":[{"@type":"ListItem","position":1,"name":"Home","item":"https:\/\/www.rossettiartecontemporanea.it\/en\/"},{"@type":"ListItem","position":2,"name":"Gianni Lucchesi. SIGNUM"}]},{"@type":"WebSite","@id":"https:\/\/www.rossettiartecontemporanea.it\/en\/#website","url":"https:\/\/www.rossettiartecontemporanea.it\/en\/","name":"Rossetti Arte Contemporanea","description":"","publisher":{"@id":"https:\/\/www.rossettiartecontemporanea.it\/en\/#organization"},"potentialAction":[{"@type":"SearchAction","target":{"@type":"EntryPoint","urlTemplate":"https:\/\/www.rossettiartecontemporanea.it\/en\/?s={search_term_string}"},"query-input":{"@type":"PropertyValueSpecification","valueRequired":true,"valueName":"search_term_string"}}],"inLanguage":"en-US"},{"@type":"Organization","@id":"https:\/\/www.rossettiartecontemporanea.it\/en\/#organization","name":"Rossetti Arte Contemporanea","url":"https:\/\/www.rossettiartecontemporanea.it\/en\/","logo":{"@type":"ImageObject","inLanguage":"en-US","@id":"https:\/\/www.rossettiartecontemporanea.it\/en\/#\/schema\/logo\/image\/","url":"https:\/\/www.rossettiartecontemporanea.it\/wp-content\/uploads\/2024\/02\/logo-Rossetti-Arte-Contemporanea-black-2x-1.png","contentUrl":"https:\/\/www.rossettiartecontemporanea.it\/wp-content\/uploads\/2024\/02\/logo-Rossetti-Arte-Contemporanea-black-2x-1.png","width":611,"height":368,"caption":"Rossetti Arte Contemporanea"},"image":{"@id":"https:\/\/www.rossettiartecontemporanea.it\/en\/#\/schema\/logo\/image\/"},"sameAs":["https:\/\/www.facebook.com\/studio.rossetti.artecontemporanea","https:\/\/www.instagram.com\/studio_rossetti\/","https:\/\/www.youtube.com\/channel\/UC94tFj8zg6UV94quz_ysdgw"]},{"@type":"Person","@id":"https:\/\/www.rossettiartecontemporanea.it\/en\/#\/schema\/person\/9074b110f3bc10dbcc7dc86655489909","name":"dpsonlineweb"}]}},"_links":{"self":[{"href":"https:\/\/www.rossettiartecontemporanea.it\/en\/wp-json\/wp\/v2\/posts\/38654","targetHints":{"allow":["GET"]}}],"collection":[{"href":"https:\/\/www.rossettiartecontemporanea.it\/en\/wp-json\/wp\/v2\/posts"}],"about":[{"href":"https:\/\/www.rossettiartecontemporanea.it\/en\/wp-json\/wp\/v2\/types\/post"}],"author":[{"embeddable":true,"href":"https:\/\/www.rossettiartecontemporanea.it\/en\/wp-json\/wp\/v2\/users\/2"}],"replies":[{"embeddable":true,"href":"https:\/\/www.rossettiartecontemporanea.it\/en\/wp-json\/wp\/v2\/comments?post=38654"}],"version-history":[{"count":3,"href":"https:\/\/www.rossettiartecontemporanea.it\/en\/wp-json\/wp\/v2\/posts\/38654\/revisions"}],"predecessor-version":[{"id":38742,"href":"https:\/\/www.rossettiartecontemporanea.it\/en\/wp-json\/wp\/v2\/posts\/38654\/revisions\/38742"}],"wp:featuredmedia":[{"embeddable":true,"href":"https:\/\/www.rossettiartecontemporanea.it\/en\/wp-json\/wp\/v2\/media\/38662"}],"wp:attachment":[{"href":"https:\/\/www.rossettiartecontemporanea.it\/en\/wp-json\/wp\/v2\/media?parent=38654"}],"wp:term":[{"taxonomy":"category","embeddable":true,"href":"https:\/\/www.rossettiartecontemporanea.it\/en\/wp-json\/wp\/v2\/categories?post=38654"},{"taxonomy":"post_tag","embeddable":true,"href":"https:\/\/www.rossettiartecontemporanea.it\/en\/wp-json\/wp\/v2\/tags?post=38654"}],"curies":[{"name":"wp","href":"https:\/\/api.w.org\/{rel}","templated":true}]}}