{"id":38659,"date":"2023-10-04T11:42:17","date_gmt":"2023-10-04T09:42:17","guid":{"rendered":"http:\/\/www.rossettiartecontemporanea.it\/?p=38659"},"modified":"2023-12-06T13:23:46","modified_gmt":"2023-12-06T12:23:46","slug":"genova-gianni-lucchesi-racconta-la-sua-scultura-operae-restera-a-de-ferrari-fino-al-5-novembre","status":"publish","type":"post","link":"https:\/\/www.rossettiartecontemporanea.it\/en\/genova-gianni-lucchesi-racconta-la-sua-scultura-operae-restera-a-de-ferrari-fino-al-5-novembre\/","title":{"rendered":"Genova, Gianni Lucchesi racconta la sua scultura &#8220;Operae&#8221;: rester\u00e0 a De Ferrari fino al 5 novembre"},"content":{"rendered":"\n<p>Tratto da: <a href=\"https:\/\/telenord.it\/genova-gianni-lucchesi-racconta-la-sua-scultura-operae-restera-a-de-ferrari-fino-al-5-novembre-61810\" target=\"_blank\" rel=\"noreferrer noopener\">https:\/\/www.telenord.it\/<\/a><\/p>\n\n\n\n<p>di Anna Li Vigni&nbsp;<\/p>\n\n\n\n<p>L&#8217;artista toscano: &#8220;Rappresenta un uomo seduto sul suo passato mentre guarda verso il futuro&#8221;<\/p>\n\n\n\n<figure class=\"wp-block-gallery alignwide has-nested-images columns-default is-cropped wp-block-gallery-1 is-layout-flex wp-block-gallery-is-layout-flex\">\n<figure class=\"wp-block-image size-full\"><img fetchpriority=\"high\" decoding=\"async\" width=\"782\" height=\"1024\" data-id=\"36825\" src=\"https:\/\/www.rossettiartecontemporanea.it\/wp-content\/uploads\/2023\/10\/blog-OPERAE-di-Gianni-Lucchesi-\u2013-Piazza-De-Ferrari-Genova-Galleria-Studio-Rossetti-06.jpg\" alt=\"\" class=\"wp-image-36825\" srcset=\"https:\/\/www.rossettiartecontemporanea.it\/wp-content\/uploads\/2023\/10\/blog-OPERAE-di-Gianni-Lucchesi-\u2013-Piazza-De-Ferrari-Genova-Galleria-Studio-Rossetti-06.jpg 782w, https:\/\/www.rossettiartecontemporanea.it\/wp-content\/uploads\/2023\/10\/blog-OPERAE-di-Gianni-Lucchesi-\u2013-Piazza-De-Ferrari-Genova-Galleria-Studio-Rossetti-06-229x300.jpg 229w, https:\/\/www.rossettiartecontemporanea.it\/wp-content\/uploads\/2023\/10\/blog-OPERAE-di-Gianni-Lucchesi-\u2013-Piazza-De-Ferrari-Genova-Galleria-Studio-Rossetti-06-768x1006.jpg 768w, https:\/\/www.rossettiartecontemporanea.it\/wp-content\/uploads\/2023\/10\/blog-OPERAE-di-Gianni-Lucchesi-\u2013-Piazza-De-Ferrari-Genova-Galleria-Studio-Rossetti-06-370x485.jpg 370w, https:\/\/www.rossettiartecontemporanea.it\/wp-content\/uploads\/2023\/10\/blog-OPERAE-di-Gianni-Lucchesi-\u2013-Piazza-De-Ferrari-Genova-Galleria-Studio-Rossetti-06-410x537.jpg 410w\" sizes=\"(max-width: 782px) 100vw, 782px\" \/><figcaption class=\"wp-element-caption\">Gianni Lucchesi, Operae<\/figcaption><\/figure>\n<\/figure>\n\n\n\n<p><strong>Piazza De Ferrari&nbsp;<\/strong>diventa galleria d&#8217;arte: la scultura dell&#8217;artista toscano&nbsp;<strong>Gianni Lucchesi&nbsp;<\/strong>sar\u00e0 uno stimolo all&#8217;arte per i visitatori della citt\u00e0. Rester\u00e0 esposta&nbsp;<strong>fino al 5 novembre.&nbsp;<\/strong><\/p>\n\n\n\n<p>&#8220;Rappresenta un uomo seduto sul suo passato mentre guarda verso il futuro&#8221;, cosi la descrive il suo creatore Gianni Lucchesi, in occasione dell&#8217;inaugurazione del progetto ideato dalla&nbsp;<strong>Galleria d&#8217;arte Rossetti di Genova<\/strong>.&nbsp;<\/p>\n\n\n\n<p>Gianni Lucchesi ha modellato a spatola e patinato la scultura in resina grazie alla collaborazione con&nbsp;<strong>l\u2019azienda Poliart<\/strong>, leader nella moderazione 3D di polistirene espanso<strong>. Filotto Srl&nbsp;<\/strong>ha progettato e realizzato l\u2019illuminazione interna ed esterna dell\u2019opera. Lo studio Ingegneria e dintorni di Pisa ha progettato la statica dell\u2019opera. L\u2019installazione genovese ha visto la collaborazione di Comune di Genova, Camera di Commercio, Confcommerio Genova ed \u00e8 stata sponsorizzata da PSA Italy, l\u2019azienda portuale che in Italia gestisce tre terminal container tra Venezia e Genova, I.M.S. S.p.A.,Ticketcrociere e Dpsonline.<\/p>\n\n\n\n<div style=\"height:15px\" aria-hidden=\"true\" class=\"wp-block-spacer\"><\/div>\n","protected":false},"excerpt":{"rendered":"<p>Tratto da: https:\/\/www.telenord.it\/ di Anna Li Vigni&nbsp; L&#8217;artista toscano: &#8220;Rappresenta un uomo seduto sul suo passato mentre guarda verso il futuro&#8221; Piazza De Ferrari&nbsp;diventa galleria d&#8217;arte: la scultura dell&#8217;artista toscano&nbsp;Gianni&hellip;<\/p>\n","protected":false},"author":2,"featured_media":36830,"comment_status":"closed","ping_status":"open","sticky":false,"template":"","format":"standard","meta":{"_acf_changed":false,"footnotes":""},"categories":[351],"tags":[282],"class_list":["post-38659","post","type-post","status-publish","format-standard","has-post-thumbnail","hentry","category-rassegna-stampa","tag-gianni-lucchesi"],"acf":[],"yoast_head":"<!-- This site is optimized with the Yoast SEO plugin v25.1 - https:\/\/yoast.com\/wordpress\/plugins\/seo\/ -->\n<title>Genova, Gianni Lucchesi racconta la sua scultura &quot;Operae&quot;: rester\u00e0 a De Ferrari fino al 5 novembre - ROSSETTI arte contemporanea<\/title>\n<meta name=\"robots\" content=\"index, follow, max-snippet:-1, max-image-preview:large, max-video-preview:-1\" \/>\n<link rel=\"canonical\" href=\"https:\/\/www.rossettiartecontemporanea.it\/en\/genova-gianni-lucchesi-racconta-la-sua-scultura-operae-restera-a-de-ferrari-fino-al-5-novembre\/\" \/>\n<meta property=\"og:locale\" content=\"en_US\" \/>\n<meta property=\"og:type\" content=\"article\" \/>\n<meta property=\"og:title\" content=\"Genova, Gianni Lucchesi racconta la sua scultura &quot;Operae&quot;: rester\u00e0 a De Ferrari fino al 5 novembre - ROSSETTI arte contemporanea\" \/>\n<meta property=\"og:description\" content=\"Tratto da: https:\/\/www.telenord.it\/ di Anna Li Vigni&nbsp; L&#8217;artista toscano: &#8220;Rappresenta un uomo seduto sul suo passato mentre guarda verso il futuro&#8221; Piazza De Ferrari&nbsp;diventa galleria d&#8217;arte: la scultura dell&#8217;artista toscano&nbsp;Gianni&hellip;\" \/>\n<meta property=\"og:url\" content=\"https:\/\/www.rossettiartecontemporanea.it\/en\/genova-gianni-lucchesi-racconta-la-sua-scultura-operae-restera-a-de-ferrari-fino-al-5-novembre\/\" \/>\n<meta property=\"og:site_name\" content=\"ROSSETTI arte contemporanea\" \/>\n<meta property=\"article:publisher\" content=\"https:\/\/www.facebook.com\/studio.rossetti.artecontemporanea\" \/>\n<meta property=\"article:published_time\" content=\"2023-10-04T09:42:17+00:00\" \/>\n<meta property=\"article:modified_time\" content=\"2023-12-06T12:23:46+00:00\" \/>\n<meta property=\"og:image\" content=\"https:\/\/www.rossettiartecontemporanea.it\/wp-content\/uploads\/2023\/10\/blog-OPERAE-di-Gianni-Lucchesi-\u2013-Piazza-De-Ferrari-Genova-Galleria-Studio-Rossetti.jpg\" \/>\n\t<meta property=\"og:image:width\" content=\"1920\" \/>\n\t<meta property=\"og:image:height\" content=\"1024\" \/>\n\t<meta property=\"og:image:type\" content=\"image\/jpeg\" \/>\n<meta name=\"author\" content=\"dpsonlineweb\" \/>\n<meta name=\"twitter:card\" content=\"summary_large_image\" \/>\n<meta name=\"twitter:label1\" content=\"Written by\" \/>\n\t<meta name=\"twitter:data1\" content=\"dpsonlineweb\" \/>\n\t<meta name=\"twitter:label2\" content=\"Est. reading time\" \/>\n\t<meta name=\"twitter:data2\" content=\"2 minutes\" \/>\n<script type=\"application\/ld+json\" class=\"yoast-schema-graph\">{\"@context\":\"https:\/\/schema.org\",\"@graph\":[{\"@type\":\"Article\",\"@id\":\"https:\/\/www.rossettiartecontemporanea.it\/en\/genova-gianni-lucchesi-racconta-la-sua-scultura-operae-restera-a-de-ferrari-fino-al-5-novembre\/#article\",\"isPartOf\":{\"@id\":\"https:\/\/www.rossettiartecontemporanea.it\/en\/genova-gianni-lucchesi-racconta-la-sua-scultura-operae-restera-a-de-ferrari-fino-al-5-novembre\/\"},\"author\":{\"name\":\"dpsonlineweb\",\"@id\":\"https:\/\/www.rossettiartecontemporanea.it\/en\/#\/schema\/person\/9074b110f3bc10dbcc7dc86655489909\"},\"headline\":\"Genova, Gianni Lucchesi racconta la sua scultura &#8220;Operae&#8221;: rester\u00e0 a De Ferrari fino al 5 novembre\",\"datePublished\":\"2023-10-04T09:42:17+00:00\",\"dateModified\":\"2023-12-06T12:23:46+00:00\",\"mainEntityOfPage\":{\"@id\":\"https:\/\/www.rossettiartecontemporanea.it\/en\/genova-gianni-lucchesi-racconta-la-sua-scultura-operae-restera-a-de-ferrari-fino-al-5-novembre\/\"},\"wordCount\":213,\"publisher\":{\"@id\":\"https:\/\/www.rossettiartecontemporanea.it\/en\/#organization\"},\"image\":{\"@id\":\"https:\/\/www.rossettiartecontemporanea.it\/en\/genova-gianni-lucchesi-racconta-la-sua-scultura-operae-restera-a-de-ferrari-fino-al-5-novembre\/#primaryimage\"},\"thumbnailUrl\":\"https:\/\/www.rossettiartecontemporanea.it\/wp-content\/uploads\/2023\/10\/blog-OPERAE-di-Gianni-Lucchesi-\u2013-Piazza-De-Ferrari-Genova-Galleria-Studio-Rossetti.jpg\",\"keywords\":[\"Gianni Lucchesi\"],\"articleSection\":[\"Rassegna stampa\"],\"inLanguage\":\"en-US\"},{\"@type\":\"WebPage\",\"@id\":\"https:\/\/www.rossettiartecontemporanea.it\/en\/genova-gianni-lucchesi-racconta-la-sua-scultura-operae-restera-a-de-ferrari-fino-al-5-novembre\/\",\"url\":\"https:\/\/www.rossettiartecontemporanea.it\/en\/genova-gianni-lucchesi-racconta-la-sua-scultura-operae-restera-a-de-ferrari-fino-al-5-novembre\/\",\"name\":\"Genova, Gianni Lucchesi racconta la sua scultura \\\"Operae\\\": rester\u00e0 a De Ferrari fino al 5 novembre - ROSSETTI arte contemporanea\",\"isPartOf\":{\"@id\":\"https:\/\/www.rossettiartecontemporanea.it\/en\/#website\"},\"primaryImageOfPage\":{\"@id\":\"https:\/\/www.rossettiartecontemporanea.it\/en\/genova-gianni-lucchesi-racconta-la-sua-scultura-operae-restera-a-de-ferrari-fino-al-5-novembre\/#primaryimage\"},\"image\":{\"@id\":\"https:\/\/www.rossettiartecontemporanea.it\/en\/genova-gianni-lucchesi-racconta-la-sua-scultura-operae-restera-a-de-ferrari-fino-al-5-novembre\/#primaryimage\"},\"thumbnailUrl\":\"https:\/\/www.rossettiartecontemporanea.it\/wp-content\/uploads\/2023\/10\/blog-OPERAE-di-Gianni-Lucchesi-\u2013-Piazza-De-Ferrari-Genova-Galleria-Studio-Rossetti.jpg\",\"datePublished\":\"2023-10-04T09:42:17+00:00\",\"dateModified\":\"2023-12-06T12:23:46+00:00\",\"breadcrumb\":{\"@id\":\"https:\/\/www.rossettiartecontemporanea.it\/en\/genova-gianni-lucchesi-racconta-la-sua-scultura-operae-restera-a-de-ferrari-fino-al-5-novembre\/#breadcrumb\"},\"inLanguage\":\"en-US\",\"potentialAction\":[{\"@type\":\"ReadAction\",\"target\":[\"https:\/\/www.rossettiartecontemporanea.it\/en\/genova-gianni-lucchesi-racconta-la-sua-scultura-operae-restera-a-de-ferrari-fino-al-5-novembre\/\"]}]},{\"@type\":\"ImageObject\",\"inLanguage\":\"en-US\",\"@id\":\"https:\/\/www.rossettiartecontemporanea.it\/en\/genova-gianni-lucchesi-racconta-la-sua-scultura-operae-restera-a-de-ferrari-fino-al-5-novembre\/#primaryimage\",\"url\":\"https:\/\/www.rossettiartecontemporanea.it\/wp-content\/uploads\/2023\/10\/blog-OPERAE-di-Gianni-Lucchesi-\u2013-Piazza-De-Ferrari-Genova-Galleria-Studio-Rossetti.jpg\",\"contentUrl\":\"https:\/\/www.rossettiartecontemporanea.it\/wp-content\/uploads\/2023\/10\/blog-OPERAE-di-Gianni-Lucchesi-\u2013-Piazza-De-Ferrari-Genova-Galleria-Studio-Rossetti.jpg\",\"width\":1920,\"height\":1024},{\"@type\":\"BreadcrumbList\",\"@id\":\"https:\/\/www.rossettiartecontemporanea.it\/en\/genova-gianni-lucchesi-racconta-la-sua-scultura-operae-restera-a-de-ferrari-fino-al-5-novembre\/#breadcrumb\",\"itemListElement\":[{\"@type\":\"ListItem\",\"position\":1,\"name\":\"Home\",\"item\":\"https:\/\/www.rossettiartecontemporanea.it\/en\/\"},{\"@type\":\"ListItem\",\"position\":2,\"name\":\"Genova, Gianni Lucchesi racconta la sua scultura &#8220;Operae&#8221;: rester\u00e0 a De Ferrari fino al 5 novembre\"}]},{\"@type\":\"WebSite\",\"@id\":\"https:\/\/www.rossettiartecontemporanea.it\/en\/#website\",\"url\":\"https:\/\/www.rossettiartecontemporanea.it\/en\/\",\"name\":\"Rossetti Arte Contemporanea\",\"description\":\"\",\"publisher\":{\"@id\":\"https:\/\/www.rossettiartecontemporanea.it\/en\/#organization\"},\"potentialAction\":[{\"@type\":\"SearchAction\",\"target\":{\"@type\":\"EntryPoint\",\"urlTemplate\":\"https:\/\/www.rossettiartecontemporanea.it\/en\/?s={search_term_string}\"},\"query-input\":{\"@type\":\"PropertyValueSpecification\",\"valueRequired\":true,\"valueName\":\"search_term_string\"}}],\"inLanguage\":\"en-US\"},{\"@type\":\"Organization\",\"@id\":\"https:\/\/www.rossettiartecontemporanea.it\/en\/#organization\",\"name\":\"Rossetti Arte Contemporanea\",\"url\":\"https:\/\/www.rossettiartecontemporanea.it\/en\/\",\"logo\":{\"@type\":\"ImageObject\",\"inLanguage\":\"en-US\",\"@id\":\"https:\/\/www.rossettiartecontemporanea.it\/en\/#\/schema\/logo\/image\/\",\"url\":\"https:\/\/www.rossettiartecontemporanea.it\/wp-content\/uploads\/2024\/02\/logo-Rossetti-Arte-Contemporanea-black-2x-1.png\",\"contentUrl\":\"https:\/\/www.rossettiartecontemporanea.it\/wp-content\/uploads\/2024\/02\/logo-Rossetti-Arte-Contemporanea-black-2x-1.png\",\"width\":611,\"height\":368,\"caption\":\"Rossetti Arte Contemporanea\"},\"image\":{\"@id\":\"https:\/\/www.rossettiartecontemporanea.it\/en\/#\/schema\/logo\/image\/\"},\"sameAs\":[\"https:\/\/www.facebook.com\/studio.rossetti.artecontemporanea\",\"https:\/\/www.instagram.com\/studio_rossetti\/\",\"https:\/\/www.youtube.com\/channel\/UC94tFj8zg6UV94quz_ysdgw\"]},{\"@type\":\"Person\",\"@id\":\"https:\/\/www.rossettiartecontemporanea.it\/en\/#\/schema\/person\/9074b110f3bc10dbcc7dc86655489909\",\"name\":\"dpsonlineweb\"}]}<\/script>\n<!-- \/ Yoast SEO plugin. -->","yoast_head_json":{"title":"Genova, Gianni Lucchesi racconta la sua scultura \"Operae\": rester\u00e0 a De Ferrari fino al 5 novembre - ROSSETTI arte contemporanea","robots":{"index":"index","follow":"follow","max-snippet":"max-snippet:-1","max-image-preview":"max-image-preview:large","max-video-preview":"max-video-preview:-1"},"canonical":"https:\/\/www.rossettiartecontemporanea.it\/en\/genova-gianni-lucchesi-racconta-la-sua-scultura-operae-restera-a-de-ferrari-fino-al-5-novembre\/","og_locale":"en_US","og_type":"article","og_title":"Genova, Gianni Lucchesi racconta la sua scultura \"Operae\": rester\u00e0 a De Ferrari fino al 5 novembre - ROSSETTI arte contemporanea","og_description":"Tratto da: https:\/\/www.telenord.it\/ di Anna Li Vigni&nbsp; L&#8217;artista toscano: &#8220;Rappresenta un uomo seduto sul suo passato mentre guarda verso il futuro&#8221; Piazza De Ferrari&nbsp;diventa galleria d&#8217;arte: la scultura dell&#8217;artista toscano&nbsp;Gianni&hellip;","og_url":"https:\/\/www.rossettiartecontemporanea.it\/en\/genova-gianni-lucchesi-racconta-la-sua-scultura-operae-restera-a-de-ferrari-fino-al-5-novembre\/","og_site_name":"ROSSETTI arte contemporanea","article_publisher":"https:\/\/www.facebook.com\/studio.rossetti.artecontemporanea","article_published_time":"2023-10-04T09:42:17+00:00","article_modified_time":"2023-12-06T12:23:46+00:00","og_image":[{"width":1920,"height":1024,"url":"https:\/\/www.rossettiartecontemporanea.it\/wp-content\/uploads\/2023\/10\/blog-OPERAE-di-Gianni-Lucchesi-\u2013-Piazza-De-Ferrari-Genova-Galleria-Studio-Rossetti.jpg","type":"image\/jpeg"}],"author":"dpsonlineweb","twitter_card":"summary_large_image","twitter_misc":{"Written by":"dpsonlineweb","Est. reading time":"2 minutes"},"schema":{"@context":"https:\/\/schema.org","@graph":[{"@type":"Article","@id":"https:\/\/www.rossettiartecontemporanea.it\/en\/genova-gianni-lucchesi-racconta-la-sua-scultura-operae-restera-a-de-ferrari-fino-al-5-novembre\/#article","isPartOf":{"@id":"https:\/\/www.rossettiartecontemporanea.it\/en\/genova-gianni-lucchesi-racconta-la-sua-scultura-operae-restera-a-de-ferrari-fino-al-5-novembre\/"},"author":{"name":"dpsonlineweb","@id":"https:\/\/www.rossettiartecontemporanea.it\/en\/#\/schema\/person\/9074b110f3bc10dbcc7dc86655489909"},"headline":"Genova, Gianni Lucchesi racconta la sua scultura &#8220;Operae&#8221;: rester\u00e0 a De Ferrari fino al 5 novembre","datePublished":"2023-10-04T09:42:17+00:00","dateModified":"2023-12-06T12:23:46+00:00","mainEntityOfPage":{"@id":"https:\/\/www.rossettiartecontemporanea.it\/en\/genova-gianni-lucchesi-racconta-la-sua-scultura-operae-restera-a-de-ferrari-fino-al-5-novembre\/"},"wordCount":213,"publisher":{"@id":"https:\/\/www.rossettiartecontemporanea.it\/en\/#organization"},"image":{"@id":"https:\/\/www.rossettiartecontemporanea.it\/en\/genova-gianni-lucchesi-racconta-la-sua-scultura-operae-restera-a-de-ferrari-fino-al-5-novembre\/#primaryimage"},"thumbnailUrl":"https:\/\/www.rossettiartecontemporanea.it\/wp-content\/uploads\/2023\/10\/blog-OPERAE-di-Gianni-Lucchesi-\u2013-Piazza-De-Ferrari-Genova-Galleria-Studio-Rossetti.jpg","keywords":["Gianni Lucchesi"],"articleSection":["Rassegna stampa"],"inLanguage":"en-US"},{"@type":"WebPage","@id":"https:\/\/www.rossettiartecontemporanea.it\/en\/genova-gianni-lucchesi-racconta-la-sua-scultura-operae-restera-a-de-ferrari-fino-al-5-novembre\/","url":"https:\/\/www.rossettiartecontemporanea.it\/en\/genova-gianni-lucchesi-racconta-la-sua-scultura-operae-restera-a-de-ferrari-fino-al-5-novembre\/","name":"Genova, Gianni Lucchesi racconta la sua scultura \"Operae\": rester\u00e0 a De Ferrari fino al 5 novembre - ROSSETTI arte contemporanea","isPartOf":{"@id":"https:\/\/www.rossettiartecontemporanea.it\/en\/#website"},"primaryImageOfPage":{"@id":"https:\/\/www.rossettiartecontemporanea.it\/en\/genova-gianni-lucchesi-racconta-la-sua-scultura-operae-restera-a-de-ferrari-fino-al-5-novembre\/#primaryimage"},"image":{"@id":"https:\/\/www.rossettiartecontemporanea.it\/en\/genova-gianni-lucchesi-racconta-la-sua-scultura-operae-restera-a-de-ferrari-fino-al-5-novembre\/#primaryimage"},"thumbnailUrl":"https:\/\/www.rossettiartecontemporanea.it\/wp-content\/uploads\/2023\/10\/blog-OPERAE-di-Gianni-Lucchesi-\u2013-Piazza-De-Ferrari-Genova-Galleria-Studio-Rossetti.jpg","datePublished":"2023-10-04T09:42:17+00:00","dateModified":"2023-12-06T12:23:46+00:00","breadcrumb":{"@id":"https:\/\/www.rossettiartecontemporanea.it\/en\/genova-gianni-lucchesi-racconta-la-sua-scultura-operae-restera-a-de-ferrari-fino-al-5-novembre\/#breadcrumb"},"inLanguage":"en-US","potentialAction":[{"@type":"ReadAction","target":["https:\/\/www.rossettiartecontemporanea.it\/en\/genova-gianni-lucchesi-racconta-la-sua-scultura-operae-restera-a-de-ferrari-fino-al-5-novembre\/"]}]},{"@type":"ImageObject","inLanguage":"en-US","@id":"https:\/\/www.rossettiartecontemporanea.it\/en\/genova-gianni-lucchesi-racconta-la-sua-scultura-operae-restera-a-de-ferrari-fino-al-5-novembre\/#primaryimage","url":"https:\/\/www.rossettiartecontemporanea.it\/wp-content\/uploads\/2023\/10\/blog-OPERAE-di-Gianni-Lucchesi-\u2013-Piazza-De-Ferrari-Genova-Galleria-Studio-Rossetti.jpg","contentUrl":"https:\/\/www.rossettiartecontemporanea.it\/wp-content\/uploads\/2023\/10\/blog-OPERAE-di-Gianni-Lucchesi-\u2013-Piazza-De-Ferrari-Genova-Galleria-Studio-Rossetti.jpg","width":1920,"height":1024},{"@type":"BreadcrumbList","@id":"https:\/\/www.rossettiartecontemporanea.it\/en\/genova-gianni-lucchesi-racconta-la-sua-scultura-operae-restera-a-de-ferrari-fino-al-5-novembre\/#breadcrumb","itemListElement":[{"@type":"ListItem","position":1,"name":"Home","item":"https:\/\/www.rossettiartecontemporanea.it\/en\/"},{"@type":"ListItem","position":2,"name":"Genova, Gianni Lucchesi racconta la sua scultura &#8220;Operae&#8221;: rester\u00e0 a De Ferrari fino al 5 novembre"}]},{"@type":"WebSite","@id":"https:\/\/www.rossettiartecontemporanea.it\/en\/#website","url":"https:\/\/www.rossettiartecontemporanea.it\/en\/","name":"Rossetti Arte Contemporanea","description":"","publisher":{"@id":"https:\/\/www.rossettiartecontemporanea.it\/en\/#organization"},"potentialAction":[{"@type":"SearchAction","target":{"@type":"EntryPoint","urlTemplate":"https:\/\/www.rossettiartecontemporanea.it\/en\/?s={search_term_string}"},"query-input":{"@type":"PropertyValueSpecification","valueRequired":true,"valueName":"search_term_string"}}],"inLanguage":"en-US"},{"@type":"Organization","@id":"https:\/\/www.rossettiartecontemporanea.it\/en\/#organization","name":"Rossetti Arte Contemporanea","url":"https:\/\/www.rossettiartecontemporanea.it\/en\/","logo":{"@type":"ImageObject","inLanguage":"en-US","@id":"https:\/\/www.rossettiartecontemporanea.it\/en\/#\/schema\/logo\/image\/","url":"https:\/\/www.rossettiartecontemporanea.it\/wp-content\/uploads\/2024\/02\/logo-Rossetti-Arte-Contemporanea-black-2x-1.png","contentUrl":"https:\/\/www.rossettiartecontemporanea.it\/wp-content\/uploads\/2024\/02\/logo-Rossetti-Arte-Contemporanea-black-2x-1.png","width":611,"height":368,"caption":"Rossetti Arte Contemporanea"},"image":{"@id":"https:\/\/www.rossettiartecontemporanea.it\/en\/#\/schema\/logo\/image\/"},"sameAs":["https:\/\/www.facebook.com\/studio.rossetti.artecontemporanea","https:\/\/www.instagram.com\/studio_rossetti\/","https:\/\/www.youtube.com\/channel\/UC94tFj8zg6UV94quz_ysdgw"]},{"@type":"Person","@id":"https:\/\/www.rossettiartecontemporanea.it\/en\/#\/schema\/person\/9074b110f3bc10dbcc7dc86655489909","name":"dpsonlineweb"}]}},"_links":{"self":[{"href":"https:\/\/www.rossettiartecontemporanea.it\/en\/wp-json\/wp\/v2\/posts\/38659","targetHints":{"allow":["GET"]}}],"collection":[{"href":"https:\/\/www.rossettiartecontemporanea.it\/en\/wp-json\/wp\/v2\/posts"}],"about":[{"href":"https:\/\/www.rossettiartecontemporanea.it\/en\/wp-json\/wp\/v2\/types\/post"}],"author":[{"embeddable":true,"href":"https:\/\/www.rossettiartecontemporanea.it\/en\/wp-json\/wp\/v2\/users\/2"}],"replies":[{"embeddable":true,"href":"https:\/\/www.rossettiartecontemporanea.it\/en\/wp-json\/wp\/v2\/comments?post=38659"}],"version-history":[{"count":3,"href":"https:\/\/www.rossettiartecontemporanea.it\/en\/wp-json\/wp\/v2\/posts\/38659\/revisions"}],"predecessor-version":[{"id":38727,"href":"https:\/\/www.rossettiartecontemporanea.it\/en\/wp-json\/wp\/v2\/posts\/38659\/revisions\/38727"}],"wp:featuredmedia":[{"embeddable":true,"href":"https:\/\/www.rossettiartecontemporanea.it\/en\/wp-json\/wp\/v2\/media\/36830"}],"wp:attachment":[{"href":"https:\/\/www.rossettiartecontemporanea.it\/en\/wp-json\/wp\/v2\/media?parent=38659"}],"wp:term":[{"taxonomy":"category","embeddable":true,"href":"https:\/\/www.rossettiartecontemporanea.it\/en\/wp-json\/wp\/v2\/categories?post=38659"},{"taxonomy":"post_tag","embeddable":true,"href":"https:\/\/www.rossettiartecontemporanea.it\/en\/wp-json\/wp\/v2\/tags?post=38659"}],"curies":[{"name":"wp","href":"https:\/\/api.w.org\/{rel}","templated":true}]}}