{"id":38680,"date":"2023-10-05T12:03:53","date_gmt":"2023-10-05T10:03:53","guid":{"rendered":"http:\/\/www.rossettiartecontemporanea.it\/?p=38680"},"modified":"2023-12-06T13:23:23","modified_gmt":"2023-12-06T12:23:23","slug":"un-lungo-scrutare-la-grande-installazione-di-gianni-lucchesi-in-piazza-a-genova","status":"publish","type":"post","link":"https:\/\/www.rossettiartecontemporanea.it\/en\/un-lungo-scrutare-la-grande-installazione-di-gianni-lucchesi-in-piazza-a-genova\/","title":{"rendered":"Un lungo scrutare: la grande installazione di Gianni Lucchesi in piazza a Genova"},"content":{"rendered":"\n<p>Tratto da: <a href=\"https:\/\/www.exibart.com\/progetti-e-iniziative\/un-lungo-scrutare-la-grande-installazione-di-gianni-lucchesi-in-piazza-a-genova\/\" target=\"_blank\" rel=\"noreferrer noopener\">https:\/\/www.exibart.com\/<\/a><\/p>\n\n\n\n<p>Arriva in piazza De Ferrari di Genova la scultura realizzata da Gianni Lucchesi e presentata dalla Galleria Studio Rossetti, che con i suoi 13 metri di altezza ci fa riflettere sull\u2019armonia tra uomo e natura.<\/p>\n\n\n\n<figure class=\"wp-block-gallery alignwide has-nested-images columns-default is-cropped wp-block-gallery-1 is-layout-flex wp-block-gallery-is-layout-flex\">\n<figure class=\"wp-block-image size-large\"><img fetchpriority=\"high\" decoding=\"async\" width=\"1024\" height=\"768\" data-id=\"38693\" src=\"https:\/\/www.rossettiartecontemporanea.it\/wp-content\/uploads\/2023\/10\/rassegna-stampa-2_OPERAE_di_GianniLucchesi_\u00a9Carlo-Alberto-Arzela-1024x768.jpg\" alt=\"\" class=\"wp-image-38693\" srcset=\"https:\/\/www.rossettiartecontemporanea.it\/wp-content\/uploads\/2023\/10\/rassegna-stampa-2_OPERAE_di_GianniLucchesi_\u00a9Carlo-Alberto-Arzela-1024x768.jpg 1024w, https:\/\/www.rossettiartecontemporanea.it\/wp-content\/uploads\/2023\/10\/rassegna-stampa-2_OPERAE_di_GianniLucchesi_\u00a9Carlo-Alberto-Arzela-300x225.jpg 300w, https:\/\/www.rossettiartecontemporanea.it\/wp-content\/uploads\/2023\/10\/rassegna-stampa-2_OPERAE_di_GianniLucchesi_\u00a9Carlo-Alberto-Arzela-768x576.jpg 768w, https:\/\/www.rossettiartecontemporanea.it\/wp-content\/uploads\/2023\/10\/rassegna-stampa-2_OPERAE_di_GianniLucchesi_\u00a9Carlo-Alberto-Arzela-1536x1152.jpg 1536w, https:\/\/www.rossettiartecontemporanea.it\/wp-content\/uploads\/2023\/10\/rassegna-stampa-2_OPERAE_di_GianniLucchesi_\u00a9Carlo-Alberto-Arzela-370x278.jpg 370w, https:\/\/www.rossettiartecontemporanea.it\/wp-content\/uploads\/2023\/10\/rassegna-stampa-2_OPERAE_di_GianniLucchesi_\u00a9Carlo-Alberto-Arzela-840x630.jpg 840w, https:\/\/www.rossettiartecontemporanea.it\/wp-content\/uploads\/2023\/10\/rassegna-stampa-2_OPERAE_di_GianniLucchesi_\u00a9Carlo-Alberto-Arzela-410x308.jpg 410w, https:\/\/www.rossettiartecontemporanea.it\/wp-content\/uploads\/2023\/10\/rassegna-stampa-2_OPERAE_di_GianniLucchesi_\u00a9Carlo-Alberto-Arzela.jpg 1920w\" sizes=\"(max-width: 1024px) 100vw, 1024px\" \/><figcaption class=\"wp-element-caption\">OPERAE, Gianni Lucchesi, \u00a9 Carlo Alberto Arzel\u00e0, Genova, 2023<\/figcaption><\/figure>\n<\/figure>\n\n\n\n<p>L\u2019orizzonte dello sguardo come il paesaggio di un futuro sul quale riflettere: arriva a Genova, in piazza De Ferrari,&nbsp;<em>Operae<\/em>, la grande scultura di&nbsp;<strong>Gianni Lucchesi<\/strong>&nbsp;che, dall\u2019alto dei suoi 13 metri, ci ricorda poeticamente le nostre responsabilit\u00e0 concrete nei confronti del nostro destino nel mondo. L\u2019opera, promossa dalla&nbsp;<a href=\"https:\/\/galleriastudiorossetti.it\/\" target=\"_blank\" rel=\"noreferrer noopener\">Galleria Studio Rossetti<\/a>, era stata presentata ad aprile, al FuoriSalone, nell\u2019ambito della mostra-evento&nbsp;<em>Interni Design Re-Evolution<\/em>, nel Cortile d\u2019Onore dell\u2019Universit\u00e0 degli Studi di Milano.<\/p>\n\n\n\n<p>L\u2019installazione, realizzata in collaborazione con&nbsp;<strong>Giannoni&amp;Santoni<\/strong>, \u00e8 costituita da 12 cubi in cemento che innalzano una torre alla cui sommit\u00e0 \u00e8 collocata la scultura a grandezza naturale di un uomo, seduto con lo sguardo verso l\u2019orizzonte. L\u2019opera \u00e8 intrisa di elementi geometrici e matematici. La sequenza aurea di Fibonacci scandisce la rotazione dei cubi che sorreggono l\u2019uomo e subisce una lieve rotazione in prossimit\u00e0 della sequenza 1, 1, 2, 3, 5, la cui somma \u00e8 12, quanti sono anche i metri di altezza della torre. I segni dorati che graffiano le superfici in cemento sono la sovrapposizione crescente verso l\u2019alto di un sigillo bruniano, in riferimento al pensiero del filosofo&nbsp;<strong>Giordano Bruno<\/strong>.<\/p>\n\n\n\n<figure class=\"wp-block-gallery alignwide has-nested-images columns-default is-cropped wp-block-gallery-2 is-layout-flex wp-block-gallery-is-layout-flex\">\n<figure class=\"wp-block-image size-large\"><img decoding=\"async\" width=\"1024\" height=\"768\" data-id=\"38692\" src=\"https:\/\/www.rossettiartecontemporanea.it\/wp-content\/uploads\/2023\/10\/rassegna-stampa-3_OPERAE_di_GianniLucchesi_\u00a9Carlo-Alberto-Arzela-1024x768.jpg\" alt=\"\" class=\"wp-image-38692\" srcset=\"https:\/\/www.rossettiartecontemporanea.it\/wp-content\/uploads\/2023\/10\/rassegna-stampa-3_OPERAE_di_GianniLucchesi_\u00a9Carlo-Alberto-Arzela-1024x768.jpg 1024w, https:\/\/www.rossettiartecontemporanea.it\/wp-content\/uploads\/2023\/10\/rassegna-stampa-3_OPERAE_di_GianniLucchesi_\u00a9Carlo-Alberto-Arzela-300x225.jpg 300w, https:\/\/www.rossettiartecontemporanea.it\/wp-content\/uploads\/2023\/10\/rassegna-stampa-3_OPERAE_di_GianniLucchesi_\u00a9Carlo-Alberto-Arzela-768x576.jpg 768w, https:\/\/www.rossettiartecontemporanea.it\/wp-content\/uploads\/2023\/10\/rassegna-stampa-3_OPERAE_di_GianniLucchesi_\u00a9Carlo-Alberto-Arzela-1536x1152.jpg 1536w, https:\/\/www.rossettiartecontemporanea.it\/wp-content\/uploads\/2023\/10\/rassegna-stampa-3_OPERAE_di_GianniLucchesi_\u00a9Carlo-Alberto-Arzela-370x278.jpg 370w, https:\/\/www.rossettiartecontemporanea.it\/wp-content\/uploads\/2023\/10\/rassegna-stampa-3_OPERAE_di_GianniLucchesi_\u00a9Carlo-Alberto-Arzela-840x630.jpg 840w, https:\/\/www.rossettiartecontemporanea.it\/wp-content\/uploads\/2023\/10\/rassegna-stampa-3_OPERAE_di_GianniLucchesi_\u00a9Carlo-Alberto-Arzela-410x308.jpg 410w, https:\/\/www.rossettiartecontemporanea.it\/wp-content\/uploads\/2023\/10\/rassegna-stampa-3_OPERAE_di_GianniLucchesi_\u00a9Carlo-Alberto-Arzela.jpg 1920w\" sizes=\"(max-width: 1024px) 100vw, 1024px\" \/><figcaption class=\"wp-element-caption\">OPERAE, Gianni Lucchesi, \u00a9 Carlo Alberto Arzel\u00e0, Genova, 2023<\/figcaption><\/figure>\n<\/figure>\n\n\n\n<p>\u00abMetaforicamente, la costruzione non \u00e8 ancorata al terreno dalla gravit\u00e0: al contrario, \u00e8 sostenuta dall\u2019intelletto dell\u2019uomo\u00bb, spiegano dalla galleria. \u00abL\u2019uomo osserva il futuro davanti a s\u00e9, supportato da una colonna che costituisce il valore e l\u2019importanza del proprio intelletto e dei talenti che nella storia ha dimostrato di essere in grado di sviluppare. Lucchesi non d\u00e0 lezioni, n\u00e9 risposte. Vuole per\u00f2 stimolare una riflessione critica da parte dell\u2019osservatore riguardo la percezione di s\u00e9 stesso con e nello spazio circostante\u00bb.<\/p>\n\n\n\n<figure class=\"wp-block-gallery alignwide has-nested-images columns-default is-cropped wp-block-gallery-3 is-layout-flex wp-block-gallery-is-layout-flex\">\n<figure class=\"wp-block-image size-large\"><img decoding=\"async\" width=\"1024\" height=\"768\" data-id=\"38695\" src=\"https:\/\/www.rossettiartecontemporanea.it\/wp-content\/uploads\/2023\/10\/OPERAE_di_GianniLucchesi_\u00a9Carlo-Alberto-Arzela-1024x768.jpg\" alt=\"\" class=\"wp-image-38695\" srcset=\"https:\/\/www.rossettiartecontemporanea.it\/wp-content\/uploads\/2023\/10\/OPERAE_di_GianniLucchesi_\u00a9Carlo-Alberto-Arzela-1024x768.jpg 1024w, https:\/\/www.rossettiartecontemporanea.it\/wp-content\/uploads\/2023\/10\/OPERAE_di_GianniLucchesi_\u00a9Carlo-Alberto-Arzela-300x225.jpg 300w, https:\/\/www.rossettiartecontemporanea.it\/wp-content\/uploads\/2023\/10\/OPERAE_di_GianniLucchesi_\u00a9Carlo-Alberto-Arzela-768x576.jpg 768w, https:\/\/www.rossettiartecontemporanea.it\/wp-content\/uploads\/2023\/10\/OPERAE_di_GianniLucchesi_\u00a9Carlo-Alberto-Arzela-1536x1152.jpg 1536w, https:\/\/www.rossettiartecontemporanea.it\/wp-content\/uploads\/2023\/10\/OPERAE_di_GianniLucchesi_\u00a9Carlo-Alberto-Arzela-370x278.jpg 370w, https:\/\/www.rossettiartecontemporanea.it\/wp-content\/uploads\/2023\/10\/OPERAE_di_GianniLucchesi_\u00a9Carlo-Alberto-Arzela-840x630.jpg 840w, https:\/\/www.rossettiartecontemporanea.it\/wp-content\/uploads\/2023\/10\/OPERAE_di_GianniLucchesi_\u00a9Carlo-Alberto-Arzela-410x308.jpg 410w, https:\/\/www.rossettiartecontemporanea.it\/wp-content\/uploads\/2023\/10\/OPERAE_di_GianniLucchesi_\u00a9Carlo-Alberto-Arzela.jpg 1920w\" sizes=\"(max-width: 1024px) 100vw, 1024px\" \/><figcaption class=\"wp-element-caption\">OPERAE, Gianni Lucchesi, \u00a9 Carlo Alberto Arzel\u00e0, Genova, 2023<\/figcaption><\/figure>\n<\/figure>\n\n\n\n<p>\u00abTutto \u00e8 iniziato dal desiderio di voler realizzare un importante progetto per presentare un\u2019opera d\u2019arte, mai vista in citt\u00e0, unica, grande e capace di stimolare, con elegante essenzialit\u00e0, riflessioni su rilevanti ed attuali tematiche. Piazza De Ferrari accoglier\u00e0 la scultura di Gianni Lucchesi a dimostrazione che Genova \u00e8 una delle capitali della cultura italiana\u00bb, ha spiegato&nbsp;<strong>Elisabetta Rossetti<\/strong>, titolare della Galleria Studio Rossetti. \u00abCollegata alla scultura, abbiamo organizzato, in galleria, la sua mostra dal titolo Houston, che sfortuna, che, a partire dal 5 ottobre, sar\u00e0 occasione di incontro, scoperta, socialit\u00e0, aperta alla citt\u00e0, agli appassionati e ai collezionisti\u00bb, ha continuato Rossetti, ringraziando il Comune di Genova, nelle persone del sindaco&nbsp;<strong>Marco Bucci<\/strong>&nbsp;e dell\u2019assessore&nbsp;<strong>Paola Bordilli<\/strong>, gli sponsor e i partner, IMS, Ticketcrociere, Dpsonline e in particolare PSA Italy.<\/p>\n\n\n\n<p>La mostra, curata da&nbsp;<strong>Alessandra Redaelli<\/strong>&nbsp;e in apertura oggi, in occasione di Genova START, la notte bianca dell\u2019arte moderna e contemporanea, sar\u00e0 visitabile fino al 5 novembre 2023.<\/p>\n\n\n\n<figure class=\"wp-block-gallery alignwide has-nested-images columns-default is-cropped wp-block-gallery-4 is-layout-flex wp-block-gallery-is-layout-flex\">\n<figure class=\"wp-block-image size-full\"><img loading=\"lazy\" decoding=\"async\" width=\"768\" height=\"768\" data-id=\"38694\" src=\"https:\/\/www.rossettiartecontemporanea.it\/wp-content\/uploads\/2023\/10\/rassegna-stampa-Operae_diGianniLUcchesi_photocredit_FulvioMagurno.jpg\" alt=\"\" class=\"wp-image-38694\" srcset=\"https:\/\/www.rossettiartecontemporanea.it\/wp-content\/uploads\/2023\/10\/rassegna-stampa-Operae_diGianniLUcchesi_photocredit_FulvioMagurno.jpg 768w, https:\/\/www.rossettiartecontemporanea.it\/wp-content\/uploads\/2023\/10\/rassegna-stampa-Operae_diGianniLUcchesi_photocredit_FulvioMagurno-300x300.jpg 300w, https:\/\/www.rossettiartecontemporanea.it\/wp-content\/uploads\/2023\/10\/rassegna-stampa-Operae_diGianniLUcchesi_photocredit_FulvioMagurno-150x150.jpg 150w, https:\/\/www.rossettiartecontemporanea.it\/wp-content\/uploads\/2023\/10\/rassegna-stampa-Operae_diGianniLUcchesi_photocredit_FulvioMagurno-370x370.jpg 370w, https:\/\/www.rossettiartecontemporanea.it\/wp-content\/uploads\/2023\/10\/rassegna-stampa-Operae_diGianniLUcchesi_photocredit_FulvioMagurno-120x120.jpg 120w, https:\/\/www.rossettiartecontemporanea.it\/wp-content\/uploads\/2023\/10\/rassegna-stampa-Operae_diGianniLUcchesi_photocredit_FulvioMagurno-410x410.jpg 410w\" sizes=\"(max-width: 768px) 100vw, 768px\" \/><figcaption class=\"wp-element-caption\">OPERAE, Gianni Lucchesi, \u00a9 Fulvio Magurno, Genova, 2023<\/figcaption><\/figure>\n<\/figure>\n\n\n\n<div style=\"height:15px\" aria-hidden=\"true\" class=\"wp-block-spacer\"><\/div>\n","protected":false},"excerpt":{"rendered":"<p>Tratto da: https:\/\/www.exibart.com\/ Arriva in piazza De Ferrari di Genova la scultura realizzata da Gianni Lucchesi e presentata dalla Galleria Studio Rossetti, che con i suoi 13 metri di altezza&hellip;<\/p>\n","protected":false},"author":2,"featured_media":38692,"comment_status":"closed","ping_status":"open","sticky":false,"template":"","format":"standard","meta":{"_acf_changed":false,"footnotes":""},"categories":[351],"tags":[282],"class_list":["post-38680","post","type-post","status-publish","format-standard","has-post-thumbnail","hentry","category-rassegna-stampa","tag-gianni-lucchesi"],"acf":[],"yoast_head":"<!-- This site is optimized with the Yoast SEO plugin v25.1 - https:\/\/yoast.com\/wordpress\/plugins\/seo\/ -->\n<title>Un lungo scrutare: la grande installazione di Gianni Lucchesi in piazza a Genova - ROSSETTI arte contemporanea<\/title>\n<meta name=\"robots\" content=\"index, follow, max-snippet:-1, max-image-preview:large, max-video-preview:-1\" \/>\n<link rel=\"canonical\" href=\"https:\/\/www.rossettiartecontemporanea.it\/en\/un-lungo-scrutare-la-grande-installazione-di-gianni-lucchesi-in-piazza-a-genova\/\" \/>\n<meta property=\"og:locale\" content=\"en_US\" \/>\n<meta property=\"og:type\" content=\"article\" \/>\n<meta property=\"og:title\" content=\"Un lungo scrutare: la grande installazione di Gianni Lucchesi in piazza a Genova - ROSSETTI arte contemporanea\" \/>\n<meta property=\"og:description\" content=\"Tratto da: https:\/\/www.exibart.com\/ Arriva in piazza De Ferrari di Genova la scultura realizzata da Gianni Lucchesi e presentata dalla Galleria Studio Rossetti, che con i suoi 13 metri di altezza&hellip;\" \/>\n<meta property=\"og:url\" content=\"https:\/\/www.rossettiartecontemporanea.it\/en\/un-lungo-scrutare-la-grande-installazione-di-gianni-lucchesi-in-piazza-a-genova\/\" \/>\n<meta property=\"og:site_name\" content=\"ROSSETTI arte contemporanea\" \/>\n<meta property=\"article:publisher\" content=\"https:\/\/www.facebook.com\/studio.rossetti.artecontemporanea\" \/>\n<meta property=\"article:published_time\" content=\"2023-10-05T10:03:53+00:00\" \/>\n<meta property=\"article:modified_time\" content=\"2023-12-06T12:23:23+00:00\" \/>\n<meta property=\"og:image\" content=\"https:\/\/www.rossettiartecontemporanea.it\/wp-content\/uploads\/2023\/10\/rassegna-stampa-3_OPERAE_di_GianniLucchesi_\u00a9Carlo-Alberto-Arzela.jpg\" \/>\n\t<meta property=\"og:image:width\" content=\"1920\" \/>\n\t<meta property=\"og:image:height\" content=\"1440\" \/>\n\t<meta property=\"og:image:type\" content=\"image\/jpeg\" \/>\n<meta name=\"author\" content=\"dpsonlineweb\" \/>\n<meta name=\"twitter:card\" content=\"summary_large_image\" \/>\n<meta name=\"twitter:label1\" content=\"Written by\" \/>\n\t<meta name=\"twitter:data1\" content=\"dpsonlineweb\" \/>\n\t<meta name=\"twitter:label2\" content=\"Est. reading time\" \/>\n\t<meta name=\"twitter:data2\" content=\"4 minutes\" \/>\n<script type=\"application\/ld+json\" class=\"yoast-schema-graph\">{\"@context\":\"https:\/\/schema.org\",\"@graph\":[{\"@type\":\"Article\",\"@id\":\"https:\/\/www.rossettiartecontemporanea.it\/en\/un-lungo-scrutare-la-grande-installazione-di-gianni-lucchesi-in-piazza-a-genova\/#article\",\"isPartOf\":{\"@id\":\"https:\/\/www.rossettiartecontemporanea.it\/en\/un-lungo-scrutare-la-grande-installazione-di-gianni-lucchesi-in-piazza-a-genova\/\"},\"author\":{\"name\":\"dpsonlineweb\",\"@id\":\"https:\/\/www.rossettiartecontemporanea.it\/en\/#\/schema\/person\/9074b110f3bc10dbcc7dc86655489909\"},\"headline\":\"Un lungo scrutare: la grande installazione di Gianni Lucchesi in piazza a Genova\",\"datePublished\":\"2023-10-05T10:03:53+00:00\",\"dateModified\":\"2023-12-06T12:23:23+00:00\",\"mainEntityOfPage\":{\"@id\":\"https:\/\/www.rossettiartecontemporanea.it\/en\/un-lungo-scrutare-la-grande-installazione-di-gianni-lucchesi-in-piazza-a-genova\/\"},\"wordCount\":519,\"publisher\":{\"@id\":\"https:\/\/www.rossettiartecontemporanea.it\/en\/#organization\"},\"image\":{\"@id\":\"https:\/\/www.rossettiartecontemporanea.it\/en\/un-lungo-scrutare-la-grande-installazione-di-gianni-lucchesi-in-piazza-a-genova\/#primaryimage\"},\"thumbnailUrl\":\"https:\/\/www.rossettiartecontemporanea.it\/wp-content\/uploads\/2023\/10\/rassegna-stampa-3_OPERAE_di_GianniLucchesi_\u00a9Carlo-Alberto-Arzela.jpg\",\"keywords\":[\"Gianni Lucchesi\"],\"articleSection\":[\"Rassegna stampa\"],\"inLanguage\":\"en-US\"},{\"@type\":\"WebPage\",\"@id\":\"https:\/\/www.rossettiartecontemporanea.it\/en\/un-lungo-scrutare-la-grande-installazione-di-gianni-lucchesi-in-piazza-a-genova\/\",\"url\":\"https:\/\/www.rossettiartecontemporanea.it\/en\/un-lungo-scrutare-la-grande-installazione-di-gianni-lucchesi-in-piazza-a-genova\/\",\"name\":\"Un lungo scrutare: la grande installazione di Gianni Lucchesi in piazza a Genova - ROSSETTI arte contemporanea\",\"isPartOf\":{\"@id\":\"https:\/\/www.rossettiartecontemporanea.it\/en\/#website\"},\"primaryImageOfPage\":{\"@id\":\"https:\/\/www.rossettiartecontemporanea.it\/en\/un-lungo-scrutare-la-grande-installazione-di-gianni-lucchesi-in-piazza-a-genova\/#primaryimage\"},\"image\":{\"@id\":\"https:\/\/www.rossettiartecontemporanea.it\/en\/un-lungo-scrutare-la-grande-installazione-di-gianni-lucchesi-in-piazza-a-genova\/#primaryimage\"},\"thumbnailUrl\":\"https:\/\/www.rossettiartecontemporanea.it\/wp-content\/uploads\/2023\/10\/rassegna-stampa-3_OPERAE_di_GianniLucchesi_\u00a9Carlo-Alberto-Arzela.jpg\",\"datePublished\":\"2023-10-05T10:03:53+00:00\",\"dateModified\":\"2023-12-06T12:23:23+00:00\",\"breadcrumb\":{\"@id\":\"https:\/\/www.rossettiartecontemporanea.it\/en\/un-lungo-scrutare-la-grande-installazione-di-gianni-lucchesi-in-piazza-a-genova\/#breadcrumb\"},\"inLanguage\":\"en-US\",\"potentialAction\":[{\"@type\":\"ReadAction\",\"target\":[\"https:\/\/www.rossettiartecontemporanea.it\/en\/un-lungo-scrutare-la-grande-installazione-di-gianni-lucchesi-in-piazza-a-genova\/\"]}]},{\"@type\":\"ImageObject\",\"inLanguage\":\"en-US\",\"@id\":\"https:\/\/www.rossettiartecontemporanea.it\/en\/un-lungo-scrutare-la-grande-installazione-di-gianni-lucchesi-in-piazza-a-genova\/#primaryimage\",\"url\":\"https:\/\/www.rossettiartecontemporanea.it\/wp-content\/uploads\/2023\/10\/rassegna-stampa-3_OPERAE_di_GianniLucchesi_\u00a9Carlo-Alberto-Arzela.jpg\",\"contentUrl\":\"https:\/\/www.rossettiartecontemporanea.it\/wp-content\/uploads\/2023\/10\/rassegna-stampa-3_OPERAE_di_GianniLucchesi_\u00a9Carlo-Alberto-Arzela.jpg\",\"width\":1920,\"height\":1440},{\"@type\":\"BreadcrumbList\",\"@id\":\"https:\/\/www.rossettiartecontemporanea.it\/en\/un-lungo-scrutare-la-grande-installazione-di-gianni-lucchesi-in-piazza-a-genova\/#breadcrumb\",\"itemListElement\":[{\"@type\":\"ListItem\",\"position\":1,\"name\":\"Home\",\"item\":\"https:\/\/www.rossettiartecontemporanea.it\/en\/\"},{\"@type\":\"ListItem\",\"position\":2,\"name\":\"Un lungo scrutare: la grande installazione di Gianni Lucchesi in piazza a Genova\"}]},{\"@type\":\"WebSite\",\"@id\":\"https:\/\/www.rossettiartecontemporanea.it\/en\/#website\",\"url\":\"https:\/\/www.rossettiartecontemporanea.it\/en\/\",\"name\":\"Rossetti Arte Contemporanea\",\"description\":\"\",\"publisher\":{\"@id\":\"https:\/\/www.rossettiartecontemporanea.it\/en\/#organization\"},\"potentialAction\":[{\"@type\":\"SearchAction\",\"target\":{\"@type\":\"EntryPoint\",\"urlTemplate\":\"https:\/\/www.rossettiartecontemporanea.it\/en\/?s={search_term_string}\"},\"query-input\":{\"@type\":\"PropertyValueSpecification\",\"valueRequired\":true,\"valueName\":\"search_term_string\"}}],\"inLanguage\":\"en-US\"},{\"@type\":\"Organization\",\"@id\":\"https:\/\/www.rossettiartecontemporanea.it\/en\/#organization\",\"name\":\"Rossetti Arte Contemporanea\",\"url\":\"https:\/\/www.rossettiartecontemporanea.it\/en\/\",\"logo\":{\"@type\":\"ImageObject\",\"inLanguage\":\"en-US\",\"@id\":\"https:\/\/www.rossettiartecontemporanea.it\/en\/#\/schema\/logo\/image\/\",\"url\":\"https:\/\/www.rossettiartecontemporanea.it\/wp-content\/uploads\/2024\/02\/logo-Rossetti-Arte-Contemporanea-black-2x-1.png\",\"contentUrl\":\"https:\/\/www.rossettiartecontemporanea.it\/wp-content\/uploads\/2024\/02\/logo-Rossetti-Arte-Contemporanea-black-2x-1.png\",\"width\":611,\"height\":368,\"caption\":\"Rossetti Arte Contemporanea\"},\"image\":{\"@id\":\"https:\/\/www.rossettiartecontemporanea.it\/en\/#\/schema\/logo\/image\/\"},\"sameAs\":[\"https:\/\/www.facebook.com\/studio.rossetti.artecontemporanea\",\"https:\/\/www.instagram.com\/studio_rossetti\/\",\"https:\/\/www.youtube.com\/channel\/UC94tFj8zg6UV94quz_ysdgw\"]},{\"@type\":\"Person\",\"@id\":\"https:\/\/www.rossettiartecontemporanea.it\/en\/#\/schema\/person\/9074b110f3bc10dbcc7dc86655489909\",\"name\":\"dpsonlineweb\"}]}<\/script>\n<!-- \/ Yoast SEO plugin. -->","yoast_head_json":{"title":"Un lungo scrutare: la grande installazione di Gianni Lucchesi in piazza a Genova - ROSSETTI arte contemporanea","robots":{"index":"index","follow":"follow","max-snippet":"max-snippet:-1","max-image-preview":"max-image-preview:large","max-video-preview":"max-video-preview:-1"},"canonical":"https:\/\/www.rossettiartecontemporanea.it\/en\/un-lungo-scrutare-la-grande-installazione-di-gianni-lucchesi-in-piazza-a-genova\/","og_locale":"en_US","og_type":"article","og_title":"Un lungo scrutare: la grande installazione di Gianni Lucchesi in piazza a Genova - ROSSETTI arte contemporanea","og_description":"Tratto da: https:\/\/www.exibart.com\/ Arriva in piazza De Ferrari di Genova la scultura realizzata da Gianni Lucchesi e presentata dalla Galleria Studio Rossetti, che con i suoi 13 metri di altezza&hellip;","og_url":"https:\/\/www.rossettiartecontemporanea.it\/en\/un-lungo-scrutare-la-grande-installazione-di-gianni-lucchesi-in-piazza-a-genova\/","og_site_name":"ROSSETTI arte contemporanea","article_publisher":"https:\/\/www.facebook.com\/studio.rossetti.artecontemporanea","article_published_time":"2023-10-05T10:03:53+00:00","article_modified_time":"2023-12-06T12:23:23+00:00","og_image":[{"width":1920,"height":1440,"url":"https:\/\/www.rossettiartecontemporanea.it\/wp-content\/uploads\/2023\/10\/rassegna-stampa-3_OPERAE_di_GianniLucchesi_\u00a9Carlo-Alberto-Arzela.jpg","type":"image\/jpeg"}],"author":"dpsonlineweb","twitter_card":"summary_large_image","twitter_misc":{"Written by":"dpsonlineweb","Est. reading time":"4 minutes"},"schema":{"@context":"https:\/\/schema.org","@graph":[{"@type":"Article","@id":"https:\/\/www.rossettiartecontemporanea.it\/en\/un-lungo-scrutare-la-grande-installazione-di-gianni-lucchesi-in-piazza-a-genova\/#article","isPartOf":{"@id":"https:\/\/www.rossettiartecontemporanea.it\/en\/un-lungo-scrutare-la-grande-installazione-di-gianni-lucchesi-in-piazza-a-genova\/"},"author":{"name":"dpsonlineweb","@id":"https:\/\/www.rossettiartecontemporanea.it\/en\/#\/schema\/person\/9074b110f3bc10dbcc7dc86655489909"},"headline":"Un lungo scrutare: la grande installazione di Gianni Lucchesi in piazza a Genova","datePublished":"2023-10-05T10:03:53+00:00","dateModified":"2023-12-06T12:23:23+00:00","mainEntityOfPage":{"@id":"https:\/\/www.rossettiartecontemporanea.it\/en\/un-lungo-scrutare-la-grande-installazione-di-gianni-lucchesi-in-piazza-a-genova\/"},"wordCount":519,"publisher":{"@id":"https:\/\/www.rossettiartecontemporanea.it\/en\/#organization"},"image":{"@id":"https:\/\/www.rossettiartecontemporanea.it\/en\/un-lungo-scrutare-la-grande-installazione-di-gianni-lucchesi-in-piazza-a-genova\/#primaryimage"},"thumbnailUrl":"https:\/\/www.rossettiartecontemporanea.it\/wp-content\/uploads\/2023\/10\/rassegna-stampa-3_OPERAE_di_GianniLucchesi_\u00a9Carlo-Alberto-Arzela.jpg","keywords":["Gianni Lucchesi"],"articleSection":["Rassegna stampa"],"inLanguage":"en-US"},{"@type":"WebPage","@id":"https:\/\/www.rossettiartecontemporanea.it\/en\/un-lungo-scrutare-la-grande-installazione-di-gianni-lucchesi-in-piazza-a-genova\/","url":"https:\/\/www.rossettiartecontemporanea.it\/en\/un-lungo-scrutare-la-grande-installazione-di-gianni-lucchesi-in-piazza-a-genova\/","name":"Un lungo scrutare: la grande installazione di Gianni Lucchesi in piazza a Genova - ROSSETTI arte contemporanea","isPartOf":{"@id":"https:\/\/www.rossettiartecontemporanea.it\/en\/#website"},"primaryImageOfPage":{"@id":"https:\/\/www.rossettiartecontemporanea.it\/en\/un-lungo-scrutare-la-grande-installazione-di-gianni-lucchesi-in-piazza-a-genova\/#primaryimage"},"image":{"@id":"https:\/\/www.rossettiartecontemporanea.it\/en\/un-lungo-scrutare-la-grande-installazione-di-gianni-lucchesi-in-piazza-a-genova\/#primaryimage"},"thumbnailUrl":"https:\/\/www.rossettiartecontemporanea.it\/wp-content\/uploads\/2023\/10\/rassegna-stampa-3_OPERAE_di_GianniLucchesi_\u00a9Carlo-Alberto-Arzela.jpg","datePublished":"2023-10-05T10:03:53+00:00","dateModified":"2023-12-06T12:23:23+00:00","breadcrumb":{"@id":"https:\/\/www.rossettiartecontemporanea.it\/en\/un-lungo-scrutare-la-grande-installazione-di-gianni-lucchesi-in-piazza-a-genova\/#breadcrumb"},"inLanguage":"en-US","potentialAction":[{"@type":"ReadAction","target":["https:\/\/www.rossettiartecontemporanea.it\/en\/un-lungo-scrutare-la-grande-installazione-di-gianni-lucchesi-in-piazza-a-genova\/"]}]},{"@type":"ImageObject","inLanguage":"en-US","@id":"https:\/\/www.rossettiartecontemporanea.it\/en\/un-lungo-scrutare-la-grande-installazione-di-gianni-lucchesi-in-piazza-a-genova\/#primaryimage","url":"https:\/\/www.rossettiartecontemporanea.it\/wp-content\/uploads\/2023\/10\/rassegna-stampa-3_OPERAE_di_GianniLucchesi_\u00a9Carlo-Alberto-Arzela.jpg","contentUrl":"https:\/\/www.rossettiartecontemporanea.it\/wp-content\/uploads\/2023\/10\/rassegna-stampa-3_OPERAE_di_GianniLucchesi_\u00a9Carlo-Alberto-Arzela.jpg","width":1920,"height":1440},{"@type":"BreadcrumbList","@id":"https:\/\/www.rossettiartecontemporanea.it\/en\/un-lungo-scrutare-la-grande-installazione-di-gianni-lucchesi-in-piazza-a-genova\/#breadcrumb","itemListElement":[{"@type":"ListItem","position":1,"name":"Home","item":"https:\/\/www.rossettiartecontemporanea.it\/en\/"},{"@type":"ListItem","position":2,"name":"Un lungo scrutare: la grande installazione di Gianni Lucchesi in piazza a Genova"}]},{"@type":"WebSite","@id":"https:\/\/www.rossettiartecontemporanea.it\/en\/#website","url":"https:\/\/www.rossettiartecontemporanea.it\/en\/","name":"Rossetti Arte Contemporanea","description":"","publisher":{"@id":"https:\/\/www.rossettiartecontemporanea.it\/en\/#organization"},"potentialAction":[{"@type":"SearchAction","target":{"@type":"EntryPoint","urlTemplate":"https:\/\/www.rossettiartecontemporanea.it\/en\/?s={search_term_string}"},"query-input":{"@type":"PropertyValueSpecification","valueRequired":true,"valueName":"search_term_string"}}],"inLanguage":"en-US"},{"@type":"Organization","@id":"https:\/\/www.rossettiartecontemporanea.it\/en\/#organization","name":"Rossetti Arte Contemporanea","url":"https:\/\/www.rossettiartecontemporanea.it\/en\/","logo":{"@type":"ImageObject","inLanguage":"en-US","@id":"https:\/\/www.rossettiartecontemporanea.it\/en\/#\/schema\/logo\/image\/","url":"https:\/\/www.rossettiartecontemporanea.it\/wp-content\/uploads\/2024\/02\/logo-Rossetti-Arte-Contemporanea-black-2x-1.png","contentUrl":"https:\/\/www.rossettiartecontemporanea.it\/wp-content\/uploads\/2024\/02\/logo-Rossetti-Arte-Contemporanea-black-2x-1.png","width":611,"height":368,"caption":"Rossetti Arte Contemporanea"},"image":{"@id":"https:\/\/www.rossettiartecontemporanea.it\/en\/#\/schema\/logo\/image\/"},"sameAs":["https:\/\/www.facebook.com\/studio.rossetti.artecontemporanea","https:\/\/www.instagram.com\/studio_rossetti\/","https:\/\/www.youtube.com\/channel\/UC94tFj8zg6UV94quz_ysdgw"]},{"@type":"Person","@id":"https:\/\/www.rossettiartecontemporanea.it\/en\/#\/schema\/person\/9074b110f3bc10dbcc7dc86655489909","name":"dpsonlineweb"}]}},"_links":{"self":[{"href":"https:\/\/www.rossettiartecontemporanea.it\/en\/wp-json\/wp\/v2\/posts\/38680","targetHints":{"allow":["GET"]}}],"collection":[{"href":"https:\/\/www.rossettiartecontemporanea.it\/en\/wp-json\/wp\/v2\/posts"}],"about":[{"href":"https:\/\/www.rossettiartecontemporanea.it\/en\/wp-json\/wp\/v2\/types\/post"}],"author":[{"embeddable":true,"href":"https:\/\/www.rossettiartecontemporanea.it\/en\/wp-json\/wp\/v2\/users\/2"}],"replies":[{"embeddable":true,"href":"https:\/\/www.rossettiartecontemporanea.it\/en\/wp-json\/wp\/v2\/comments?post=38680"}],"version-history":[{"count":3,"href":"https:\/\/www.rossettiartecontemporanea.it\/en\/wp-json\/wp\/v2\/posts\/38680\/revisions"}],"predecessor-version":[{"id":38726,"href":"https:\/\/www.rossettiartecontemporanea.it\/en\/wp-json\/wp\/v2\/posts\/38680\/revisions\/38726"}],"wp:featuredmedia":[{"embeddable":true,"href":"https:\/\/www.rossettiartecontemporanea.it\/en\/wp-json\/wp\/v2\/media\/38692"}],"wp:attachment":[{"href":"https:\/\/www.rossettiartecontemporanea.it\/en\/wp-json\/wp\/v2\/media?parent=38680"}],"wp:term":[{"taxonomy":"category","embeddable":true,"href":"https:\/\/www.rossettiartecontemporanea.it\/en\/wp-json\/wp\/v2\/categories?post=38680"},{"taxonomy":"post_tag","embeddable":true,"href":"https:\/\/www.rossettiartecontemporanea.it\/en\/wp-json\/wp\/v2\/tags?post=38680"}],"curies":[{"name":"wp","href":"https:\/\/api.w.org\/{rel}","templated":true}]}}