{"id":38689,"date":"2023-04-22T12:56:14","date_gmt":"2023-04-22T10:56:14","guid":{"rendered":"http:\/\/www.rossettiartecontemporanea.it\/?p=38689"},"modified":"2023-12-06T13:26:27","modified_gmt":"2023-12-06T12:26:27","slug":"guardare-lorizzonte-dal-bordo-di-un-precipizio-operae-di-gianni-lucchesi","status":"publish","type":"post","link":"https:\/\/www.rossettiartecontemporanea.it\/en\/guardare-lorizzonte-dal-bordo-di-un-precipizio-operae-di-gianni-lucchesi\/","title":{"rendered":"Guardare l\u2019orizzonte dal bordo di un precipizio: \u201cOPERAE\u201d di Gianni Lucchesi"},"content":{"rendered":"\n<p>Tratto da: <a href=\"https:\/\/artemagazine.it\/2023\/09\/21\/operae-la-scultura-di-gianni-lucchesi-sul-rapporto-uomo-spazi\/\" target=\"_blank\" rel=\"noreferrer noopener\">https:\/\/www.artemagazine.it\/<\/a><\/p>\n\n\n\n<p>di\u00a0<a href=\"https:\/\/artnomademilan.it\/author\/admin\/\">Elisabetta Roncati<\/a><\/p>\n\n\n\n<figure class=\"wp-block-gallery alignwide has-nested-images columns-default is-cropped wp-block-gallery-1 is-layout-flex wp-block-gallery-is-layout-flex\">\n<figure class=\"wp-block-image size-large\"><img fetchpriority=\"high\" decoding=\"async\" width=\"1024\" height=\"768\" data-id=\"38701\" src=\"https:\/\/www.rossettiartecontemporanea.it\/wp-content\/uploads\/2023\/04\/rassegna-stampa-Guardare-lorizzonte-dal-bordo-di-un-precipizio-OPERAE-di-Gianni-Lucchesi-3-1024x768.jpg\" alt=\"\" class=\"wp-image-38701\" srcset=\"https:\/\/www.rossettiartecontemporanea.it\/wp-content\/uploads\/2023\/04\/rassegna-stampa-Guardare-lorizzonte-dal-bordo-di-un-precipizio-OPERAE-di-Gianni-Lucchesi-3-1024x768.jpg 1024w, https:\/\/www.rossettiartecontemporanea.it\/wp-content\/uploads\/2023\/04\/rassegna-stampa-Guardare-lorizzonte-dal-bordo-di-un-precipizio-OPERAE-di-Gianni-Lucchesi-3-300x225.jpg 300w, https:\/\/www.rossettiartecontemporanea.it\/wp-content\/uploads\/2023\/04\/rassegna-stampa-Guardare-lorizzonte-dal-bordo-di-un-precipizio-OPERAE-di-Gianni-Lucchesi-3-768x576.jpg 768w, https:\/\/www.rossettiartecontemporanea.it\/wp-content\/uploads\/2023\/04\/rassegna-stampa-Guardare-lorizzonte-dal-bordo-di-un-precipizio-OPERAE-di-Gianni-Lucchesi-3-1536x1152.jpg 1536w, https:\/\/www.rossettiartecontemporanea.it\/wp-content\/uploads\/2023\/04\/rassegna-stampa-Guardare-lorizzonte-dal-bordo-di-un-precipizio-OPERAE-di-Gianni-Lucchesi-3-370x278.jpg 370w, https:\/\/www.rossettiartecontemporanea.it\/wp-content\/uploads\/2023\/04\/rassegna-stampa-Guardare-lorizzonte-dal-bordo-di-un-precipizio-OPERAE-di-Gianni-Lucchesi-3-840x630.jpg 840w, https:\/\/www.rossettiartecontemporanea.it\/wp-content\/uploads\/2023\/04\/rassegna-stampa-Guardare-lorizzonte-dal-bordo-di-un-precipizio-OPERAE-di-Gianni-Lucchesi-3-410x308.jpg 410w, https:\/\/www.rossettiartecontemporanea.it\/wp-content\/uploads\/2023\/04\/rassegna-stampa-Guardare-lorizzonte-dal-bordo-di-un-precipizio-OPERAE-di-Gianni-Lucchesi-3.jpg 1920w\" sizes=\"(max-width: 1024px) 100vw, 1024px\" \/><figcaption class=\"wp-element-caption\">Gianni Lucchesi, Operae<\/figcaption><\/figure>\n<\/figure>\n\n\n\n<h4 class=\"wp-block-heading\"><strong>Abbiamo fatto quattro chiacchiere con l\u2019autore di una delle installazioni pi\u00f9 ammirate del #Fuorisalone2023<\/strong><\/h4>\n\n\n\n<p>Chi ha visitato la mostra evento di Interni Magazine nel Cortile d\u2019onore dell\u2019Universit\u00e0 degli Studi di Milano, in Via Festa del Perdono 7, non pu\u00f2 non averla notata. \u201cOPERAE\u201d, installazione dell\u2019artista toscano&nbsp;<strong>Gianni Lucchesi&nbsp;<\/strong>si staglia imponente in uno dei luoghi simbolo della&nbsp;<a href=\"https:\/\/www.internimagazine.it\/\" target=\"_blank\" rel=\"noreferrer noopener\">Milano Design Week<\/a>.<\/p>\n\n\n\n<p>Cosa rappresenta?<\/p>\n\n\n\n<p>Perch\u00e9 \u00e8 stata scelta?<\/p>\n\n\n\n<p>Ce lo racconta l\u2019artista stesso, accompagnandoci alla scoperta della sua poetica in cui il soggetto principale \u00e8 la capacit\u00e0 creativa della mente che rimane attiva nonostante le mille difficolt\u00e0 ed instabilit\u00e0 a cui l\u2019uomo \u00e8 sottoposto.<\/p>\n\n\n\n<h4 class=\"wp-block-heading\"><strong>ER Caro Gianni, presentati al nostro pubblico<\/strong><\/h4>\n\n\n\n<p><em>GL Dunque, mi chiamo Gianni Lucchesi e sono un artista, uno scultore, un pittore e negli ultimi anni ho lavorato anche a delle installazioni. In questo caso specifico \u201cOPERAE\u201d \u00e8 stata creata appositamente per il Cortile dell\u2019Universit\u00e0 degli Studi di Milano riflettendo sulla tematica della mostra di Interni Magazine 2023: \u201cevoluzione\/rivoluzione\u201d. Ho pensato soprattutto al rapporto tra l\u2019uomo ed il suo istinto a costruire.<\/em><\/p>\n\n\n\n<h4 class=\"wp-block-heading\"><strong>ER Come \u00e8 composta l\u2019installazione?<\/strong><\/h4>\n\n\n\n<p><em>GL Ho scelto di porre la figura seduta di uomo in atteggiamento contemplativo su una torre di 12 cubi di cemento sovrapposti: un concetto simile a quello di un bambino che gioca con delle costruzioni. I singoli cubi sono poi caratterizzati da simboli matematici e geometrici. Abbiamo \u201cscomodato\u201d Fibonacci per regolare la sequenza di rotazione degli elementi seguendo appunto la successione matematica aurea. I cubi sono inoltre \u201cgraffiati\u201d con un segno dorato: raffigurano un sigillo bruniano sovrapposto 12 volte.<\/em><\/p>\n\n\n\n<p><em>Una progressione crescente, sempre pi\u00f9 fitta man mano che ci si avvicina all\u2019uomo. Vi \u00e8 infatti una maggiore quantit\u00e0 d\u2019oro in prossimit\u00e0 della scultura per sottolineare l\u2019importanza data all\u2019intelletto. Ci tengo inoltre a sottolineare come la sua realizzazione sia stata un lavoro di squadra: un progetto nato due anni fa e partito da lontano. Il risultato che ora si pu\u00f2 ammirare \u00e8 frutto dell\u2019impegno di tanta gente, non ultimo di chi ha creduto e finanziato \u201cOPERAE\u201d: un\u2019installazione che non \u00e8 finalizzata a rappresentare&nbsp;<a href=\"https:\/\/artnomademilan.it\/lexus-milano-design-week\/\" target=\"_blank\" rel=\"noreferrer noopener\">nulla di commerciale<\/a>.<\/em><\/p>\n\n\n\n<figure class=\"wp-block-gallery alignwide has-nested-images columns-default is-cropped wp-block-gallery-2 is-layout-flex wp-block-gallery-is-layout-flex\">\n<figure class=\"wp-block-image size-large\"><img decoding=\"async\" width=\"1024\" height=\"819\" data-id=\"38702\" src=\"https:\/\/www.rossettiartecontemporanea.it\/wp-content\/uploads\/2023\/04\/rassegna-stampa-Guardare-lorizzonte-dal-bordo-di-un-precipizio-OPERAE-di-Gianni-Lucchesi-1024x819.jpg\" alt=\"\" class=\"wp-image-38702\" srcset=\"https:\/\/www.rossettiartecontemporanea.it\/wp-content\/uploads\/2023\/04\/rassegna-stampa-Guardare-lorizzonte-dal-bordo-di-un-precipizio-OPERAE-di-Gianni-Lucchesi-1024x819.jpg 1024w, https:\/\/www.rossettiartecontemporanea.it\/wp-content\/uploads\/2023\/04\/rassegna-stampa-Guardare-lorizzonte-dal-bordo-di-un-precipizio-OPERAE-di-Gianni-Lucchesi-300x240.jpg 300w, https:\/\/www.rossettiartecontemporanea.it\/wp-content\/uploads\/2023\/04\/rassegna-stampa-Guardare-lorizzonte-dal-bordo-di-un-precipizio-OPERAE-di-Gianni-Lucchesi-768x614.jpg 768w, https:\/\/www.rossettiartecontemporanea.it\/wp-content\/uploads\/2023\/04\/rassegna-stampa-Guardare-lorizzonte-dal-bordo-di-un-precipizio-OPERAE-di-Gianni-Lucchesi-1536x1229.jpg 1536w, https:\/\/www.rossettiartecontemporanea.it\/wp-content\/uploads\/2023\/04\/rassegna-stampa-Guardare-lorizzonte-dal-bordo-di-un-precipizio-OPERAE-di-Gianni-Lucchesi-370x296.jpg 370w, https:\/\/www.rossettiartecontemporanea.it\/wp-content\/uploads\/2023\/04\/rassegna-stampa-Guardare-lorizzonte-dal-bordo-di-un-precipizio-OPERAE-di-Gianni-Lucchesi-840x672.jpg 840w, https:\/\/www.rossettiartecontemporanea.it\/wp-content\/uploads\/2023\/04\/rassegna-stampa-Guardare-lorizzonte-dal-bordo-di-un-precipizio-OPERAE-di-Gianni-Lucchesi-410x328.jpg 410w, https:\/\/www.rossettiartecontemporanea.it\/wp-content\/uploads\/2023\/04\/rassegna-stampa-Guardare-lorizzonte-dal-bordo-di-un-precipizio-OPERAE-di-Gianni-Lucchesi.jpg 1920w\" sizes=\"(max-width: 1024px) 100vw, 1024px\" \/><figcaption class=\"wp-element-caption\">Gianni Lucchesi, Operae<\/figcaption><\/figure>\n<\/figure>\n\n\n\n<h4 class=\"wp-block-heading\"><strong>ER Perch\u00e9 il numero 12 ritorna in maniera costante?<\/strong><\/h4>\n\n\n\n<p><em>GL In ambito simbolico e matematico il 12 \u00e8 il numero che completa la sequenza, \u00e8 la cifra che chiude tutta la riflessione sul valore simbolico della numerologia per antonomasia. Oltretutto Giordano Bruno aveva creato questo sigillo che rappresentava geometricamente, in maniera bidimensionale, il rapporto tra varie forme. Sono 12 livelli di intersezione tra diverse figure: la traduzione geometrica di un pensiero profondo.<\/em>&nbsp;<em>Il sigillo nasce dai solidi ermetici platonici: 5 forme contenute all\u2019interno di una sfera. Non dimentichiamoci anche del legame con la mia regione d\u2019origine: Fibonacci, ad esempio, era toscano.<\/em><\/p>\n\n\n\n<h4 class=\"wp-block-heading\"><strong>ER Avevi mai realizzato opere cos\u00ec grandi?<\/strong><\/h4>\n\n\n\n<p><em>GL Cos\u00ec grandi no. Di solito lavoro molto sul piccolo: utilizzo figure minuscole concentrandomi sull\u2019aspetto simbolico della postura. Mi interessa poco, ad esempio, dare una connotazione plastica od espressiva ai volti, anche se, in realt\u00e0, nel plasmare gli omini devo comunque intervenire un minimo anche su questa caratteristica. Ho s\u00ec progettato opere grandi, ad esempio il Monumento a Sandro Pertini a Savona, ma di massimo sei metri d\u2019altezza, mai dodici.<\/em><\/p>\n\n\n\n<h4 class=\"wp-block-heading\"><strong>ER Perch\u00e9 hai scelto di collocare un uomo sulla sommit\u00e0 di \u201cOPERAE\u201d?<\/strong><\/h4>\n\n\n\n<p><em>GL Perch\u00e9 \u00e8 una mia cifra stilistica, oltre ad essere frutto di un ragionamento profondo: questa figura seduta che scruta l\u2019orizzonte ha un\u2019intensit\u00e0 di pensiero nonostante sia posta in una condizione di per s\u00e9 instabile: sull\u2019orlo di una torre alta dodici metri. Dunque, una figura sul bordo di un precipizio che scatena emozioni nei visitatori. La sua visione fa infatti scaturire un forte senso di immedesimazione. \u00c8 l\u2019emblema di tutto ci\u00f2 che regola l\u2019armonia, focalizzando l\u2019attenzione sull\u2019importanza dell\u2019idea: l\u2019oro \u00e8 infatti presente in concentrazione maggiore al vertice della torre, anzich\u00e9 alla base. Questo perch\u00e9 l\u2019idea nasce dall\u2019uomo, dalla sua mente. Un altro esempio calzante pu\u00f2 essere il lavoro di gruppo, il \u201cgioco di squadra\u201d che si \u00e8 innescato per realizzarla. Un vero e proprio team di ingegneri ed altri professionisti ha lavorato per garantire la resa statica ed illuminotecnica di \u201cOPERAE\u201d. Un esempio pratico della grandezza della mente umana.<\/em>&nbsp;&nbsp;<\/p>\n\n\n\n<figure class=\"wp-block-gallery alignwide has-nested-images columns-default is-cropped wp-block-gallery-3 is-layout-flex wp-block-gallery-is-layout-flex\">\n<figure class=\"wp-block-image size-large\"><img decoding=\"async\" width=\"1024\" height=\"768\" data-id=\"38703\" src=\"https:\/\/www.rossettiartecontemporanea.it\/wp-content\/uploads\/2023\/04\/rassegna-stampa-Guardare-lorizzonte-dal-bordo-di-un-precipizio-OPERAE-di-Gianni-Lucchesi-2-1024x768.jpg\" alt=\"\" class=\"wp-image-38703\" srcset=\"https:\/\/www.rossettiartecontemporanea.it\/wp-content\/uploads\/2023\/04\/rassegna-stampa-Guardare-lorizzonte-dal-bordo-di-un-precipizio-OPERAE-di-Gianni-Lucchesi-2-1024x768.jpg 1024w, https:\/\/www.rossettiartecontemporanea.it\/wp-content\/uploads\/2023\/04\/rassegna-stampa-Guardare-lorizzonte-dal-bordo-di-un-precipizio-OPERAE-di-Gianni-Lucchesi-2-300x225.jpg 300w, https:\/\/www.rossettiartecontemporanea.it\/wp-content\/uploads\/2023\/04\/rassegna-stampa-Guardare-lorizzonte-dal-bordo-di-un-precipizio-OPERAE-di-Gianni-Lucchesi-2-768x576.jpg 768w, https:\/\/www.rossettiartecontemporanea.it\/wp-content\/uploads\/2023\/04\/rassegna-stampa-Guardare-lorizzonte-dal-bordo-di-un-precipizio-OPERAE-di-Gianni-Lucchesi-2-1536x1152.jpg 1536w, https:\/\/www.rossettiartecontemporanea.it\/wp-content\/uploads\/2023\/04\/rassegna-stampa-Guardare-lorizzonte-dal-bordo-di-un-precipizio-OPERAE-di-Gianni-Lucchesi-2-370x277.jpg 370w, https:\/\/www.rossettiartecontemporanea.it\/wp-content\/uploads\/2023\/04\/rassegna-stampa-Guardare-lorizzonte-dal-bordo-di-un-precipizio-OPERAE-di-Gianni-Lucchesi-2-840x630.jpg 840w, https:\/\/www.rossettiartecontemporanea.it\/wp-content\/uploads\/2023\/04\/rassegna-stampa-Guardare-lorizzonte-dal-bordo-di-un-precipizio-OPERAE-di-Gianni-Lucchesi-2-410x307.jpg 410w, https:\/\/www.rossettiartecontemporanea.it\/wp-content\/uploads\/2023\/04\/rassegna-stampa-Guardare-lorizzonte-dal-bordo-di-un-precipizio-OPERAE-di-Gianni-Lucchesi-2.jpg 1559w\" sizes=\"(max-width: 1024px) 100vw, 1024px\" \/><figcaption class=\"wp-element-caption\">Gianni Lucchesi, Operae<\/figcaption><\/figure>\n<\/figure>\n\n\n\n<h4 class=\"wp-block-heading\"><strong>ER Lavori spesso in team per realizzare le tue opere?<\/strong><\/h4>\n\n\n\n<p><em>GL Ormai da qualche anno nel mio lavoro creativo mi affido spesso a diversi professionisti quali, ad esempio, Julia Caracciolo e Carlo Alberto Arzel\u00e0, architetti con i quali lavoro da un po\u2019 di tempo, o \u201cIngegneria e Dintorni\u201d, uno studio di giovani ingegneri. Per quanto riguarda il versante illuminotecnico ho collaborato per diverse esposizioni con Davide Groppi. Questa volta, invece, con Fabio Coianiz del \u201cFilotto\u201d. Inoltre tutto il \u201cricamo\u201d che vedi sulle superfici di \u201cOPERAE\u201d \u00e8 stato realizzato grazie all\u2019azienda \u201cGiannoni &amp; Santoni\u201d. I proprietari sono soliti mettere la ditta ed i suoi macchinari a disposizione degli artisti per supportarli nel processo creativo. L\u2019azienda Poliart ha collaborato per la realizzazione della figura umana.<\/em><\/p>\n\n\n\n<h4 class=\"wp-block-heading\"><strong>ER Cosa succeder\u00e0 all\u2019opera una volta terminato il Fuorisalone?<\/strong><\/h4>\n\n\n\n<p><em>GL Dopo che verr\u00e0 smontata \u201cOPERAE\u201d andr\u00e0 probabilmente \u201cin tour\u201d in altre citt\u00e0 italiane, ma nel frattempo potete ancora ammirarla questo weekend nel Cortile dell\u2019Universit\u00e0 degli Studi di Milano. Ricordo anche che \u00e8 in corso una retrospettiva a me dedicata presso la galleria milanese STILL, in Via Zamenhof n.11, in collaborazione con Sandra Bozzarelli: un ideale fil-rouge tra l\u2019installazione di grandi dimensioni, e le sue \u201ccompagne\u201d in miniatura.<\/em><\/p>\n\n\n\n<div style=\"height:15px\" aria-hidden=\"true\" class=\"wp-block-spacer\"><\/div>\n","protected":false},"excerpt":{"rendered":"<p>Tratto da: https:\/\/www.artemagazine.it\/ di\u00a0Elisabetta Roncati Abbiamo fatto quattro chiacchiere con l\u2019autore di una delle installazioni pi\u00f9 ammirate del #Fuorisalone2023 Chi ha visitato la mostra evento di Interni Magazine nel Cortile&hellip;<\/p>\n","protected":false},"author":2,"featured_media":38701,"comment_status":"closed","ping_status":"open","sticky":false,"template":"","format":"standard","meta":{"_acf_changed":false,"footnotes":""},"categories":[351],"tags":[282],"class_list":["post-38689","post","type-post","status-publish","format-standard","has-post-thumbnail","hentry","category-rassegna-stampa","tag-gianni-lucchesi"],"acf":[],"yoast_head":"<!-- This site is optimized with the Yoast SEO plugin v25.1 - https:\/\/yoast.com\/wordpress\/plugins\/seo\/ -->\n<title>Guardare l\u2019orizzonte dal bordo di un precipizio: \u201cOPERAE\u201d di Gianni Lucchesi - ROSSETTI arte contemporanea<\/title>\n<meta name=\"robots\" content=\"index, follow, max-snippet:-1, max-image-preview:large, max-video-preview:-1\" \/>\n<link rel=\"canonical\" href=\"https:\/\/www.rossettiartecontemporanea.it\/en\/guardare-lorizzonte-dal-bordo-di-un-precipizio-operae-di-gianni-lucchesi\/\" \/>\n<meta property=\"og:locale\" content=\"en_US\" \/>\n<meta property=\"og:type\" content=\"article\" \/>\n<meta property=\"og:title\" content=\"Guardare l\u2019orizzonte dal bordo di un precipizio: \u201cOPERAE\u201d di Gianni Lucchesi - ROSSETTI arte contemporanea\" \/>\n<meta property=\"og:description\" content=\"Tratto da: https:\/\/www.artemagazine.it\/ di\u00a0Elisabetta Roncati Abbiamo fatto quattro chiacchiere con l\u2019autore di una delle installazioni pi\u00f9 ammirate del #Fuorisalone2023 Chi ha visitato la mostra evento di Interni Magazine nel Cortile&hellip;\" \/>\n<meta property=\"og:url\" content=\"https:\/\/www.rossettiartecontemporanea.it\/en\/guardare-lorizzonte-dal-bordo-di-un-precipizio-operae-di-gianni-lucchesi\/\" \/>\n<meta property=\"og:site_name\" content=\"ROSSETTI arte contemporanea\" \/>\n<meta property=\"article:publisher\" content=\"https:\/\/www.facebook.com\/studio.rossetti.artecontemporanea\" \/>\n<meta property=\"article:published_time\" content=\"2023-04-22T10:56:14+00:00\" \/>\n<meta property=\"article:modified_time\" content=\"2023-12-06T12:26:27+00:00\" \/>\n<meta property=\"og:image\" content=\"https:\/\/www.rossettiartecontemporanea.it\/wp-content\/uploads\/2023\/04\/rassegna-stampa-Guardare-lorizzonte-dal-bordo-di-un-precipizio-OPERAE-di-Gianni-Lucchesi-3.jpg\" \/>\n\t<meta property=\"og:image:width\" content=\"1920\" \/>\n\t<meta property=\"og:image:height\" content=\"1440\" \/>\n\t<meta property=\"og:image:type\" content=\"image\/jpeg\" \/>\n<meta name=\"author\" content=\"dpsonlineweb\" \/>\n<meta name=\"twitter:card\" content=\"summary_large_image\" \/>\n<meta name=\"twitter:label1\" content=\"Written by\" \/>\n\t<meta name=\"twitter:data1\" content=\"dpsonlineweb\" \/>\n\t<meta name=\"twitter:label2\" content=\"Est. reading time\" \/>\n\t<meta name=\"twitter:data2\" content=\"6 minutes\" \/>\n<script type=\"application\/ld+json\" class=\"yoast-schema-graph\">{\"@context\":\"https:\/\/schema.org\",\"@graph\":[{\"@type\":\"Article\",\"@id\":\"https:\/\/www.rossettiartecontemporanea.it\/en\/guardare-lorizzonte-dal-bordo-di-un-precipizio-operae-di-gianni-lucchesi\/#article\",\"isPartOf\":{\"@id\":\"https:\/\/www.rossettiartecontemporanea.it\/en\/guardare-lorizzonte-dal-bordo-di-un-precipizio-operae-di-gianni-lucchesi\/\"},\"author\":{\"name\":\"dpsonlineweb\",\"@id\":\"https:\/\/www.rossettiartecontemporanea.it\/en\/#\/schema\/person\/9074b110f3bc10dbcc7dc86655489909\"},\"headline\":\"Guardare l\u2019orizzonte dal bordo di un precipizio: \u201cOPERAE\u201d di Gianni Lucchesi\",\"datePublished\":\"2023-04-22T10:56:14+00:00\",\"dateModified\":\"2023-12-06T12:26:27+00:00\",\"mainEntityOfPage\":{\"@id\":\"https:\/\/www.rossettiartecontemporanea.it\/en\/guardare-lorizzonte-dal-bordo-di-un-precipizio-operae-di-gianni-lucchesi\/\"},\"wordCount\":931,\"publisher\":{\"@id\":\"https:\/\/www.rossettiartecontemporanea.it\/en\/#organization\"},\"image\":{\"@id\":\"https:\/\/www.rossettiartecontemporanea.it\/en\/guardare-lorizzonte-dal-bordo-di-un-precipizio-operae-di-gianni-lucchesi\/#primaryimage\"},\"thumbnailUrl\":\"https:\/\/www.rossettiartecontemporanea.it\/wp-content\/uploads\/2023\/04\/rassegna-stampa-Guardare-lorizzonte-dal-bordo-di-un-precipizio-OPERAE-di-Gianni-Lucchesi-3.jpg\",\"keywords\":[\"Gianni Lucchesi\"],\"articleSection\":[\"Rassegna stampa\"],\"inLanguage\":\"en-US\"},{\"@type\":\"WebPage\",\"@id\":\"https:\/\/www.rossettiartecontemporanea.it\/en\/guardare-lorizzonte-dal-bordo-di-un-precipizio-operae-di-gianni-lucchesi\/\",\"url\":\"https:\/\/www.rossettiartecontemporanea.it\/en\/guardare-lorizzonte-dal-bordo-di-un-precipizio-operae-di-gianni-lucchesi\/\",\"name\":\"Guardare l\u2019orizzonte dal bordo di un precipizio: \u201cOPERAE\u201d di Gianni Lucchesi - ROSSETTI arte contemporanea\",\"isPartOf\":{\"@id\":\"https:\/\/www.rossettiartecontemporanea.it\/en\/#website\"},\"primaryImageOfPage\":{\"@id\":\"https:\/\/www.rossettiartecontemporanea.it\/en\/guardare-lorizzonte-dal-bordo-di-un-precipizio-operae-di-gianni-lucchesi\/#primaryimage\"},\"image\":{\"@id\":\"https:\/\/www.rossettiartecontemporanea.it\/en\/guardare-lorizzonte-dal-bordo-di-un-precipizio-operae-di-gianni-lucchesi\/#primaryimage\"},\"thumbnailUrl\":\"https:\/\/www.rossettiartecontemporanea.it\/wp-content\/uploads\/2023\/04\/rassegna-stampa-Guardare-lorizzonte-dal-bordo-di-un-precipizio-OPERAE-di-Gianni-Lucchesi-3.jpg\",\"datePublished\":\"2023-04-22T10:56:14+00:00\",\"dateModified\":\"2023-12-06T12:26:27+00:00\",\"breadcrumb\":{\"@id\":\"https:\/\/www.rossettiartecontemporanea.it\/en\/guardare-lorizzonte-dal-bordo-di-un-precipizio-operae-di-gianni-lucchesi\/#breadcrumb\"},\"inLanguage\":\"en-US\",\"potentialAction\":[{\"@type\":\"ReadAction\",\"target\":[\"https:\/\/www.rossettiartecontemporanea.it\/en\/guardare-lorizzonte-dal-bordo-di-un-precipizio-operae-di-gianni-lucchesi\/\"]}]},{\"@type\":\"ImageObject\",\"inLanguage\":\"en-US\",\"@id\":\"https:\/\/www.rossettiartecontemporanea.it\/en\/guardare-lorizzonte-dal-bordo-di-un-precipizio-operae-di-gianni-lucchesi\/#primaryimage\",\"url\":\"https:\/\/www.rossettiartecontemporanea.it\/wp-content\/uploads\/2023\/04\/rassegna-stampa-Guardare-lorizzonte-dal-bordo-di-un-precipizio-OPERAE-di-Gianni-Lucchesi-3.jpg\",\"contentUrl\":\"https:\/\/www.rossettiartecontemporanea.it\/wp-content\/uploads\/2023\/04\/rassegna-stampa-Guardare-lorizzonte-dal-bordo-di-un-precipizio-OPERAE-di-Gianni-Lucchesi-3.jpg\",\"width\":1920,\"height\":1440},{\"@type\":\"BreadcrumbList\",\"@id\":\"https:\/\/www.rossettiartecontemporanea.it\/en\/guardare-lorizzonte-dal-bordo-di-un-precipizio-operae-di-gianni-lucchesi\/#breadcrumb\",\"itemListElement\":[{\"@type\":\"ListItem\",\"position\":1,\"name\":\"Home\",\"item\":\"https:\/\/www.rossettiartecontemporanea.it\/en\/\"},{\"@type\":\"ListItem\",\"position\":2,\"name\":\"Guardare l\u2019orizzonte dal bordo di un precipizio: \u201cOPERAE\u201d di Gianni Lucchesi\"}]},{\"@type\":\"WebSite\",\"@id\":\"https:\/\/www.rossettiartecontemporanea.it\/en\/#website\",\"url\":\"https:\/\/www.rossettiartecontemporanea.it\/en\/\",\"name\":\"Rossetti Arte Contemporanea\",\"description\":\"\",\"publisher\":{\"@id\":\"https:\/\/www.rossettiartecontemporanea.it\/en\/#organization\"},\"potentialAction\":[{\"@type\":\"SearchAction\",\"target\":{\"@type\":\"EntryPoint\",\"urlTemplate\":\"https:\/\/www.rossettiartecontemporanea.it\/en\/?s={search_term_string}\"},\"query-input\":{\"@type\":\"PropertyValueSpecification\",\"valueRequired\":true,\"valueName\":\"search_term_string\"}}],\"inLanguage\":\"en-US\"},{\"@type\":\"Organization\",\"@id\":\"https:\/\/www.rossettiartecontemporanea.it\/en\/#organization\",\"name\":\"Rossetti Arte Contemporanea\",\"url\":\"https:\/\/www.rossettiartecontemporanea.it\/en\/\",\"logo\":{\"@type\":\"ImageObject\",\"inLanguage\":\"en-US\",\"@id\":\"https:\/\/www.rossettiartecontemporanea.it\/en\/#\/schema\/logo\/image\/\",\"url\":\"https:\/\/www.rossettiartecontemporanea.it\/wp-content\/uploads\/2024\/02\/logo-Rossetti-Arte-Contemporanea-black-2x-1.png\",\"contentUrl\":\"https:\/\/www.rossettiartecontemporanea.it\/wp-content\/uploads\/2024\/02\/logo-Rossetti-Arte-Contemporanea-black-2x-1.png\",\"width\":611,\"height\":368,\"caption\":\"Rossetti Arte Contemporanea\"},\"image\":{\"@id\":\"https:\/\/www.rossettiartecontemporanea.it\/en\/#\/schema\/logo\/image\/\"},\"sameAs\":[\"https:\/\/www.facebook.com\/studio.rossetti.artecontemporanea\",\"https:\/\/www.instagram.com\/studio_rossetti\/\",\"https:\/\/www.youtube.com\/channel\/UC94tFj8zg6UV94quz_ysdgw\"]},{\"@type\":\"Person\",\"@id\":\"https:\/\/www.rossettiartecontemporanea.it\/en\/#\/schema\/person\/9074b110f3bc10dbcc7dc86655489909\",\"name\":\"dpsonlineweb\"}]}<\/script>\n<!-- \/ Yoast SEO plugin. -->","yoast_head_json":{"title":"Guardare l\u2019orizzonte dal bordo di un precipizio: \u201cOPERAE\u201d di Gianni Lucchesi - ROSSETTI arte contemporanea","robots":{"index":"index","follow":"follow","max-snippet":"max-snippet:-1","max-image-preview":"max-image-preview:large","max-video-preview":"max-video-preview:-1"},"canonical":"https:\/\/www.rossettiartecontemporanea.it\/en\/guardare-lorizzonte-dal-bordo-di-un-precipizio-operae-di-gianni-lucchesi\/","og_locale":"en_US","og_type":"article","og_title":"Guardare l\u2019orizzonte dal bordo di un precipizio: \u201cOPERAE\u201d di Gianni Lucchesi - ROSSETTI arte contemporanea","og_description":"Tratto da: https:\/\/www.artemagazine.it\/ di\u00a0Elisabetta Roncati Abbiamo fatto quattro chiacchiere con l\u2019autore di una delle installazioni pi\u00f9 ammirate del #Fuorisalone2023 Chi ha visitato la mostra evento di Interni Magazine nel Cortile&hellip;","og_url":"https:\/\/www.rossettiartecontemporanea.it\/en\/guardare-lorizzonte-dal-bordo-di-un-precipizio-operae-di-gianni-lucchesi\/","og_site_name":"ROSSETTI arte contemporanea","article_publisher":"https:\/\/www.facebook.com\/studio.rossetti.artecontemporanea","article_published_time":"2023-04-22T10:56:14+00:00","article_modified_time":"2023-12-06T12:26:27+00:00","og_image":[{"width":1920,"height":1440,"url":"https:\/\/www.rossettiartecontemporanea.it\/wp-content\/uploads\/2023\/04\/rassegna-stampa-Guardare-lorizzonte-dal-bordo-di-un-precipizio-OPERAE-di-Gianni-Lucchesi-3.jpg","type":"image\/jpeg"}],"author":"dpsonlineweb","twitter_card":"summary_large_image","twitter_misc":{"Written by":"dpsonlineweb","Est. reading time":"6 minutes"},"schema":{"@context":"https:\/\/schema.org","@graph":[{"@type":"Article","@id":"https:\/\/www.rossettiartecontemporanea.it\/en\/guardare-lorizzonte-dal-bordo-di-un-precipizio-operae-di-gianni-lucchesi\/#article","isPartOf":{"@id":"https:\/\/www.rossettiartecontemporanea.it\/en\/guardare-lorizzonte-dal-bordo-di-un-precipizio-operae-di-gianni-lucchesi\/"},"author":{"name":"dpsonlineweb","@id":"https:\/\/www.rossettiartecontemporanea.it\/en\/#\/schema\/person\/9074b110f3bc10dbcc7dc86655489909"},"headline":"Guardare l\u2019orizzonte dal bordo di un precipizio: \u201cOPERAE\u201d di Gianni Lucchesi","datePublished":"2023-04-22T10:56:14+00:00","dateModified":"2023-12-06T12:26:27+00:00","mainEntityOfPage":{"@id":"https:\/\/www.rossettiartecontemporanea.it\/en\/guardare-lorizzonte-dal-bordo-di-un-precipizio-operae-di-gianni-lucchesi\/"},"wordCount":931,"publisher":{"@id":"https:\/\/www.rossettiartecontemporanea.it\/en\/#organization"},"image":{"@id":"https:\/\/www.rossettiartecontemporanea.it\/en\/guardare-lorizzonte-dal-bordo-di-un-precipizio-operae-di-gianni-lucchesi\/#primaryimage"},"thumbnailUrl":"https:\/\/www.rossettiartecontemporanea.it\/wp-content\/uploads\/2023\/04\/rassegna-stampa-Guardare-lorizzonte-dal-bordo-di-un-precipizio-OPERAE-di-Gianni-Lucchesi-3.jpg","keywords":["Gianni Lucchesi"],"articleSection":["Rassegna stampa"],"inLanguage":"en-US"},{"@type":"WebPage","@id":"https:\/\/www.rossettiartecontemporanea.it\/en\/guardare-lorizzonte-dal-bordo-di-un-precipizio-operae-di-gianni-lucchesi\/","url":"https:\/\/www.rossettiartecontemporanea.it\/en\/guardare-lorizzonte-dal-bordo-di-un-precipizio-operae-di-gianni-lucchesi\/","name":"Guardare l\u2019orizzonte dal bordo di un precipizio: \u201cOPERAE\u201d di Gianni Lucchesi - ROSSETTI arte contemporanea","isPartOf":{"@id":"https:\/\/www.rossettiartecontemporanea.it\/en\/#website"},"primaryImageOfPage":{"@id":"https:\/\/www.rossettiartecontemporanea.it\/en\/guardare-lorizzonte-dal-bordo-di-un-precipizio-operae-di-gianni-lucchesi\/#primaryimage"},"image":{"@id":"https:\/\/www.rossettiartecontemporanea.it\/en\/guardare-lorizzonte-dal-bordo-di-un-precipizio-operae-di-gianni-lucchesi\/#primaryimage"},"thumbnailUrl":"https:\/\/www.rossettiartecontemporanea.it\/wp-content\/uploads\/2023\/04\/rassegna-stampa-Guardare-lorizzonte-dal-bordo-di-un-precipizio-OPERAE-di-Gianni-Lucchesi-3.jpg","datePublished":"2023-04-22T10:56:14+00:00","dateModified":"2023-12-06T12:26:27+00:00","breadcrumb":{"@id":"https:\/\/www.rossettiartecontemporanea.it\/en\/guardare-lorizzonte-dal-bordo-di-un-precipizio-operae-di-gianni-lucchesi\/#breadcrumb"},"inLanguage":"en-US","potentialAction":[{"@type":"ReadAction","target":["https:\/\/www.rossettiartecontemporanea.it\/en\/guardare-lorizzonte-dal-bordo-di-un-precipizio-operae-di-gianni-lucchesi\/"]}]},{"@type":"ImageObject","inLanguage":"en-US","@id":"https:\/\/www.rossettiartecontemporanea.it\/en\/guardare-lorizzonte-dal-bordo-di-un-precipizio-operae-di-gianni-lucchesi\/#primaryimage","url":"https:\/\/www.rossettiartecontemporanea.it\/wp-content\/uploads\/2023\/04\/rassegna-stampa-Guardare-lorizzonte-dal-bordo-di-un-precipizio-OPERAE-di-Gianni-Lucchesi-3.jpg","contentUrl":"https:\/\/www.rossettiartecontemporanea.it\/wp-content\/uploads\/2023\/04\/rassegna-stampa-Guardare-lorizzonte-dal-bordo-di-un-precipizio-OPERAE-di-Gianni-Lucchesi-3.jpg","width":1920,"height":1440},{"@type":"BreadcrumbList","@id":"https:\/\/www.rossettiartecontemporanea.it\/en\/guardare-lorizzonte-dal-bordo-di-un-precipizio-operae-di-gianni-lucchesi\/#breadcrumb","itemListElement":[{"@type":"ListItem","position":1,"name":"Home","item":"https:\/\/www.rossettiartecontemporanea.it\/en\/"},{"@type":"ListItem","position":2,"name":"Guardare l\u2019orizzonte dal bordo di un precipizio: \u201cOPERAE\u201d di Gianni Lucchesi"}]},{"@type":"WebSite","@id":"https:\/\/www.rossettiartecontemporanea.it\/en\/#website","url":"https:\/\/www.rossettiartecontemporanea.it\/en\/","name":"Rossetti Arte Contemporanea","description":"","publisher":{"@id":"https:\/\/www.rossettiartecontemporanea.it\/en\/#organization"},"potentialAction":[{"@type":"SearchAction","target":{"@type":"EntryPoint","urlTemplate":"https:\/\/www.rossettiartecontemporanea.it\/en\/?s={search_term_string}"},"query-input":{"@type":"PropertyValueSpecification","valueRequired":true,"valueName":"search_term_string"}}],"inLanguage":"en-US"},{"@type":"Organization","@id":"https:\/\/www.rossettiartecontemporanea.it\/en\/#organization","name":"Rossetti Arte Contemporanea","url":"https:\/\/www.rossettiartecontemporanea.it\/en\/","logo":{"@type":"ImageObject","inLanguage":"en-US","@id":"https:\/\/www.rossettiartecontemporanea.it\/en\/#\/schema\/logo\/image\/","url":"https:\/\/www.rossettiartecontemporanea.it\/wp-content\/uploads\/2024\/02\/logo-Rossetti-Arte-Contemporanea-black-2x-1.png","contentUrl":"https:\/\/www.rossettiartecontemporanea.it\/wp-content\/uploads\/2024\/02\/logo-Rossetti-Arte-Contemporanea-black-2x-1.png","width":611,"height":368,"caption":"Rossetti Arte Contemporanea"},"image":{"@id":"https:\/\/www.rossettiartecontemporanea.it\/en\/#\/schema\/logo\/image\/"},"sameAs":["https:\/\/www.facebook.com\/studio.rossetti.artecontemporanea","https:\/\/www.instagram.com\/studio_rossetti\/","https:\/\/www.youtube.com\/channel\/UC94tFj8zg6UV94quz_ysdgw"]},{"@type":"Person","@id":"https:\/\/www.rossettiartecontemporanea.it\/en\/#\/schema\/person\/9074b110f3bc10dbcc7dc86655489909","name":"dpsonlineweb"}]}},"_links":{"self":[{"href":"https:\/\/www.rossettiartecontemporanea.it\/en\/wp-json\/wp\/v2\/posts\/38689","targetHints":{"allow":["GET"]}}],"collection":[{"href":"https:\/\/www.rossettiartecontemporanea.it\/en\/wp-json\/wp\/v2\/posts"}],"about":[{"href":"https:\/\/www.rossettiartecontemporanea.it\/en\/wp-json\/wp\/v2\/types\/post"}],"author":[{"embeddable":true,"href":"https:\/\/www.rossettiartecontemporanea.it\/en\/wp-json\/wp\/v2\/users\/2"}],"replies":[{"embeddable":true,"href":"https:\/\/www.rossettiartecontemporanea.it\/en\/wp-json\/wp\/v2\/comments?post=38689"}],"version-history":[{"count":4,"href":"https:\/\/www.rossettiartecontemporanea.it\/en\/wp-json\/wp\/v2\/posts\/38689\/revisions"}],"predecessor-version":[{"id":38736,"href":"https:\/\/www.rossettiartecontemporanea.it\/en\/wp-json\/wp\/v2\/posts\/38689\/revisions\/38736"}],"wp:featuredmedia":[{"embeddable":true,"href":"https:\/\/www.rossettiartecontemporanea.it\/en\/wp-json\/wp\/v2\/media\/38701"}],"wp:attachment":[{"href":"https:\/\/www.rossettiartecontemporanea.it\/en\/wp-json\/wp\/v2\/media?parent=38689"}],"wp:term":[{"taxonomy":"category","embeddable":true,"href":"https:\/\/www.rossettiartecontemporanea.it\/en\/wp-json\/wp\/v2\/categories?post=38689"},{"taxonomy":"post_tag","embeddable":true,"href":"https:\/\/www.rossettiartecontemporanea.it\/en\/wp-json\/wp\/v2\/tags?post=38689"}],"curies":[{"name":"wp","href":"https:\/\/api.w.org\/{rel}","templated":true}]}}