{"id":38697,"date":"2023-09-06T13:03:40","date_gmt":"2023-09-06T11:03:40","guid":{"rendered":"http:\/\/www.rossettiartecontemporanea.it\/?p=38697"},"modified":"2023-12-06T13:24:54","modified_gmt":"2023-12-06T12:24:54","slug":"operae-a-genova-linstallazione-di-gianni-lucchesi","status":"publish","type":"post","link":"https:\/\/www.rossettiartecontemporanea.it\/en\/operae-a-genova-linstallazione-di-gianni-lucchesi\/","title":{"rendered":"\u201cOperae\u201d, a Genova l\u2019installazione di Gianni Lucchesi"},"content":{"rendered":"\n<p>Tratto da: <a href=\"https:\/\/www.movemagazine.it\/eventi\/operae-gianni-lucchesi-genova\/\" target=\"_blank\" rel=\"noreferrer noopener\">https:\/\/www.movemagazine.it\/<\/a><\/p>\n\n\n\n<p>Gianni Lucchesi<br>data:\u00a0dal 21 settembre al 5 novembre 2023<br>luogo:\u00a0Piazza Raffaele De Ferrari, Genova<br>orario:\u00a00.00-24.00<\/p>\n\n\n\n<p><em><strong>Operae<\/strong>&nbsp;<\/em>\u00e8 la scultura-installazione dell\u2019artista&nbsp;<strong>Gianni Lucchesi<\/strong>&nbsp;visibile a&nbsp;<strong>Genova<\/strong>, nella centrale Piazza Raffaele De Ferrari, dal 21 settembre al 5 novembre 2023.<\/p>\n\n\n\n<p>A cura della&nbsp;<strong>Galleria Studio Rossetti<\/strong>, l\u2019opera \u00e8 alta 13 metri ed \u00e8 stata realizzata in collaborazione con l\u2019azienda Giannoni &amp; Santoni. Rappresenta un uomo che dall\u2019alto scruta l\u2019orizzonte in cima, con lo sguardo rivolto verso il futuro, riflettendo sul rapporto tra l\u2019uomo e il \u201ccostruire\u201d. Dopo Genova sar\u00e0 portata in tour in varie citt\u00e0 italiane nel corso del 2024.<\/p>\n\n\n\n<p>L\u2019installazione di Gianni Lucchesi \u00e8 costituita da&nbsp;<strong>12 cubi in cemento che danno vita a una torre<\/strong>. Alla sommit\u00e0, la scultura a grandezza naturale di un uomo seduto con lo sguardo verso l\u2019orizzonte.&nbsp;<em>Operae<\/em>&nbsp;\u00e8 fortemente caratterizzata da elementi geometrici e matematici.<\/p>\n\n\n\n<p>La<strong>&nbsp;sequenza aurea di Fibonacci<\/strong>&nbsp;scandisce la rotazione dei cubi che sorreggono l\u2019uomo e subisce una lieve rotazione in prossimit\u00e0 della sequenza 1, 1, 2, 3, 5, la cui somma \u00e8 12, quanti sono anche i metri di altezza della torre. I segni dorati che graffiano le superfici in cemento sono la sovrapposizione crescente verso l\u2019alto di un sigillo bruniano.<\/p>\n\n\n\n<figure class=\"wp-block-gallery alignwide has-nested-images columns-default is-cropped wp-block-gallery-1 is-layout-flex wp-block-gallery-is-layout-flex\">\n<figure class=\"wp-block-image size-large\"><img fetchpriority=\"high\" decoding=\"async\" width=\"1024\" height=\"768\" data-id=\"38693\" src=\"https:\/\/www.rossettiartecontemporanea.it\/wp-content\/uploads\/2023\/10\/rassegna-stampa-2_OPERAE_di_GianniLucchesi_\u00a9Carlo-Alberto-Arzela-1024x768.jpg\" alt=\"\" class=\"wp-image-38693\" srcset=\"https:\/\/www.rossettiartecontemporanea.it\/wp-content\/uploads\/2023\/10\/rassegna-stampa-2_OPERAE_di_GianniLucchesi_\u00a9Carlo-Alberto-Arzela-1024x768.jpg 1024w, https:\/\/www.rossettiartecontemporanea.it\/wp-content\/uploads\/2023\/10\/rassegna-stampa-2_OPERAE_di_GianniLucchesi_\u00a9Carlo-Alberto-Arzela-300x225.jpg 300w, https:\/\/www.rossettiartecontemporanea.it\/wp-content\/uploads\/2023\/10\/rassegna-stampa-2_OPERAE_di_GianniLucchesi_\u00a9Carlo-Alberto-Arzela-768x576.jpg 768w, https:\/\/www.rossettiartecontemporanea.it\/wp-content\/uploads\/2023\/10\/rassegna-stampa-2_OPERAE_di_GianniLucchesi_\u00a9Carlo-Alberto-Arzela-1536x1152.jpg 1536w, https:\/\/www.rossettiartecontemporanea.it\/wp-content\/uploads\/2023\/10\/rassegna-stampa-2_OPERAE_di_GianniLucchesi_\u00a9Carlo-Alberto-Arzela-370x278.jpg 370w, https:\/\/www.rossettiartecontemporanea.it\/wp-content\/uploads\/2023\/10\/rassegna-stampa-2_OPERAE_di_GianniLucchesi_\u00a9Carlo-Alberto-Arzela-840x630.jpg 840w, https:\/\/www.rossettiartecontemporanea.it\/wp-content\/uploads\/2023\/10\/rassegna-stampa-2_OPERAE_di_GianniLucchesi_\u00a9Carlo-Alberto-Arzela-410x308.jpg 410w, https:\/\/www.rossettiartecontemporanea.it\/wp-content\/uploads\/2023\/10\/rassegna-stampa-2_OPERAE_di_GianniLucchesi_\u00a9Carlo-Alberto-Arzela.jpg 1920w\" sizes=\"(max-width: 1024px) 100vw, 1024px\" \/><figcaption class=\"wp-element-caption\">Gianni Lucchesi, Operae<\/figcaption><\/figure>\n<\/figure>\n\n\n\n<h5 class=\"wp-block-heading\">Gianni Lucchesi e&nbsp;<em>Operae<\/em>: il progetto e il significato<\/h5>\n\n\n\n<p>Metaforicamente, la costruzione non \u00e8 ancorata al terreno dalla gravit\u00e0.&nbsp;<strong>Al contrario, \u00e8 sostenuta dall\u2019intelletto dell\u2019uomo<\/strong>. Questi osserva il futuro davanti a s\u00e9, supportato da una colonna che costituisce il valore e l\u2019importanza del proprio intelletto e dei talenti che nella storia ha dimostrato di essere in grado di sviluppare. Lucchesi non d\u00e0 lezioni, n\u00e9 risposte. Vuole per\u00f2 stimolare una riflessione critica da parte dell\u2019osservatore riguardo la percezione di s\u00e9 stesso con e nello spazio circostante.<\/p>\n\n\n\n<p>La scultura nasce da un progetto elaborato in collaborazione con&nbsp;<strong>Carlo Albert\u00f2 Arzel\u00e0, Julia Caracciolo, Sandra Bozzarelli<\/strong>&nbsp;e lo&nbsp;<strong>Studio Hangar<\/strong>. L\u2019installazione genovese ha visto la collaborazione di Comune di Genova, Camera di Commercio, Confcommerio Genova. L\u2019iniziativa \u00e8 sponsorizzata da PSA Italy e dalle aziende partner IMS, Ticketcrociere e Dpsonline.<\/p>\n\n\n\n<figure class=\"wp-block-gallery alignwide has-nested-images columns-default is-cropped wp-block-gallery-2 is-layout-flex wp-block-gallery-is-layout-flex\">\n<figure class=\"wp-block-image size-large\"><img decoding=\"async\" width=\"1024\" height=\"768\" data-id=\"38692\" src=\"https:\/\/www.rossettiartecontemporanea.it\/wp-content\/uploads\/2023\/10\/rassegna-stampa-3_OPERAE_di_GianniLucchesi_\u00a9Carlo-Alberto-Arzela-1024x768.jpg\" alt=\"\" class=\"wp-image-38692\" srcset=\"https:\/\/www.rossettiartecontemporanea.it\/wp-content\/uploads\/2023\/10\/rassegna-stampa-3_OPERAE_di_GianniLucchesi_\u00a9Carlo-Alberto-Arzela-1024x768.jpg 1024w, https:\/\/www.rossettiartecontemporanea.it\/wp-content\/uploads\/2023\/10\/rassegna-stampa-3_OPERAE_di_GianniLucchesi_\u00a9Carlo-Alberto-Arzela-300x225.jpg 300w, https:\/\/www.rossettiartecontemporanea.it\/wp-content\/uploads\/2023\/10\/rassegna-stampa-3_OPERAE_di_GianniLucchesi_\u00a9Carlo-Alberto-Arzela-768x576.jpg 768w, https:\/\/www.rossettiartecontemporanea.it\/wp-content\/uploads\/2023\/10\/rassegna-stampa-3_OPERAE_di_GianniLucchesi_\u00a9Carlo-Alberto-Arzela-1536x1152.jpg 1536w, https:\/\/www.rossettiartecontemporanea.it\/wp-content\/uploads\/2023\/10\/rassegna-stampa-3_OPERAE_di_GianniLucchesi_\u00a9Carlo-Alberto-Arzela-370x278.jpg 370w, https:\/\/www.rossettiartecontemporanea.it\/wp-content\/uploads\/2023\/10\/rassegna-stampa-3_OPERAE_di_GianniLucchesi_\u00a9Carlo-Alberto-Arzela-840x630.jpg 840w, https:\/\/www.rossettiartecontemporanea.it\/wp-content\/uploads\/2023\/10\/rassegna-stampa-3_OPERAE_di_GianniLucchesi_\u00a9Carlo-Alberto-Arzela-410x308.jpg 410w, https:\/\/www.rossettiartecontemporanea.it\/wp-content\/uploads\/2023\/10\/rassegna-stampa-3_OPERAE_di_GianniLucchesi_\u00a9Carlo-Alberto-Arzela.jpg 1920w\" sizes=\"(max-width: 1024px) 100vw, 1024px\" \/><figcaption class=\"wp-element-caption\">Gianni Lucchesi, Operae<\/figcaption><\/figure>\n<\/figure>\n\n\n\n<p>Come iniziativa collaterale, la Galleria Studio Rossetti di Via Chiabrera 33R ospita dal 5 ottobre la mostra&nbsp;<em><strong>Houston, che sfortuna<\/strong><\/em>&nbsp;di Gianni Lucchesi.&nbsp;L\u2019esposizione \u00e8 curata dalla scrittrice e curatrice d\u2019arte Alessandra Redaelli ed \u00e8 visitabile negli&nbsp;<a href=\"https:\/\/www.galleriastudiorossetti.it\/\" target=\"_blank\" rel=\"noreferrer noopener\">orari di apertura della galleria<\/a>&nbsp;fino al 5 novembre 2023.<\/p>\n\n\n\n<p><em>Foto \u00a9 Carlo Alberto Arzel\u00e0 fornite da Ufficio Stampa Francesca Spatola \u2013 Monia Giannetti<\/em><\/p>\n\n\n\n<div style=\"height:15px\" aria-hidden=\"true\" class=\"wp-block-spacer\"><\/div>\n","protected":false},"excerpt":{"rendered":"<p>Tratto da: https:\/\/www.movemagazine.it\/ Gianni Lucchesidata:\u00a0dal 21 settembre al 5 novembre 2023luogo:\u00a0Piazza Raffaele De Ferrari, Genovaorario:\u00a00.00-24.00 Operae&nbsp;\u00e8 la scultura-installazione dell\u2019artista&nbsp;Gianni Lucchesi&nbsp;visibile a&nbsp;Genova, nella centrale Piazza Raffaele De Ferrari, dal 21 settembre&hellip;<\/p>\n","protected":false},"author":2,"featured_media":38635,"comment_status":"closed","ping_status":"open","sticky":false,"template":"","format":"standard","meta":{"_acf_changed":false,"footnotes":""},"categories":[351],"tags":[282],"class_list":["post-38697","post","type-post","status-publish","format-standard","has-post-thumbnail","hentry","category-rassegna-stampa","tag-gianni-lucchesi"],"acf":[],"yoast_head":"<!-- This site is optimized with the Yoast SEO plugin v25.1 - https:\/\/yoast.com\/wordpress\/plugins\/seo\/ -->\n<title>\u201cOperae\u201d, a Genova l\u2019installazione di Gianni Lucchesi - ROSSETTI arte contemporanea<\/title>\n<meta name=\"robots\" content=\"index, follow, max-snippet:-1, max-image-preview:large, max-video-preview:-1\" \/>\n<link rel=\"canonical\" href=\"https:\/\/www.rossettiartecontemporanea.it\/en\/operae-a-genova-linstallazione-di-gianni-lucchesi\/\" \/>\n<meta property=\"og:locale\" content=\"en_US\" \/>\n<meta property=\"og:type\" content=\"article\" \/>\n<meta property=\"og:title\" content=\"\u201cOperae\u201d, a Genova l\u2019installazione di Gianni Lucchesi - ROSSETTI arte contemporanea\" \/>\n<meta property=\"og:description\" content=\"Tratto da: https:\/\/www.movemagazine.it\/ Gianni Lucchesidata:\u00a0dal 21 settembre al 5 novembre 2023luogo:\u00a0Piazza Raffaele De Ferrari, Genovaorario:\u00a00.00-24.00 Operae&nbsp;\u00e8 la scultura-installazione dell\u2019artista&nbsp;Gianni Lucchesi&nbsp;visibile a&nbsp;Genova, nella centrale Piazza Raffaele De Ferrari, dal 21 settembre&hellip;\" \/>\n<meta property=\"og:url\" content=\"https:\/\/www.rossettiartecontemporanea.it\/en\/operae-a-genova-linstallazione-di-gianni-lucchesi\/\" \/>\n<meta property=\"og:site_name\" content=\"ROSSETTI arte contemporanea\" \/>\n<meta property=\"article:publisher\" content=\"https:\/\/www.facebook.com\/studio.rossetti.artecontemporanea\" \/>\n<meta property=\"article:published_time\" content=\"2023-09-06T11:03:40+00:00\" \/>\n<meta property=\"article:modified_time\" content=\"2023-12-06T12:24:54+00:00\" \/>\n<meta property=\"og:image\" content=\"https:\/\/www.rossettiartecontemporanea.it\/wp-content\/uploads\/2023\/09\/rassegna-stampa-gianni-lucchesi.jpg\" \/>\n\t<meta property=\"og:image:width\" content=\"1600\" \/>\n\t<meta property=\"og:image:height\" content=\"1200\" \/>\n\t<meta property=\"og:image:type\" content=\"image\/jpeg\" \/>\n<meta name=\"author\" content=\"dpsonlineweb\" \/>\n<meta name=\"twitter:card\" content=\"summary_large_image\" \/>\n<meta name=\"twitter:label1\" content=\"Written by\" \/>\n\t<meta name=\"twitter:data1\" content=\"dpsonlineweb\" \/>\n\t<meta name=\"twitter:label2\" content=\"Est. reading time\" \/>\n\t<meta name=\"twitter:data2\" content=\"3 minutes\" \/>\n<script type=\"application\/ld+json\" class=\"yoast-schema-graph\">{\"@context\":\"https:\/\/schema.org\",\"@graph\":[{\"@type\":\"Article\",\"@id\":\"https:\/\/www.rossettiartecontemporanea.it\/en\/operae-a-genova-linstallazione-di-gianni-lucchesi\/#article\",\"isPartOf\":{\"@id\":\"https:\/\/www.rossettiartecontemporanea.it\/en\/operae-a-genova-linstallazione-di-gianni-lucchesi\/\"},\"author\":{\"name\":\"dpsonlineweb\",\"@id\":\"https:\/\/www.rossettiartecontemporanea.it\/en\/#\/schema\/person\/9074b110f3bc10dbcc7dc86655489909\"},\"headline\":\"\u201cOperae\u201d, a Genova l\u2019installazione di Gianni Lucchesi\",\"datePublished\":\"2023-09-06T11:03:40+00:00\",\"dateModified\":\"2023-12-06T12:24:54+00:00\",\"mainEntityOfPage\":{\"@id\":\"https:\/\/www.rossettiartecontemporanea.it\/en\/operae-a-genova-linstallazione-di-gianni-lucchesi\/\"},\"wordCount\":424,\"publisher\":{\"@id\":\"https:\/\/www.rossettiartecontemporanea.it\/en\/#organization\"},\"image\":{\"@id\":\"https:\/\/www.rossettiartecontemporanea.it\/en\/operae-a-genova-linstallazione-di-gianni-lucchesi\/#primaryimage\"},\"thumbnailUrl\":\"https:\/\/www.rossettiartecontemporanea.it\/wp-content\/uploads\/2023\/09\/rassegna-stampa-gianni-lucchesi.jpg\",\"keywords\":[\"Gianni Lucchesi\"],\"articleSection\":[\"Rassegna stampa\"],\"inLanguage\":\"en-US\"},{\"@type\":\"WebPage\",\"@id\":\"https:\/\/www.rossettiartecontemporanea.it\/en\/operae-a-genova-linstallazione-di-gianni-lucchesi\/\",\"url\":\"https:\/\/www.rossettiartecontemporanea.it\/en\/operae-a-genova-linstallazione-di-gianni-lucchesi\/\",\"name\":\"\u201cOperae\u201d, a Genova l\u2019installazione di Gianni Lucchesi - ROSSETTI arte contemporanea\",\"isPartOf\":{\"@id\":\"https:\/\/www.rossettiartecontemporanea.it\/en\/#website\"},\"primaryImageOfPage\":{\"@id\":\"https:\/\/www.rossettiartecontemporanea.it\/en\/operae-a-genova-linstallazione-di-gianni-lucchesi\/#primaryimage\"},\"image\":{\"@id\":\"https:\/\/www.rossettiartecontemporanea.it\/en\/operae-a-genova-linstallazione-di-gianni-lucchesi\/#primaryimage\"},\"thumbnailUrl\":\"https:\/\/www.rossettiartecontemporanea.it\/wp-content\/uploads\/2023\/09\/rassegna-stampa-gianni-lucchesi.jpg\",\"datePublished\":\"2023-09-06T11:03:40+00:00\",\"dateModified\":\"2023-12-06T12:24:54+00:00\",\"breadcrumb\":{\"@id\":\"https:\/\/www.rossettiartecontemporanea.it\/en\/operae-a-genova-linstallazione-di-gianni-lucchesi\/#breadcrumb\"},\"inLanguage\":\"en-US\",\"potentialAction\":[{\"@type\":\"ReadAction\",\"target\":[\"https:\/\/www.rossettiartecontemporanea.it\/en\/operae-a-genova-linstallazione-di-gianni-lucchesi\/\"]}]},{\"@type\":\"ImageObject\",\"inLanguage\":\"en-US\",\"@id\":\"https:\/\/www.rossettiartecontemporanea.it\/en\/operae-a-genova-linstallazione-di-gianni-lucchesi\/#primaryimage\",\"url\":\"https:\/\/www.rossettiartecontemporanea.it\/wp-content\/uploads\/2023\/09\/rassegna-stampa-gianni-lucchesi.jpg\",\"contentUrl\":\"https:\/\/www.rossettiartecontemporanea.it\/wp-content\/uploads\/2023\/09\/rassegna-stampa-gianni-lucchesi.jpg\",\"width\":1600,\"height\":1200},{\"@type\":\"BreadcrumbList\",\"@id\":\"https:\/\/www.rossettiartecontemporanea.it\/en\/operae-a-genova-linstallazione-di-gianni-lucchesi\/#breadcrumb\",\"itemListElement\":[{\"@type\":\"ListItem\",\"position\":1,\"name\":\"Home\",\"item\":\"https:\/\/www.rossettiartecontemporanea.it\/en\/\"},{\"@type\":\"ListItem\",\"position\":2,\"name\":\"\u201cOperae\u201d, a Genova l\u2019installazione di Gianni Lucchesi\"}]},{\"@type\":\"WebSite\",\"@id\":\"https:\/\/www.rossettiartecontemporanea.it\/en\/#website\",\"url\":\"https:\/\/www.rossettiartecontemporanea.it\/en\/\",\"name\":\"Rossetti Arte Contemporanea\",\"description\":\"\",\"publisher\":{\"@id\":\"https:\/\/www.rossettiartecontemporanea.it\/en\/#organization\"},\"potentialAction\":[{\"@type\":\"SearchAction\",\"target\":{\"@type\":\"EntryPoint\",\"urlTemplate\":\"https:\/\/www.rossettiartecontemporanea.it\/en\/?s={search_term_string}\"},\"query-input\":{\"@type\":\"PropertyValueSpecification\",\"valueRequired\":true,\"valueName\":\"search_term_string\"}}],\"inLanguage\":\"en-US\"},{\"@type\":\"Organization\",\"@id\":\"https:\/\/www.rossettiartecontemporanea.it\/en\/#organization\",\"name\":\"Rossetti Arte Contemporanea\",\"url\":\"https:\/\/www.rossettiartecontemporanea.it\/en\/\",\"logo\":{\"@type\":\"ImageObject\",\"inLanguage\":\"en-US\",\"@id\":\"https:\/\/www.rossettiartecontemporanea.it\/en\/#\/schema\/logo\/image\/\",\"url\":\"https:\/\/www.rossettiartecontemporanea.it\/wp-content\/uploads\/2024\/02\/logo-Rossetti-Arte-Contemporanea-black-2x-1.png\",\"contentUrl\":\"https:\/\/www.rossettiartecontemporanea.it\/wp-content\/uploads\/2024\/02\/logo-Rossetti-Arte-Contemporanea-black-2x-1.png\",\"width\":611,\"height\":368,\"caption\":\"Rossetti Arte Contemporanea\"},\"image\":{\"@id\":\"https:\/\/www.rossettiartecontemporanea.it\/en\/#\/schema\/logo\/image\/\"},\"sameAs\":[\"https:\/\/www.facebook.com\/studio.rossetti.artecontemporanea\",\"https:\/\/www.instagram.com\/studio_rossetti\/\",\"https:\/\/www.youtube.com\/channel\/UC94tFj8zg6UV94quz_ysdgw\"]},{\"@type\":\"Person\",\"@id\":\"https:\/\/www.rossettiartecontemporanea.it\/en\/#\/schema\/person\/9074b110f3bc10dbcc7dc86655489909\",\"name\":\"dpsonlineweb\"}]}<\/script>\n<!-- \/ Yoast SEO plugin. -->","yoast_head_json":{"title":"\u201cOperae\u201d, a Genova l\u2019installazione di Gianni Lucchesi - ROSSETTI arte contemporanea","robots":{"index":"index","follow":"follow","max-snippet":"max-snippet:-1","max-image-preview":"max-image-preview:large","max-video-preview":"max-video-preview:-1"},"canonical":"https:\/\/www.rossettiartecontemporanea.it\/en\/operae-a-genova-linstallazione-di-gianni-lucchesi\/","og_locale":"en_US","og_type":"article","og_title":"\u201cOperae\u201d, a Genova l\u2019installazione di Gianni Lucchesi - ROSSETTI arte contemporanea","og_description":"Tratto da: https:\/\/www.movemagazine.it\/ Gianni Lucchesidata:\u00a0dal 21 settembre al 5 novembre 2023luogo:\u00a0Piazza Raffaele De Ferrari, Genovaorario:\u00a00.00-24.00 Operae&nbsp;\u00e8 la scultura-installazione dell\u2019artista&nbsp;Gianni Lucchesi&nbsp;visibile a&nbsp;Genova, nella centrale Piazza Raffaele De Ferrari, dal 21 settembre&hellip;","og_url":"https:\/\/www.rossettiartecontemporanea.it\/en\/operae-a-genova-linstallazione-di-gianni-lucchesi\/","og_site_name":"ROSSETTI arte contemporanea","article_publisher":"https:\/\/www.facebook.com\/studio.rossetti.artecontemporanea","article_published_time":"2023-09-06T11:03:40+00:00","article_modified_time":"2023-12-06T12:24:54+00:00","og_image":[{"width":1600,"height":1200,"url":"https:\/\/www.rossettiartecontemporanea.it\/wp-content\/uploads\/2023\/09\/rassegna-stampa-gianni-lucchesi.jpg","type":"image\/jpeg"}],"author":"dpsonlineweb","twitter_card":"summary_large_image","twitter_misc":{"Written by":"dpsonlineweb","Est. reading time":"3 minutes"},"schema":{"@context":"https:\/\/schema.org","@graph":[{"@type":"Article","@id":"https:\/\/www.rossettiartecontemporanea.it\/en\/operae-a-genova-linstallazione-di-gianni-lucchesi\/#article","isPartOf":{"@id":"https:\/\/www.rossettiartecontemporanea.it\/en\/operae-a-genova-linstallazione-di-gianni-lucchesi\/"},"author":{"name":"dpsonlineweb","@id":"https:\/\/www.rossettiartecontemporanea.it\/en\/#\/schema\/person\/9074b110f3bc10dbcc7dc86655489909"},"headline":"\u201cOperae\u201d, a Genova l\u2019installazione di Gianni Lucchesi","datePublished":"2023-09-06T11:03:40+00:00","dateModified":"2023-12-06T12:24:54+00:00","mainEntityOfPage":{"@id":"https:\/\/www.rossettiartecontemporanea.it\/en\/operae-a-genova-linstallazione-di-gianni-lucchesi\/"},"wordCount":424,"publisher":{"@id":"https:\/\/www.rossettiartecontemporanea.it\/en\/#organization"},"image":{"@id":"https:\/\/www.rossettiartecontemporanea.it\/en\/operae-a-genova-linstallazione-di-gianni-lucchesi\/#primaryimage"},"thumbnailUrl":"https:\/\/www.rossettiartecontemporanea.it\/wp-content\/uploads\/2023\/09\/rassegna-stampa-gianni-lucchesi.jpg","keywords":["Gianni Lucchesi"],"articleSection":["Rassegna stampa"],"inLanguage":"en-US"},{"@type":"WebPage","@id":"https:\/\/www.rossettiartecontemporanea.it\/en\/operae-a-genova-linstallazione-di-gianni-lucchesi\/","url":"https:\/\/www.rossettiartecontemporanea.it\/en\/operae-a-genova-linstallazione-di-gianni-lucchesi\/","name":"\u201cOperae\u201d, a Genova l\u2019installazione di Gianni Lucchesi - ROSSETTI arte contemporanea","isPartOf":{"@id":"https:\/\/www.rossettiartecontemporanea.it\/en\/#website"},"primaryImageOfPage":{"@id":"https:\/\/www.rossettiartecontemporanea.it\/en\/operae-a-genova-linstallazione-di-gianni-lucchesi\/#primaryimage"},"image":{"@id":"https:\/\/www.rossettiartecontemporanea.it\/en\/operae-a-genova-linstallazione-di-gianni-lucchesi\/#primaryimage"},"thumbnailUrl":"https:\/\/www.rossettiartecontemporanea.it\/wp-content\/uploads\/2023\/09\/rassegna-stampa-gianni-lucchesi.jpg","datePublished":"2023-09-06T11:03:40+00:00","dateModified":"2023-12-06T12:24:54+00:00","breadcrumb":{"@id":"https:\/\/www.rossettiartecontemporanea.it\/en\/operae-a-genova-linstallazione-di-gianni-lucchesi\/#breadcrumb"},"inLanguage":"en-US","potentialAction":[{"@type":"ReadAction","target":["https:\/\/www.rossettiartecontemporanea.it\/en\/operae-a-genova-linstallazione-di-gianni-lucchesi\/"]}]},{"@type":"ImageObject","inLanguage":"en-US","@id":"https:\/\/www.rossettiartecontemporanea.it\/en\/operae-a-genova-linstallazione-di-gianni-lucchesi\/#primaryimage","url":"https:\/\/www.rossettiartecontemporanea.it\/wp-content\/uploads\/2023\/09\/rassegna-stampa-gianni-lucchesi.jpg","contentUrl":"https:\/\/www.rossettiartecontemporanea.it\/wp-content\/uploads\/2023\/09\/rassegna-stampa-gianni-lucchesi.jpg","width":1600,"height":1200},{"@type":"BreadcrumbList","@id":"https:\/\/www.rossettiartecontemporanea.it\/en\/operae-a-genova-linstallazione-di-gianni-lucchesi\/#breadcrumb","itemListElement":[{"@type":"ListItem","position":1,"name":"Home","item":"https:\/\/www.rossettiartecontemporanea.it\/en\/"},{"@type":"ListItem","position":2,"name":"\u201cOperae\u201d, a Genova l\u2019installazione di Gianni Lucchesi"}]},{"@type":"WebSite","@id":"https:\/\/www.rossettiartecontemporanea.it\/en\/#website","url":"https:\/\/www.rossettiartecontemporanea.it\/en\/","name":"Rossetti Arte Contemporanea","description":"","publisher":{"@id":"https:\/\/www.rossettiartecontemporanea.it\/en\/#organization"},"potentialAction":[{"@type":"SearchAction","target":{"@type":"EntryPoint","urlTemplate":"https:\/\/www.rossettiartecontemporanea.it\/en\/?s={search_term_string}"},"query-input":{"@type":"PropertyValueSpecification","valueRequired":true,"valueName":"search_term_string"}}],"inLanguage":"en-US"},{"@type":"Organization","@id":"https:\/\/www.rossettiartecontemporanea.it\/en\/#organization","name":"Rossetti Arte Contemporanea","url":"https:\/\/www.rossettiartecontemporanea.it\/en\/","logo":{"@type":"ImageObject","inLanguage":"en-US","@id":"https:\/\/www.rossettiartecontemporanea.it\/en\/#\/schema\/logo\/image\/","url":"https:\/\/www.rossettiartecontemporanea.it\/wp-content\/uploads\/2024\/02\/logo-Rossetti-Arte-Contemporanea-black-2x-1.png","contentUrl":"https:\/\/www.rossettiartecontemporanea.it\/wp-content\/uploads\/2024\/02\/logo-Rossetti-Arte-Contemporanea-black-2x-1.png","width":611,"height":368,"caption":"Rossetti Arte Contemporanea"},"image":{"@id":"https:\/\/www.rossettiartecontemporanea.it\/en\/#\/schema\/logo\/image\/"},"sameAs":["https:\/\/www.facebook.com\/studio.rossetti.artecontemporanea","https:\/\/www.instagram.com\/studio_rossetti\/","https:\/\/www.youtube.com\/channel\/UC94tFj8zg6UV94quz_ysdgw"]},{"@type":"Person","@id":"https:\/\/www.rossettiartecontemporanea.it\/en\/#\/schema\/person\/9074b110f3bc10dbcc7dc86655489909","name":"dpsonlineweb"}]}},"_links":{"self":[{"href":"https:\/\/www.rossettiartecontemporanea.it\/en\/wp-json\/wp\/v2\/posts\/38697","targetHints":{"allow":["GET"]}}],"collection":[{"href":"https:\/\/www.rossettiartecontemporanea.it\/en\/wp-json\/wp\/v2\/posts"}],"about":[{"href":"https:\/\/www.rossettiartecontemporanea.it\/en\/wp-json\/wp\/v2\/types\/post"}],"author":[{"embeddable":true,"href":"https:\/\/www.rossettiartecontemporanea.it\/en\/wp-json\/wp\/v2\/users\/2"}],"replies":[{"embeddable":true,"href":"https:\/\/www.rossettiartecontemporanea.it\/en\/wp-json\/wp\/v2\/comments?post=38697"}],"version-history":[{"count":3,"href":"https:\/\/www.rossettiartecontemporanea.it\/en\/wp-json\/wp\/v2\/posts\/38697\/revisions"}],"predecessor-version":[{"id":38730,"href":"https:\/\/www.rossettiartecontemporanea.it\/en\/wp-json\/wp\/v2\/posts\/38697\/revisions\/38730"}],"wp:featuredmedia":[{"embeddable":true,"href":"https:\/\/www.rossettiartecontemporanea.it\/en\/wp-json\/wp\/v2\/media\/38635"}],"wp:attachment":[{"href":"https:\/\/www.rossettiartecontemporanea.it\/en\/wp-json\/wp\/v2\/media?parent=38697"}],"wp:term":[{"taxonomy":"category","embeddable":true,"href":"https:\/\/www.rossettiartecontemporanea.it\/en\/wp-json\/wp\/v2\/categories?post=38697"},{"taxonomy":"post_tag","embeddable":true,"href":"https:\/\/www.rossettiartecontemporanea.it\/en\/wp-json\/wp\/v2\/tags?post=38697"}],"curies":[{"name":"wp","href":"https:\/\/api.w.org\/{rel}","templated":true}]}}