{"id":41130,"date":"2023-04-23T09:47:19","date_gmt":"2023-04-23T07:47:19","guid":{"rendered":"http:\/\/www.rossettiartecontemporanea.it\/?p=41130"},"modified":"2023-12-19T09:51:40","modified_gmt":"2023-12-19T08:51:40","slug":"michela-crisostomi-elias-naman-materia-abscondit","status":"publish","type":"post","link":"https:\/\/www.rossettiartecontemporanea.it\/en\/michela-crisostomi-elias-naman-materia-abscondit\/","title":{"rendered":"Michela Crisostomi \/ Elias Naman \u2013 Materia abscondit"},"content":{"rendered":"\n<p>Tratto da: <a href=\"https:\/\/www.artribune.com\/mostre-evento-arte\/michela-crisostomi-elias-naman-materia-abscondit\/\" target=\"_blank\" rel=\"noreferrer noopener\">https:\/\/www.artribune.com\/<\/a><\/p>\n\n\n\n<h3 class=\"wp-block-heading\">Informazioni Evento<\/h3>\n\n\n\n<p>Luogo: <a href=\"https:\/\/www.artribune.com\/museo-galleria-arte\/galleria-studio-rossetti\/\" target=\"_blank\" rel=\"noreferrer noopener\">GALLERIA STUDIO ROSSETTI<\/a><br>Via Chiabrera 33 r__ 16123 , Genova, Italia<br><br>Date: Dal\u00a023\/03\/2023\u00a0al\u00a023\/04\/2023<br>dal marted\u00ec al venerd\u00ec 10,30-12.30 \/ 15.30-19.30<br>sabato 11.00-19.00<br><br>Vernissage: 23\/03\/2023 ore 18<\/p>\n\n\n\n<p>Artisti: <a href=\"https:\/\/www.artribune.com\/artista-mostre-biografia\/michela-crisostomi\/\" target=\"_blank\" rel=\"noreferrer noopener\">Michela Crisostomi<\/a>,\u00a0<a href=\"https:\/\/www.artribune.com\/artista-mostre-biografia\/elias-naman\/\" target=\"_blank\" rel=\"noreferrer noopener\">Elias Naman<\/a><br><br>Generi: arte contemporanea, doppia personale<\/p>\n\n\n\n<p>Uno scultore ed una pittrice messi a confronto; due artisti differenti per formazione, origine, ricerca ma che hanno in comune le immagini concepite dal loro immaginario artistico: porzioni di corpo, frammenti di volti, dettagli di schiene sinuose, mani intrecciate, busti interrotti.<\/p>\n\n\n\n<h3 class=\"wp-block-heading\">Comunicato stampa<\/h3>\n\n\n\n<p>La Galleria Studio Rossetti inizia la stagione espositiva con l&#8217;inaugurazione di \u201cMATERIA ABSCONDIT\u201d, la mostra bipersonale di Michela Crisostomi ed Elias Naman.<br>La mostra aprir\u00e0 al pubblico gioved\u00ec 23 marzo dalle ore 18.00 e sar\u00e0 visitabile fino al 23 aprile 2023.<br>Uno scultore ed una pittrice messi a confronto; due artisti differenti per formazione, origine, ricerca ma che hanno in comune le immagini concepite dal loro immaginario artistico: porzioni di corpo, frammenti di volti, dettagli di schiene sinuose, mani intrecciate, busti interrotti.<br>Da una parte Elias Naman, scultore di origini siriane che, come era d&#8217;uso in passato, lavora, con il solo impiego dello scalpello, blocchi di marmo di Carrara, la pietra pi\u00f9 nobile la cui storia riecheggia nei secoli; dall&#8217;altra Michela Crisostomi, sapiente pittrice di origine abruzzese che dipinge le sue tele come se fossero muri antichi, ricoprendole di spessi strati di malta, materiale che veniva utilizzato per la realizzazione di affreschi, e applicando residui metallici e scritte.<br>Sebbene realizzati con metodi differenti, il lavoro dei due artisti \u00e8 estremamente legato e condizionato dalla materia con cui lavorano: i blocchi e frammenti di marmo per Naman, la malta sulla tela per Crisostomi. Elementi che sono in grado di evocare nella mente dei due artisti immagini che vengono fuori solo con l&#8217;esecuzione dell&#8217;opera. Partendo da un dato che \u00e8 leggibile a tutti, ma che non tutti vedono, ci conducono a un livello superiore a quello ordinario.<br>Dalla pietra e dalla malta escono fuori figure universali, talvolta androgine; figure alleggerite di strati, liberate dal velo delle illusioni; figure che diventano emblema dell\u2019introspezione e della consapevolezza di s\u00e9 stessi; figure nuovamente capaci di vedere con chiarezza la propria, unica vera essenza.<br>Le opere in mostra ci parlano della necessit\u00e0 di strappare via \u201cil velo\u201d, di ritrovarsi e di rivelarsi.<\/p>\n\n\n\n<div style=\"height:15px\" aria-hidden=\"true\" class=\"wp-block-spacer\"><\/div>\n\n\n\n<figure class=\"wp-block-gallery alignwide has-nested-images columns-default is-cropped wp-block-gallery-1 is-layout-flex wp-block-gallery-is-layout-flex\">\n<figure class=\"wp-block-image size-large\"><img fetchpriority=\"high\" decoding=\"async\" width=\"660\" height=\"1024\" data-id=\"35848\" src=\"https:\/\/www.rossettiartecontemporanea.it\/wp-content\/uploads\/2023\/11\/Michela-Crisostomi-abscondit-Studio-Rossetti-Arte-Contemporanea-660x1024.jpg\" alt=\"\" class=\"wp-image-35848\" srcset=\"https:\/\/www.rossettiartecontemporanea.it\/wp-content\/uploads\/2023\/11\/Michela-Crisostomi-abscondit-Studio-Rossetti-Arte-Contemporanea-660x1024.jpg 660w, https:\/\/www.rossettiartecontemporanea.it\/wp-content\/uploads\/2023\/11\/Michela-Crisostomi-abscondit-Studio-Rossetti-Arte-Contemporanea-193x300.jpg 193w, https:\/\/www.rossettiartecontemporanea.it\/wp-content\/uploads\/2023\/11\/Michela-Crisostomi-abscondit-Studio-Rossetti-Arte-Contemporanea-768x1192.jpg 768w, https:\/\/www.rossettiartecontemporanea.it\/wp-content\/uploads\/2023\/11\/Michela-Crisostomi-abscondit-Studio-Rossetti-Arte-Contemporanea-990x1536.jpg 990w, https:\/\/www.rossettiartecontemporanea.it\/wp-content\/uploads\/2023\/11\/Michela-Crisostomi-abscondit-Studio-Rossetti-Arte-Contemporanea-370x574.jpg 370w, https:\/\/www.rossettiartecontemporanea.it\/wp-content\/uploads\/2023\/11\/Michela-Crisostomi-abscondit-Studio-Rossetti-Arte-Contemporanea-840x1303.jpg 840w, https:\/\/www.rossettiartecontemporanea.it\/wp-content\/uploads\/2023\/11\/Michela-Crisostomi-abscondit-Studio-Rossetti-Arte-Contemporanea-410x636.jpg 410w, https:\/\/www.rossettiartecontemporanea.it\/wp-content\/uploads\/2023\/11\/Michela-Crisostomi-abscondit-Studio-Rossetti-Arte-Contemporanea.jpg 1200w\" sizes=\"(max-width: 660px) 100vw, 660px\" \/><figcaption class=\"wp-element-caption\">Abscondit<\/figcaption><\/figure>\n<\/figure>\n","protected":false},"excerpt":{"rendered":"<p>Tratto da: https:\/\/www.artribune.com\/ Informazioni Evento Luogo: GALLERIA STUDIO ROSSETTIVia Chiabrera 33 r__ 16123 , Genova, Italia Date: Dal\u00a023\/03\/2023\u00a0al\u00a023\/04\/2023dal marted\u00ec al venerd\u00ec 10,30-12.30 \/ 15.30-19.30sabato 11.00-19.00 Vernissage: 23\/03\/2023 ore 18 Artisti:&hellip;<\/p>\n","protected":false},"author":2,"featured_media":35848,"comment_status":"closed","ping_status":"open","sticky":false,"template":"","format":"standard","meta":{"_acf_changed":false,"footnotes":""},"categories":[351],"tags":[312,307,376],"class_list":["post-41130","post","type-post","status-publish","format-standard","has-post-thumbnail","hentry","category-rassegna-stampa","tag-elias-naman","tag-michela-crisostomi","tag-mostre"],"acf":[],"yoast_head":"<!-- This site is optimized with the Yoast SEO plugin v25.1 - https:\/\/yoast.com\/wordpress\/plugins\/seo\/ -->\n<title>Michela Crisostomi \/ Elias Naman \u2013 Materia abscondit - ROSSETTI arte contemporanea<\/title>\n<meta name=\"robots\" content=\"index, follow, max-snippet:-1, max-image-preview:large, max-video-preview:-1\" \/>\n<link rel=\"canonical\" href=\"https:\/\/www.rossettiartecontemporanea.it\/en\/michela-crisostomi-elias-naman-materia-abscondit\/\" \/>\n<meta property=\"og:locale\" content=\"en_US\" \/>\n<meta property=\"og:type\" content=\"article\" \/>\n<meta property=\"og:title\" content=\"Michela Crisostomi \/ Elias Naman \u2013 Materia abscondit - ROSSETTI arte contemporanea\" \/>\n<meta property=\"og:description\" content=\"Tratto da: https:\/\/www.artribune.com\/ Informazioni Evento Luogo: GALLERIA STUDIO ROSSETTIVia Chiabrera 33 r__ 16123 , Genova, Italia Date: Dal\u00a023\/03\/2023\u00a0al\u00a023\/04\/2023dal marted\u00ec al venerd\u00ec 10,30-12.30 \/ 15.30-19.30sabato 11.00-19.00 Vernissage: 23\/03\/2023 ore 18 Artisti:&hellip;\" \/>\n<meta property=\"og:url\" content=\"https:\/\/www.rossettiartecontemporanea.it\/en\/michela-crisostomi-elias-naman-materia-abscondit\/\" \/>\n<meta property=\"og:site_name\" content=\"ROSSETTI arte contemporanea\" \/>\n<meta property=\"article:publisher\" content=\"https:\/\/www.facebook.com\/studio.rossetti.artecontemporanea\" \/>\n<meta property=\"article:published_time\" content=\"2023-04-23T07:47:19+00:00\" \/>\n<meta property=\"article:modified_time\" content=\"2023-12-19T08:51:40+00:00\" \/>\n<meta property=\"og:image\" content=\"https:\/\/www.rossettiartecontemporanea.it\/wp-content\/uploads\/2023\/11\/Michela-Crisostomi-abscondit-Studio-Rossetti-Arte-Contemporanea.jpg\" \/>\n\t<meta property=\"og:image:width\" content=\"1200\" \/>\n\t<meta property=\"og:image:height\" content=\"1862\" \/>\n\t<meta property=\"og:image:type\" content=\"image\/jpeg\" \/>\n<meta name=\"author\" content=\"dpsonlineweb\" \/>\n<meta name=\"twitter:card\" content=\"summary_large_image\" \/>\n<meta name=\"twitter:label1\" content=\"Written by\" \/>\n\t<meta name=\"twitter:data1\" content=\"dpsonlineweb\" \/>\n\t<meta name=\"twitter:label2\" content=\"Est. reading time\" \/>\n\t<meta name=\"twitter:data2\" content=\"3 minutes\" \/>\n<script type=\"application\/ld+json\" class=\"yoast-schema-graph\">{\"@context\":\"https:\/\/schema.org\",\"@graph\":[{\"@type\":\"Article\",\"@id\":\"https:\/\/www.rossettiartecontemporanea.it\/en\/michela-crisostomi-elias-naman-materia-abscondit\/#article\",\"isPartOf\":{\"@id\":\"https:\/\/www.rossettiartecontemporanea.it\/en\/michela-crisostomi-elias-naman-materia-abscondit\/\"},\"author\":{\"name\":\"dpsonlineweb\",\"@id\":\"https:\/\/www.rossettiartecontemporanea.it\/en\/#\/schema\/person\/9074b110f3bc10dbcc7dc86655489909\"},\"headline\":\"Michela Crisostomi \/ Elias Naman \u2013 Materia abscondit\",\"datePublished\":\"2023-04-23T07:47:19+00:00\",\"dateModified\":\"2023-12-19T08:51:40+00:00\",\"mainEntityOfPage\":{\"@id\":\"https:\/\/www.rossettiartecontemporanea.it\/en\/michela-crisostomi-elias-naman-materia-abscondit\/\"},\"wordCount\":386,\"publisher\":{\"@id\":\"https:\/\/www.rossettiartecontemporanea.it\/en\/#organization\"},\"image\":{\"@id\":\"https:\/\/www.rossettiartecontemporanea.it\/en\/michela-crisostomi-elias-naman-materia-abscondit\/#primaryimage\"},\"thumbnailUrl\":\"https:\/\/www.rossettiartecontemporanea.it\/wp-content\/uploads\/2023\/11\/Michela-Crisostomi-abscondit-Studio-Rossetti-Arte-Contemporanea.jpg\",\"keywords\":[\"Elias Naman\",\"Michela Crisostomi\",\"Mostre\"],\"articleSection\":[\"Rassegna stampa\"],\"inLanguage\":\"en-US\"},{\"@type\":\"WebPage\",\"@id\":\"https:\/\/www.rossettiartecontemporanea.it\/en\/michela-crisostomi-elias-naman-materia-abscondit\/\",\"url\":\"https:\/\/www.rossettiartecontemporanea.it\/en\/michela-crisostomi-elias-naman-materia-abscondit\/\",\"name\":\"Michela Crisostomi \/ Elias Naman \u2013 Materia abscondit - ROSSETTI arte contemporanea\",\"isPartOf\":{\"@id\":\"https:\/\/www.rossettiartecontemporanea.it\/en\/#website\"},\"primaryImageOfPage\":{\"@id\":\"https:\/\/www.rossettiartecontemporanea.it\/en\/michela-crisostomi-elias-naman-materia-abscondit\/#primaryimage\"},\"image\":{\"@id\":\"https:\/\/www.rossettiartecontemporanea.it\/en\/michela-crisostomi-elias-naman-materia-abscondit\/#primaryimage\"},\"thumbnailUrl\":\"https:\/\/www.rossettiartecontemporanea.it\/wp-content\/uploads\/2023\/11\/Michela-Crisostomi-abscondit-Studio-Rossetti-Arte-Contemporanea.jpg\",\"datePublished\":\"2023-04-23T07:47:19+00:00\",\"dateModified\":\"2023-12-19T08:51:40+00:00\",\"breadcrumb\":{\"@id\":\"https:\/\/www.rossettiartecontemporanea.it\/en\/michela-crisostomi-elias-naman-materia-abscondit\/#breadcrumb\"},\"inLanguage\":\"en-US\",\"potentialAction\":[{\"@type\":\"ReadAction\",\"target\":[\"https:\/\/www.rossettiartecontemporanea.it\/en\/michela-crisostomi-elias-naman-materia-abscondit\/\"]}]},{\"@type\":\"ImageObject\",\"inLanguage\":\"en-US\",\"@id\":\"https:\/\/www.rossettiartecontemporanea.it\/en\/michela-crisostomi-elias-naman-materia-abscondit\/#primaryimage\",\"url\":\"https:\/\/www.rossettiartecontemporanea.it\/wp-content\/uploads\/2023\/11\/Michela-Crisostomi-abscondit-Studio-Rossetti-Arte-Contemporanea.jpg\",\"contentUrl\":\"https:\/\/www.rossettiartecontemporanea.it\/wp-content\/uploads\/2023\/11\/Michela-Crisostomi-abscondit-Studio-Rossetti-Arte-Contemporanea.jpg\",\"width\":1200,\"height\":1862},{\"@type\":\"BreadcrumbList\",\"@id\":\"https:\/\/www.rossettiartecontemporanea.it\/en\/michela-crisostomi-elias-naman-materia-abscondit\/#breadcrumb\",\"itemListElement\":[{\"@type\":\"ListItem\",\"position\":1,\"name\":\"Home\",\"item\":\"https:\/\/www.rossettiartecontemporanea.it\/en\/\"},{\"@type\":\"ListItem\",\"position\":2,\"name\":\"Michela Crisostomi \/ Elias Naman \u2013 Materia abscondit\"}]},{\"@type\":\"WebSite\",\"@id\":\"https:\/\/www.rossettiartecontemporanea.it\/en\/#website\",\"url\":\"https:\/\/www.rossettiartecontemporanea.it\/en\/\",\"name\":\"Rossetti Arte Contemporanea\",\"description\":\"\",\"publisher\":{\"@id\":\"https:\/\/www.rossettiartecontemporanea.it\/en\/#organization\"},\"potentialAction\":[{\"@type\":\"SearchAction\",\"target\":{\"@type\":\"EntryPoint\",\"urlTemplate\":\"https:\/\/www.rossettiartecontemporanea.it\/en\/?s={search_term_string}\"},\"query-input\":{\"@type\":\"PropertyValueSpecification\",\"valueRequired\":true,\"valueName\":\"search_term_string\"}}],\"inLanguage\":\"en-US\"},{\"@type\":\"Organization\",\"@id\":\"https:\/\/www.rossettiartecontemporanea.it\/en\/#organization\",\"name\":\"Rossetti Arte Contemporanea\",\"url\":\"https:\/\/www.rossettiartecontemporanea.it\/en\/\",\"logo\":{\"@type\":\"ImageObject\",\"inLanguage\":\"en-US\",\"@id\":\"https:\/\/www.rossettiartecontemporanea.it\/en\/#\/schema\/logo\/image\/\",\"url\":\"https:\/\/www.rossettiartecontemporanea.it\/wp-content\/uploads\/2024\/02\/logo-Rossetti-Arte-Contemporanea-black-2x-1.png\",\"contentUrl\":\"https:\/\/www.rossettiartecontemporanea.it\/wp-content\/uploads\/2024\/02\/logo-Rossetti-Arte-Contemporanea-black-2x-1.png\",\"width\":611,\"height\":368,\"caption\":\"Rossetti Arte Contemporanea\"},\"image\":{\"@id\":\"https:\/\/www.rossettiartecontemporanea.it\/en\/#\/schema\/logo\/image\/\"},\"sameAs\":[\"https:\/\/www.facebook.com\/studio.rossetti.artecontemporanea\",\"https:\/\/www.instagram.com\/studio_rossetti\/\",\"https:\/\/www.youtube.com\/channel\/UC94tFj8zg6UV94quz_ysdgw\"]},{\"@type\":\"Person\",\"@id\":\"https:\/\/www.rossettiartecontemporanea.it\/en\/#\/schema\/person\/9074b110f3bc10dbcc7dc86655489909\",\"name\":\"dpsonlineweb\"}]}<\/script>\n<!-- \/ Yoast SEO plugin. -->","yoast_head_json":{"title":"Michela Crisostomi \/ Elias Naman \u2013 Materia abscondit - ROSSETTI arte contemporanea","robots":{"index":"index","follow":"follow","max-snippet":"max-snippet:-1","max-image-preview":"max-image-preview:large","max-video-preview":"max-video-preview:-1"},"canonical":"https:\/\/www.rossettiartecontemporanea.it\/en\/michela-crisostomi-elias-naman-materia-abscondit\/","og_locale":"en_US","og_type":"article","og_title":"Michela Crisostomi \/ Elias Naman \u2013 Materia abscondit - ROSSETTI arte contemporanea","og_description":"Tratto da: https:\/\/www.artribune.com\/ Informazioni Evento Luogo: GALLERIA STUDIO ROSSETTIVia Chiabrera 33 r__ 16123 , Genova, Italia Date: Dal\u00a023\/03\/2023\u00a0al\u00a023\/04\/2023dal marted\u00ec al venerd\u00ec 10,30-12.30 \/ 15.30-19.30sabato 11.00-19.00 Vernissage: 23\/03\/2023 ore 18 Artisti:&hellip;","og_url":"https:\/\/www.rossettiartecontemporanea.it\/en\/michela-crisostomi-elias-naman-materia-abscondit\/","og_site_name":"ROSSETTI arte contemporanea","article_publisher":"https:\/\/www.facebook.com\/studio.rossetti.artecontemporanea","article_published_time":"2023-04-23T07:47:19+00:00","article_modified_time":"2023-12-19T08:51:40+00:00","og_image":[{"width":1200,"height":1862,"url":"https:\/\/www.rossettiartecontemporanea.it\/wp-content\/uploads\/2023\/11\/Michela-Crisostomi-abscondit-Studio-Rossetti-Arte-Contemporanea.jpg","type":"image\/jpeg"}],"author":"dpsonlineweb","twitter_card":"summary_large_image","twitter_misc":{"Written by":"dpsonlineweb","Est. reading time":"3 minutes"},"schema":{"@context":"https:\/\/schema.org","@graph":[{"@type":"Article","@id":"https:\/\/www.rossettiartecontemporanea.it\/en\/michela-crisostomi-elias-naman-materia-abscondit\/#article","isPartOf":{"@id":"https:\/\/www.rossettiartecontemporanea.it\/en\/michela-crisostomi-elias-naman-materia-abscondit\/"},"author":{"name":"dpsonlineweb","@id":"https:\/\/www.rossettiartecontemporanea.it\/en\/#\/schema\/person\/9074b110f3bc10dbcc7dc86655489909"},"headline":"Michela Crisostomi \/ Elias Naman \u2013 Materia abscondit","datePublished":"2023-04-23T07:47:19+00:00","dateModified":"2023-12-19T08:51:40+00:00","mainEntityOfPage":{"@id":"https:\/\/www.rossettiartecontemporanea.it\/en\/michela-crisostomi-elias-naman-materia-abscondit\/"},"wordCount":386,"publisher":{"@id":"https:\/\/www.rossettiartecontemporanea.it\/en\/#organization"},"image":{"@id":"https:\/\/www.rossettiartecontemporanea.it\/en\/michela-crisostomi-elias-naman-materia-abscondit\/#primaryimage"},"thumbnailUrl":"https:\/\/www.rossettiartecontemporanea.it\/wp-content\/uploads\/2023\/11\/Michela-Crisostomi-abscondit-Studio-Rossetti-Arte-Contemporanea.jpg","keywords":["Elias Naman","Michela Crisostomi","Mostre"],"articleSection":["Rassegna stampa"],"inLanguage":"en-US"},{"@type":"WebPage","@id":"https:\/\/www.rossettiartecontemporanea.it\/en\/michela-crisostomi-elias-naman-materia-abscondit\/","url":"https:\/\/www.rossettiartecontemporanea.it\/en\/michela-crisostomi-elias-naman-materia-abscondit\/","name":"Michela Crisostomi \/ Elias Naman \u2013 Materia abscondit - ROSSETTI arte contemporanea","isPartOf":{"@id":"https:\/\/www.rossettiartecontemporanea.it\/en\/#website"},"primaryImageOfPage":{"@id":"https:\/\/www.rossettiartecontemporanea.it\/en\/michela-crisostomi-elias-naman-materia-abscondit\/#primaryimage"},"image":{"@id":"https:\/\/www.rossettiartecontemporanea.it\/en\/michela-crisostomi-elias-naman-materia-abscondit\/#primaryimage"},"thumbnailUrl":"https:\/\/www.rossettiartecontemporanea.it\/wp-content\/uploads\/2023\/11\/Michela-Crisostomi-abscondit-Studio-Rossetti-Arte-Contemporanea.jpg","datePublished":"2023-04-23T07:47:19+00:00","dateModified":"2023-12-19T08:51:40+00:00","breadcrumb":{"@id":"https:\/\/www.rossettiartecontemporanea.it\/en\/michela-crisostomi-elias-naman-materia-abscondit\/#breadcrumb"},"inLanguage":"en-US","potentialAction":[{"@type":"ReadAction","target":["https:\/\/www.rossettiartecontemporanea.it\/en\/michela-crisostomi-elias-naman-materia-abscondit\/"]}]},{"@type":"ImageObject","inLanguage":"en-US","@id":"https:\/\/www.rossettiartecontemporanea.it\/en\/michela-crisostomi-elias-naman-materia-abscondit\/#primaryimage","url":"https:\/\/www.rossettiartecontemporanea.it\/wp-content\/uploads\/2023\/11\/Michela-Crisostomi-abscondit-Studio-Rossetti-Arte-Contemporanea.jpg","contentUrl":"https:\/\/www.rossettiartecontemporanea.it\/wp-content\/uploads\/2023\/11\/Michela-Crisostomi-abscondit-Studio-Rossetti-Arte-Contemporanea.jpg","width":1200,"height":1862},{"@type":"BreadcrumbList","@id":"https:\/\/www.rossettiartecontemporanea.it\/en\/michela-crisostomi-elias-naman-materia-abscondit\/#breadcrumb","itemListElement":[{"@type":"ListItem","position":1,"name":"Home","item":"https:\/\/www.rossettiartecontemporanea.it\/en\/"},{"@type":"ListItem","position":2,"name":"Michela Crisostomi \/ Elias Naman \u2013 Materia abscondit"}]},{"@type":"WebSite","@id":"https:\/\/www.rossettiartecontemporanea.it\/en\/#website","url":"https:\/\/www.rossettiartecontemporanea.it\/en\/","name":"Rossetti Arte Contemporanea","description":"","publisher":{"@id":"https:\/\/www.rossettiartecontemporanea.it\/en\/#organization"},"potentialAction":[{"@type":"SearchAction","target":{"@type":"EntryPoint","urlTemplate":"https:\/\/www.rossettiartecontemporanea.it\/en\/?s={search_term_string}"},"query-input":{"@type":"PropertyValueSpecification","valueRequired":true,"valueName":"search_term_string"}}],"inLanguage":"en-US"},{"@type":"Organization","@id":"https:\/\/www.rossettiartecontemporanea.it\/en\/#organization","name":"Rossetti Arte Contemporanea","url":"https:\/\/www.rossettiartecontemporanea.it\/en\/","logo":{"@type":"ImageObject","inLanguage":"en-US","@id":"https:\/\/www.rossettiartecontemporanea.it\/en\/#\/schema\/logo\/image\/","url":"https:\/\/www.rossettiartecontemporanea.it\/wp-content\/uploads\/2024\/02\/logo-Rossetti-Arte-Contemporanea-black-2x-1.png","contentUrl":"https:\/\/www.rossettiartecontemporanea.it\/wp-content\/uploads\/2024\/02\/logo-Rossetti-Arte-Contemporanea-black-2x-1.png","width":611,"height":368,"caption":"Rossetti Arte Contemporanea"},"image":{"@id":"https:\/\/www.rossettiartecontemporanea.it\/en\/#\/schema\/logo\/image\/"},"sameAs":["https:\/\/www.facebook.com\/studio.rossetti.artecontemporanea","https:\/\/www.instagram.com\/studio_rossetti\/","https:\/\/www.youtube.com\/channel\/UC94tFj8zg6UV94quz_ysdgw"]},{"@type":"Person","@id":"https:\/\/www.rossettiartecontemporanea.it\/en\/#\/schema\/person\/9074b110f3bc10dbcc7dc86655489909","name":"dpsonlineweb"}]}},"_links":{"self":[{"href":"https:\/\/www.rossettiartecontemporanea.it\/en\/wp-json\/wp\/v2\/posts\/41130","targetHints":{"allow":["GET"]}}],"collection":[{"href":"https:\/\/www.rossettiartecontemporanea.it\/en\/wp-json\/wp\/v2\/posts"}],"about":[{"href":"https:\/\/www.rossettiartecontemporanea.it\/en\/wp-json\/wp\/v2\/types\/post"}],"author":[{"embeddable":true,"href":"https:\/\/www.rossettiartecontemporanea.it\/en\/wp-json\/wp\/v2\/users\/2"}],"replies":[{"embeddable":true,"href":"https:\/\/www.rossettiartecontemporanea.it\/en\/wp-json\/wp\/v2\/comments?post=41130"}],"version-history":[{"count":2,"href":"https:\/\/www.rossettiartecontemporanea.it\/en\/wp-json\/wp\/v2\/posts\/41130\/revisions"}],"predecessor-version":[{"id":41133,"href":"https:\/\/www.rossettiartecontemporanea.it\/en\/wp-json\/wp\/v2\/posts\/41130\/revisions\/41133"}],"wp:featuredmedia":[{"embeddable":true,"href":"https:\/\/www.rossettiartecontemporanea.it\/en\/wp-json\/wp\/v2\/media\/35848"}],"wp:attachment":[{"href":"https:\/\/www.rossettiartecontemporanea.it\/en\/wp-json\/wp\/v2\/media?parent=41130"}],"wp:term":[{"taxonomy":"category","embeddable":true,"href":"https:\/\/www.rossettiartecontemporanea.it\/en\/wp-json\/wp\/v2\/categories?post=41130"},{"taxonomy":"post_tag","embeddable":true,"href":"https:\/\/www.rossettiartecontemporanea.it\/en\/wp-json\/wp\/v2\/tags?post=41130"}],"curies":[{"name":"wp","href":"https:\/\/api.w.org\/{rel}","templated":true}]}}