{"id":46459,"date":"2024-05-06T10:03:08","date_gmt":"2024-05-06T08:03:08","guid":{"rendered":"http:\/\/www.rossettiartecontemporanea.it\/?p=46459"},"modified":"2024-05-08T09:21:30","modified_gmt":"2024-05-08T07:21:30","slug":"evita-andujar-viaggio-al-centro-dello-spirito","status":"publish","type":"post","link":"https:\/\/www.rossettiartecontemporanea.it\/en\/evita-andujar-viaggio-al-centro-dello-spirito\/","title":{"rendered":"Evita And\u00f9jar: viaggio al centro dello spirito"},"content":{"rendered":"\n<p>Evita And\u00fajar \u00e8 un&#8217;artista visiva la cui opera si distingue per <strong>un&#8217;impressionante capacit\u00e0 di catturare la complessit\u00e0 emotiva e spirituale dell&#8217;esperienza umana<\/strong>. Con una tecnica che fonde realismo e surrealismo, And\u00fajar crea opere che sono allo stesso tempo accessibili e enigmatiche, spingendo gli osservatori a un&#8217;introspezione profonda.<\/p>\n\n\n\n<h3 class=\"wp-block-heading\">Vita e ispirazioni<\/h3>\n\n\n\n<p>Nata in Spagna, Evita And\u00fajar ha sviluppato fin da giovane <strong>un interesse per le arti visive, guidata da una passione innata per il disegno e la pittura<\/strong>. Il suo percorso artistico si \u00e8 nutrito delle influenze di maestri del calibro di Francis Bacon e Frida Kahlo, il cui impatto \u00e8 evidente nella capacit\u00e0 di And\u00fajar di esplorare temi di dolore e rinascita.<\/p>\n\n\n\n<figure class=\"wp-block-gallery has-nested-images columns-default is-cropped wp-block-gallery-1 is-layout-flex wp-block-gallery-is-layout-flex\">\n<figure class=\"wp-block-image size-large\"><img fetchpriority=\"high\" decoding=\"async\" width=\"907\" height=\"1024\" data-id=\"46144\" src=\"https:\/\/www.rossettiartecontemporanea.it\/wp-content\/uploads\/2024\/03\/ANDUJAR-EVITA_10-SS-QuellAttimoCheSembraEternita_acrilico-su-tela_90x80_2024_rossetti-arte-contemporanea-907x1024.jpg\" alt=\"\" class=\"wp-image-46144\" srcset=\"https:\/\/www.rossettiartecontemporanea.it\/wp-content\/uploads\/2024\/03\/ANDUJAR-EVITA_10-SS-QuellAttimoCheSembraEternita_acrilico-su-tela_90x80_2024_rossetti-arte-contemporanea-907x1024.jpg 907w, https:\/\/www.rossettiartecontemporanea.it\/wp-content\/uploads\/2024\/03\/ANDUJAR-EVITA_10-SS-QuellAttimoCheSembraEternita_acrilico-su-tela_90x80_2024_rossetti-arte-contemporanea-266x300.jpg 266w, https:\/\/www.rossettiartecontemporanea.it\/wp-content\/uploads\/2024\/03\/ANDUJAR-EVITA_10-SS-QuellAttimoCheSembraEternita_acrilico-su-tela_90x80_2024_rossetti-arte-contemporanea-768x868.jpg 768w, https:\/\/www.rossettiartecontemporanea.it\/wp-content\/uploads\/2024\/03\/ANDUJAR-EVITA_10-SS-QuellAttimoCheSembraEternita_acrilico-su-tela_90x80_2024_rossetti-arte-contemporanea-1360x1536.jpg 1360w, https:\/\/www.rossettiartecontemporanea.it\/wp-content\/uploads\/2024\/03\/ANDUJAR-EVITA_10-SS-QuellAttimoCheSembraEternita_acrilico-su-tela_90x80_2024_rossetti-arte-contemporanea-1813x2048.jpg 1813w, https:\/\/www.rossettiartecontemporanea.it\/wp-content\/uploads\/2024\/03\/ANDUJAR-EVITA_10-SS-QuellAttimoCheSembraEternita_acrilico-su-tela_90x80_2024_rossetti-arte-contemporanea-370x418.jpg 370w, https:\/\/www.rossettiartecontemporanea.it\/wp-content\/uploads\/2024\/03\/ANDUJAR-EVITA_10-SS-QuellAttimoCheSembraEternita_acrilico-su-tela_90x80_2024_rossetti-arte-contemporanea-840x949.jpg 840w, https:\/\/www.rossettiartecontemporanea.it\/wp-content\/uploads\/2024\/03\/ANDUJAR-EVITA_10-SS-QuellAttimoCheSembraEternita_acrilico-su-tela_90x80_2024_rossetti-arte-contemporanea-410x463.jpg 410w\" sizes=\"(max-width: 907px) 100vw, 907px\" \/><\/figure>\n<\/figure>\n\n\n\n<h3 class=\"wp-block-heading\">Carriera artistica<\/h3>\n\n\n\n<p>La carriera di And\u00fajar \u00e8 contrassegnata da una serie di successi espositivi, sia in Spagna che a livello internazionale. Le sue opere (<a href=\"https:\/\/www.rossettiartecontemporanea.it\/artista\/andujar-evita\/\">qui le opere di Evita And\u00f9jar esposte nella nostra Galleria<\/a>) sono state accolte con entusiasmo critico e pubblico, trovando posto in importanti gallerie e collezioni private in Europa.<br>L&#8217;artista ha partecipato a numerose mostre collettive e personali, stabilendo una reputazione come voce significativa nel panorama dell&#8217;arte contemporanea.<\/p>\n\n\n\n<div class=\"wp-block-buttons is-layout-flex wp-block-buttons-is-layout-flex\">\n<div class=\"wp-block-button\"><a class=\"wp-block-button__link wp-element-button\" href=\"https:\/\/www.rossettiartecontemporanea.it\/artista\/andujar-evita\/\">Richiedi qui il profilo completo dell\u2019artista<\/a><\/div>\n<\/div>\n\n\n\n<h3 class=\"wp-block-heading\">Tematiche e tecniche<\/h3>\n\n\n\n<p>Le opere di And\u00fajar <strong>sono intensamente emotive, incentrate sulla figura umana<\/strong>. L&#8217;uso di colori vibranti e di una tecnica dettagliata trasmette stati d&#8217;animo complessi e narrazioni visive potenti.<br>Attraverso la combinazione di elementi realistici e fantastici, l&#8217;artista esplora temi come l&#8217;identit\u00e0, la solitudine e la resilienza, offrendo una riflessione sull&#8217;essere umano e la sua condizione esistenziale.<\/p>\n\n\n\n<h3 class=\"wp-block-heading\">Riconoscimenti e Impatto<\/h3>\n\n\n\n<p><strong>Il contributo di Evita And\u00fajar al mondo dell&#8217;arte \u00e8 stato riconosciuto con vari premi e riconoscimenti<\/strong>. Il suo lavoro non solo arricchisce il dialogo artistico contemporaneo ma stimola anche un confronto culturale su questioni globali, ponendo l&#8217;arte come strumento di comunicazione e cambiamento sociale.<\/p>\n\n\n\n<figure class=\"wp-block-gallery has-nested-images columns-default is-cropped wp-block-gallery-2 is-layout-flex wp-block-gallery-is-layout-flex\">\n<figure class=\"wp-block-image size-large\"><img decoding=\"async\" width=\"951\" height=\"1024\" data-id=\"46138\" src=\"https:\/\/www.rossettiartecontemporanea.it\/wp-content\/uploads\/2024\/03\/ANDUJAR-EVITA_7-SS-RiflessiDellAnima_acrilico-su-tela_130x120_2024_rossetti-arte-contemporanea.jpg-951x1024.jpg\" alt=\"\" class=\"wp-image-46138\" srcset=\"https:\/\/www.rossettiartecontemporanea.it\/wp-content\/uploads\/2024\/03\/ANDUJAR-EVITA_7-SS-RiflessiDellAnima_acrilico-su-tela_130x120_2024_rossetti-arte-contemporanea.jpg-951x1024.jpg 951w, https:\/\/www.rossettiartecontemporanea.it\/wp-content\/uploads\/2024\/03\/ANDUJAR-EVITA_7-SS-RiflessiDellAnima_acrilico-su-tela_130x120_2024_rossetti-arte-contemporanea.jpg-279x300.jpg 279w, https:\/\/www.rossettiartecontemporanea.it\/wp-content\/uploads\/2024\/03\/ANDUJAR-EVITA_7-SS-RiflessiDellAnima_acrilico-su-tela_130x120_2024_rossetti-arte-contemporanea.jpg-768x827.jpg 768w, https:\/\/www.rossettiartecontemporanea.it\/wp-content\/uploads\/2024\/03\/ANDUJAR-EVITA_7-SS-RiflessiDellAnima_acrilico-su-tela_130x120_2024_rossetti-arte-contemporanea.jpg-1427x1536.jpg 1427w, https:\/\/www.rossettiartecontemporanea.it\/wp-content\/uploads\/2024\/03\/ANDUJAR-EVITA_7-SS-RiflessiDellAnima_acrilico-su-tela_130x120_2024_rossetti-arte-contemporanea.jpg-1902x2048.jpg 1902w, https:\/\/www.rossettiartecontemporanea.it\/wp-content\/uploads\/2024\/03\/ANDUJAR-EVITA_7-SS-RiflessiDellAnima_acrilico-su-tela_130x120_2024_rossetti-arte-contemporanea.jpg-370x398.jpg 370w, https:\/\/www.rossettiartecontemporanea.it\/wp-content\/uploads\/2024\/03\/ANDUJAR-EVITA_7-SS-RiflessiDellAnima_acrilico-su-tela_130x120_2024_rossetti-arte-contemporanea.jpg-840x904.jpg 840w, https:\/\/www.rossettiartecontemporanea.it\/wp-content\/uploads\/2024\/03\/ANDUJAR-EVITA_7-SS-RiflessiDellAnima_acrilico-su-tela_130x120_2024_rossetti-arte-contemporanea.jpg-410x441.jpg 410w\" sizes=\"(max-width: 951px) 100vw, 951px\" \/><\/figure>\n<\/figure>\n\n\n\n<h3 class=\"wp-block-heading\">L\u2019Io, l\u2019Es e Freud<\/h3>\n\n\n\n<p>Nel contesto della psicoanalisi freudiana, <strong>il rapporto tra l&#8217;Io e l&#8217;Es \u00e8 cruciale per la comprensione della dinamica della mente umana<\/strong>. L&#8217;Es rappresenta la componente pi\u00f9 istintuale e inconscia della psiche, operante sotto il principio del piacere, che mira alla gratificazione immediata dei bisogni primari come fame e sesso. L&#8217;Io, invece, funge da mediatore tra le esigenze impulsive dell&#8217;Es, le restrizioni moralizzanti del Super-Io e le richieste del mondo esterno, operando secondo il principio di realt\u00e0.<br>Questa interazione \u00e8 al centro del conflitto psichico:<strong> l&#8217;Io deve bilanciare questi impulsi, spesso contrastanti, in un modo che mantenga l&#8217;integrit\u00e0 psicologica dell&#8217;individuo<\/strong>. Freud ha sottolineato che un Io forte \u00e8 essenziale per una buona salute mentale, poich\u00e9 permette di negoziare tra le forze in gioco con flessibilit\u00e0 e adattabilit\u00e0. Quando l&#8217;Es domina, le pulsioni possono portare a comportamenti compulsivi o autolesionisti, mentre un Super-Io troppo rigido pu\u00f2 risultare in una grande ansiet\u00e0 e senso di colpa. Il compito dell&#8217;Io, quindi, \u00e8 quello di trovare un equilibrio sostenibile che permettaall&#8217;individuo di funzionare efficacemente nella realt\u00e0 quotidiana.<\/p>\n\n\n\n<figure class=\"wp-block-gallery has-nested-images columns-default is-cropped wp-block-gallery-3 is-layout-flex wp-block-gallery-is-layout-flex\">\n<figure class=\"wp-block-image size-large\"><img decoding=\"async\" width=\"926\" height=\"1024\" data-id=\"46132\" src=\"https:\/\/www.rossettiartecontemporanea.it\/wp-content\/uploads\/2024\/03\/ANDUJAR-EVITA_4-SS-In-fondo-ai-tuoi-occhi_acrilico-su-tela_90x80_2023_rossetti-arte-contemporanea-926x1024.jpg\" alt=\"\" class=\"wp-image-46132\" srcset=\"https:\/\/www.rossettiartecontemporanea.it\/wp-content\/uploads\/2024\/03\/ANDUJAR-EVITA_4-SS-In-fondo-ai-tuoi-occhi_acrilico-su-tela_90x80_2023_rossetti-arte-contemporanea-926x1024.jpg 926w, https:\/\/www.rossettiartecontemporanea.it\/wp-content\/uploads\/2024\/03\/ANDUJAR-EVITA_4-SS-In-fondo-ai-tuoi-occhi_acrilico-su-tela_90x80_2023_rossetti-arte-contemporanea-271x300.jpg 271w, https:\/\/www.rossettiartecontemporanea.it\/wp-content\/uploads\/2024\/03\/ANDUJAR-EVITA_4-SS-In-fondo-ai-tuoi-occhi_acrilico-su-tela_90x80_2023_rossetti-arte-contemporanea-768x849.jpg 768w, https:\/\/www.rossettiartecontemporanea.it\/wp-content\/uploads\/2024\/03\/ANDUJAR-EVITA_4-SS-In-fondo-ai-tuoi-occhi_acrilico-su-tela_90x80_2023_rossetti-arte-contemporanea-1389x1536.jpg 1389w, https:\/\/www.rossettiartecontemporanea.it\/wp-content\/uploads\/2024\/03\/ANDUJAR-EVITA_4-SS-In-fondo-ai-tuoi-occhi_acrilico-su-tela_90x80_2023_rossetti-arte-contemporanea-1852x2048.jpg 1852w, https:\/\/www.rossettiartecontemporanea.it\/wp-content\/uploads\/2024\/03\/ANDUJAR-EVITA_4-SS-In-fondo-ai-tuoi-occhi_acrilico-su-tela_90x80_2023_rossetti-arte-contemporanea-370x409.jpg 370w, https:\/\/www.rossettiartecontemporanea.it\/wp-content\/uploads\/2024\/03\/ANDUJAR-EVITA_4-SS-In-fondo-ai-tuoi-occhi_acrilico-su-tela_90x80_2023_rossetti-arte-contemporanea-840x929.jpg 840w, https:\/\/www.rossettiartecontemporanea.it\/wp-content\/uploads\/2024\/03\/ANDUJAR-EVITA_4-SS-In-fondo-ai-tuoi-occhi_acrilico-su-tela_90x80_2023_rossetti-arte-contemporanea-410x453.jpg 410w\" sizes=\"(max-width: 926px) 100vw, 926px\" \/><\/figure>\n<\/figure>\n\n\n\n<h3 class=\"wp-block-heading\">L\u2019Io, l\u2019Es e la mostra in Rossetti Arte Contemporanea<\/h3>\n\n\n\n<p>La <a href=\"https:\/\/www.rossettiartecontemporanea.it\/mostre-e-eventi\/lio-e-les-di-evita-andujar\/\">mostra di Evita And\u00f9jar<\/a> aprir\u00e0 al pubblico venerd\u00ec 05 aprile dalle ore 18.00. Fino al 12 maggio 2024, l\u2019esposizione rester\u00e0 aperta negli orari di apertura della galleria.<br>Il fulcro delle ricerche di And\u00fajar si snoda attorno a <strong>una personale rappresentazione delle istanze teorizzate dallo psicanalista pi\u00f9 influente al mondo, Sigmund Freud<\/strong>: l\u2019artista abilmente traspone e concilia sulla tela il rapporto tra\u00a0l\u2019Io, la componente consapevole della nostra personalit\u00e0, quella con cui ci presentiamo al mondo, e l\u2019Es, la nostra parte pi\u00f9 profonda, l\u2019insieme di pulsioni e istinti nascosti.<br>\u201cIn questo momento storico cruciale per la storia delle immagini, agli albori di un\u2019epoca dove qualcuno vorrebbe lasciare alle macchine e all\u2019intelligenza artificiale il compito di costruire il bagaglio iconografico del nostro futuro, la pittura, paradossalmente, sembrerebbe il medium forse pi\u00f9 adatto a reagire a una simile situazione e a fornire inedite capacit\u00e0 di reazione e di riflessione di fronte al bozzolo iconico che avvolge la nostra vita immersa nelle reti digitali.\u201d (Testo critico a cura di Lorenzo Canova)<\/p>\n\n\n\n<div style=\"height:32px\" aria-hidden=\"true\" class=\"wp-block-spacer\"><\/div>\n\n\n\n<figure class=\"wp-block-embed is-type-video is-provider-youtube wp-block-embed-youtube wp-embed-aspect-16-9 wp-has-aspect-ratio\"><div class=\"wp-block-embed__wrapper\">\n<iframe title=\"Mostra &quot;Verdad Muda&quot; di Evita And\u00fajar\" width=\"1290\" height=\"726\" src=\"https:\/\/www.youtube.com\/embed\/gYcGWgn4XWQ?feature=oembed\" frameborder=\"0\" allow=\"accelerometer; autoplay; clipboard-write; encrypted-media; gyroscope; picture-in-picture; web-share\" referrerpolicy=\"strict-origin-when-cross-origin\" allowfullscreen><\/iframe>\n<\/div><\/figure>\n\n\n\n<p>(video della mostra personale di Evita And\u00f9jar \u201cVerdad Muda\u201d in Rossetti Arte Contemporanea, curata da Raffaella Salato, 25\/11\/2021 \u2013 9\/1\/2022)<\/p>\n","protected":false},"excerpt":{"rendered":"<p>Evita And\u00fajar \u00e8 un&#8217;artista visiva la cui opera si distingue per un&#8217;impressionante capacit\u00e0 di catturare la complessit\u00e0 emotiva e spirituale dell&#8217;esperienza umana. Con una tecnica che fonde realismo e surrealismo,&hellip;<\/p>\n","protected":false},"author":2,"featured_media":36961,"comment_status":"closed","ping_status":"closed","sticky":false,"template":"","format":"standard","meta":{"_acf_changed":false,"footnotes":""},"categories":[275],"tags":[308],"class_list":["post-46459","post","type-post","status-publish","format-standard","has-post-thumbnail","hentry","category-art-stories","tag-evita-andujar"],"acf":[],"yoast_head":"<!-- This site is optimized with the Yoast SEO plugin v25.1 - https:\/\/yoast.com\/wordpress\/plugins\/seo\/ -->\n<title>Evita And\u00f9jar: viaggio al centro dello spirito - ROSSETTI arte contemporanea<\/title>\n<meta name=\"robots\" content=\"index, follow, max-snippet:-1, max-image-preview:large, max-video-preview:-1\" \/>\n<link rel=\"canonical\" href=\"https:\/\/www.rossettiartecontemporanea.it\/en\/evita-andujar-viaggio-al-centro-dello-spirito\/\" \/>\n<meta property=\"og:locale\" content=\"en_US\" \/>\n<meta property=\"og:type\" content=\"article\" \/>\n<meta property=\"og:title\" content=\"Evita And\u00f9jar: viaggio al centro dello spirito - ROSSETTI arte contemporanea\" \/>\n<meta property=\"og:description\" content=\"Evita And\u00fajar \u00e8 un&#8217;artista visiva la cui opera si distingue per un&#8217;impressionante capacit\u00e0 di catturare la complessit\u00e0 emotiva e spirituale dell&#8217;esperienza umana. Con una tecnica che fonde realismo e surrealismo,&hellip;\" \/>\n<meta property=\"og:url\" content=\"https:\/\/www.rossettiartecontemporanea.it\/en\/evita-andujar-viaggio-al-centro-dello-spirito\/\" \/>\n<meta property=\"og:site_name\" content=\"ROSSETTI arte contemporanea\" \/>\n<meta property=\"article:publisher\" content=\"https:\/\/www.facebook.com\/studio.rossetti.artecontemporanea\" \/>\n<meta property=\"article:published_time\" content=\"2024-05-06T08:03:08+00:00\" \/>\n<meta property=\"article:modified_time\" content=\"2024-05-08T07:21:30+00:00\" \/>\n<meta property=\"og:image\" content=\"https:\/\/www.rossettiartecontemporanea.it\/wp-content\/uploads\/2020\/06\/Evita-Andujar-Studio-Rossetti-Arte-Contemporanea-02.jpg\" \/>\n\t<meta property=\"og:image:width\" content=\"1920\" \/>\n\t<meta property=\"og:image:height\" content=\"1280\" \/>\n\t<meta property=\"og:image:type\" content=\"image\/jpeg\" \/>\n<meta name=\"author\" content=\"dpsonlineweb\" \/>\n<meta name=\"twitter:card\" content=\"summary_large_image\" \/>\n<meta name=\"twitter:label1\" content=\"Written by\" \/>\n\t<meta name=\"twitter:data1\" content=\"dpsonlineweb\" \/>\n\t<meta name=\"twitter:label2\" content=\"Est. reading time\" \/>\n\t<meta name=\"twitter:data2\" content=\"5 minutes\" \/>\n<script type=\"application\/ld+json\" class=\"yoast-schema-graph\">{\"@context\":\"https:\/\/schema.org\",\"@graph\":[{\"@type\":\"Article\",\"@id\":\"https:\/\/www.rossettiartecontemporanea.it\/en\/evita-andujar-viaggio-al-centro-dello-spirito\/#article\",\"isPartOf\":{\"@id\":\"https:\/\/www.rossettiartecontemporanea.it\/en\/evita-andujar-viaggio-al-centro-dello-spirito\/\"},\"author\":{\"name\":\"dpsonlineweb\",\"@id\":\"https:\/\/www.rossettiartecontemporanea.it\/en\/#\/schema\/person\/9074b110f3bc10dbcc7dc86655489909\"},\"headline\":\"Evita And\u00f9jar: viaggio al centro dello spirito\",\"datePublished\":\"2024-05-06T08:03:08+00:00\",\"dateModified\":\"2024-05-08T07:21:30+00:00\",\"mainEntityOfPage\":{\"@id\":\"https:\/\/www.rossettiartecontemporanea.it\/en\/evita-andujar-viaggio-al-centro-dello-spirito\/\"},\"wordCount\":715,\"publisher\":{\"@id\":\"https:\/\/www.rossettiartecontemporanea.it\/en\/#organization\"},\"image\":{\"@id\":\"https:\/\/www.rossettiartecontemporanea.it\/en\/evita-andujar-viaggio-al-centro-dello-spirito\/#primaryimage\"},\"thumbnailUrl\":\"https:\/\/www.rossettiartecontemporanea.it\/wp-content\/uploads\/2020\/06\/Evita-Andujar-Studio-Rossetti-Arte-Contemporanea-02.jpg\",\"keywords\":[\"Evita And\u00fajar\"],\"articleSection\":[\"Art Stories\"],\"inLanguage\":\"en-US\"},{\"@type\":\"WebPage\",\"@id\":\"https:\/\/www.rossettiartecontemporanea.it\/en\/evita-andujar-viaggio-al-centro-dello-spirito\/\",\"url\":\"https:\/\/www.rossettiartecontemporanea.it\/en\/evita-andujar-viaggio-al-centro-dello-spirito\/\",\"name\":\"Evita And\u00f9jar: viaggio al centro dello spirito - ROSSETTI arte contemporanea\",\"isPartOf\":{\"@id\":\"https:\/\/www.rossettiartecontemporanea.it\/en\/#website\"},\"primaryImageOfPage\":{\"@id\":\"https:\/\/www.rossettiartecontemporanea.it\/en\/evita-andujar-viaggio-al-centro-dello-spirito\/#primaryimage\"},\"image\":{\"@id\":\"https:\/\/www.rossettiartecontemporanea.it\/en\/evita-andujar-viaggio-al-centro-dello-spirito\/#primaryimage\"},\"thumbnailUrl\":\"https:\/\/www.rossettiartecontemporanea.it\/wp-content\/uploads\/2020\/06\/Evita-Andujar-Studio-Rossetti-Arte-Contemporanea-02.jpg\",\"datePublished\":\"2024-05-06T08:03:08+00:00\",\"dateModified\":\"2024-05-08T07:21:30+00:00\",\"breadcrumb\":{\"@id\":\"https:\/\/www.rossettiartecontemporanea.it\/en\/evita-andujar-viaggio-al-centro-dello-spirito\/#breadcrumb\"},\"inLanguage\":\"en-US\",\"potentialAction\":[{\"@type\":\"ReadAction\",\"target\":[\"https:\/\/www.rossettiartecontemporanea.it\/en\/evita-andujar-viaggio-al-centro-dello-spirito\/\"]}]},{\"@type\":\"ImageObject\",\"inLanguage\":\"en-US\",\"@id\":\"https:\/\/www.rossettiartecontemporanea.it\/en\/evita-andujar-viaggio-al-centro-dello-spirito\/#primaryimage\",\"url\":\"https:\/\/www.rossettiartecontemporanea.it\/wp-content\/uploads\/2020\/06\/Evita-Andujar-Studio-Rossetti-Arte-Contemporanea-02.jpg\",\"contentUrl\":\"https:\/\/www.rossettiartecontemporanea.it\/wp-content\/uploads\/2020\/06\/Evita-Andujar-Studio-Rossetti-Arte-Contemporanea-02.jpg\",\"width\":1920,\"height\":1280,\"caption\":\"Evita And\u00fajar - Rossetti Arte Contemporanea\"},{\"@type\":\"BreadcrumbList\",\"@id\":\"https:\/\/www.rossettiartecontemporanea.it\/en\/evita-andujar-viaggio-al-centro-dello-spirito\/#breadcrumb\",\"itemListElement\":[{\"@type\":\"ListItem\",\"position\":1,\"name\":\"Home\",\"item\":\"https:\/\/www.rossettiartecontemporanea.it\/en\/\"},{\"@type\":\"ListItem\",\"position\":2,\"name\":\"Evita And\u00f9jar: viaggio al centro dello spirito\"}]},{\"@type\":\"WebSite\",\"@id\":\"https:\/\/www.rossettiartecontemporanea.it\/en\/#website\",\"url\":\"https:\/\/www.rossettiartecontemporanea.it\/en\/\",\"name\":\"Rossetti Arte Contemporanea\",\"description\":\"\",\"publisher\":{\"@id\":\"https:\/\/www.rossettiartecontemporanea.it\/en\/#organization\"},\"potentialAction\":[{\"@type\":\"SearchAction\",\"target\":{\"@type\":\"EntryPoint\",\"urlTemplate\":\"https:\/\/www.rossettiartecontemporanea.it\/en\/?s={search_term_string}\"},\"query-input\":{\"@type\":\"PropertyValueSpecification\",\"valueRequired\":true,\"valueName\":\"search_term_string\"}}],\"inLanguage\":\"en-US\"},{\"@type\":\"Organization\",\"@id\":\"https:\/\/www.rossettiartecontemporanea.it\/en\/#organization\",\"name\":\"Rossetti Arte Contemporanea\",\"url\":\"https:\/\/www.rossettiartecontemporanea.it\/en\/\",\"logo\":{\"@type\":\"ImageObject\",\"inLanguage\":\"en-US\",\"@id\":\"https:\/\/www.rossettiartecontemporanea.it\/en\/#\/schema\/logo\/image\/\",\"url\":\"https:\/\/www.rossettiartecontemporanea.it\/wp-content\/uploads\/2024\/02\/logo-Rossetti-Arte-Contemporanea-black-2x-1.png\",\"contentUrl\":\"https:\/\/www.rossettiartecontemporanea.it\/wp-content\/uploads\/2024\/02\/logo-Rossetti-Arte-Contemporanea-black-2x-1.png\",\"width\":611,\"height\":368,\"caption\":\"Rossetti Arte Contemporanea\"},\"image\":{\"@id\":\"https:\/\/www.rossettiartecontemporanea.it\/en\/#\/schema\/logo\/image\/\"},\"sameAs\":[\"https:\/\/www.facebook.com\/studio.rossetti.artecontemporanea\",\"https:\/\/www.instagram.com\/studio_rossetti\/\",\"https:\/\/www.youtube.com\/channel\/UC94tFj8zg6UV94quz_ysdgw\"]},{\"@type\":\"Person\",\"@id\":\"https:\/\/www.rossettiartecontemporanea.it\/en\/#\/schema\/person\/9074b110f3bc10dbcc7dc86655489909\",\"name\":\"dpsonlineweb\"}]}<\/script>\n<!-- \/ Yoast SEO plugin. -->","yoast_head_json":{"title":"Evita And\u00f9jar: viaggio al centro dello spirito - ROSSETTI arte contemporanea","robots":{"index":"index","follow":"follow","max-snippet":"max-snippet:-1","max-image-preview":"max-image-preview:large","max-video-preview":"max-video-preview:-1"},"canonical":"https:\/\/www.rossettiartecontemporanea.it\/en\/evita-andujar-viaggio-al-centro-dello-spirito\/","og_locale":"en_US","og_type":"article","og_title":"Evita And\u00f9jar: viaggio al centro dello spirito - ROSSETTI arte contemporanea","og_description":"Evita And\u00fajar \u00e8 un&#8217;artista visiva la cui opera si distingue per un&#8217;impressionante capacit\u00e0 di catturare la complessit\u00e0 emotiva e spirituale dell&#8217;esperienza umana. Con una tecnica che fonde realismo e surrealismo,&hellip;","og_url":"https:\/\/www.rossettiartecontemporanea.it\/en\/evita-andujar-viaggio-al-centro-dello-spirito\/","og_site_name":"ROSSETTI arte contemporanea","article_publisher":"https:\/\/www.facebook.com\/studio.rossetti.artecontemporanea","article_published_time":"2024-05-06T08:03:08+00:00","article_modified_time":"2024-05-08T07:21:30+00:00","og_image":[{"width":1920,"height":1280,"url":"https:\/\/www.rossettiartecontemporanea.it\/wp-content\/uploads\/2020\/06\/Evita-Andujar-Studio-Rossetti-Arte-Contemporanea-02.jpg","type":"image\/jpeg"}],"author":"dpsonlineweb","twitter_card":"summary_large_image","twitter_misc":{"Written by":"dpsonlineweb","Est. reading time":"5 minutes"},"schema":{"@context":"https:\/\/schema.org","@graph":[{"@type":"Article","@id":"https:\/\/www.rossettiartecontemporanea.it\/en\/evita-andujar-viaggio-al-centro-dello-spirito\/#article","isPartOf":{"@id":"https:\/\/www.rossettiartecontemporanea.it\/en\/evita-andujar-viaggio-al-centro-dello-spirito\/"},"author":{"name":"dpsonlineweb","@id":"https:\/\/www.rossettiartecontemporanea.it\/en\/#\/schema\/person\/9074b110f3bc10dbcc7dc86655489909"},"headline":"Evita And\u00f9jar: viaggio al centro dello spirito","datePublished":"2024-05-06T08:03:08+00:00","dateModified":"2024-05-08T07:21:30+00:00","mainEntityOfPage":{"@id":"https:\/\/www.rossettiartecontemporanea.it\/en\/evita-andujar-viaggio-al-centro-dello-spirito\/"},"wordCount":715,"publisher":{"@id":"https:\/\/www.rossettiartecontemporanea.it\/en\/#organization"},"image":{"@id":"https:\/\/www.rossettiartecontemporanea.it\/en\/evita-andujar-viaggio-al-centro-dello-spirito\/#primaryimage"},"thumbnailUrl":"https:\/\/www.rossettiartecontemporanea.it\/wp-content\/uploads\/2020\/06\/Evita-Andujar-Studio-Rossetti-Arte-Contemporanea-02.jpg","keywords":["Evita And\u00fajar"],"articleSection":["Art Stories"],"inLanguage":"en-US"},{"@type":"WebPage","@id":"https:\/\/www.rossettiartecontemporanea.it\/en\/evita-andujar-viaggio-al-centro-dello-spirito\/","url":"https:\/\/www.rossettiartecontemporanea.it\/en\/evita-andujar-viaggio-al-centro-dello-spirito\/","name":"Evita And\u00f9jar: viaggio al centro dello spirito - ROSSETTI arte contemporanea","isPartOf":{"@id":"https:\/\/www.rossettiartecontemporanea.it\/en\/#website"},"primaryImageOfPage":{"@id":"https:\/\/www.rossettiartecontemporanea.it\/en\/evita-andujar-viaggio-al-centro-dello-spirito\/#primaryimage"},"image":{"@id":"https:\/\/www.rossettiartecontemporanea.it\/en\/evita-andujar-viaggio-al-centro-dello-spirito\/#primaryimage"},"thumbnailUrl":"https:\/\/www.rossettiartecontemporanea.it\/wp-content\/uploads\/2020\/06\/Evita-Andujar-Studio-Rossetti-Arte-Contemporanea-02.jpg","datePublished":"2024-05-06T08:03:08+00:00","dateModified":"2024-05-08T07:21:30+00:00","breadcrumb":{"@id":"https:\/\/www.rossettiartecontemporanea.it\/en\/evita-andujar-viaggio-al-centro-dello-spirito\/#breadcrumb"},"inLanguage":"en-US","potentialAction":[{"@type":"ReadAction","target":["https:\/\/www.rossettiartecontemporanea.it\/en\/evita-andujar-viaggio-al-centro-dello-spirito\/"]}]},{"@type":"ImageObject","inLanguage":"en-US","@id":"https:\/\/www.rossettiartecontemporanea.it\/en\/evita-andujar-viaggio-al-centro-dello-spirito\/#primaryimage","url":"https:\/\/www.rossettiartecontemporanea.it\/wp-content\/uploads\/2020\/06\/Evita-Andujar-Studio-Rossetti-Arte-Contemporanea-02.jpg","contentUrl":"https:\/\/www.rossettiartecontemporanea.it\/wp-content\/uploads\/2020\/06\/Evita-Andujar-Studio-Rossetti-Arte-Contemporanea-02.jpg","width":1920,"height":1280,"caption":"Evita And\u00fajar - Rossetti Arte Contemporanea"},{"@type":"BreadcrumbList","@id":"https:\/\/www.rossettiartecontemporanea.it\/en\/evita-andujar-viaggio-al-centro-dello-spirito\/#breadcrumb","itemListElement":[{"@type":"ListItem","position":1,"name":"Home","item":"https:\/\/www.rossettiartecontemporanea.it\/en\/"},{"@type":"ListItem","position":2,"name":"Evita And\u00f9jar: viaggio al centro dello spirito"}]},{"@type":"WebSite","@id":"https:\/\/www.rossettiartecontemporanea.it\/en\/#website","url":"https:\/\/www.rossettiartecontemporanea.it\/en\/","name":"Rossetti Arte Contemporanea","description":"","publisher":{"@id":"https:\/\/www.rossettiartecontemporanea.it\/en\/#organization"},"potentialAction":[{"@type":"SearchAction","target":{"@type":"EntryPoint","urlTemplate":"https:\/\/www.rossettiartecontemporanea.it\/en\/?s={search_term_string}"},"query-input":{"@type":"PropertyValueSpecification","valueRequired":true,"valueName":"search_term_string"}}],"inLanguage":"en-US"},{"@type":"Organization","@id":"https:\/\/www.rossettiartecontemporanea.it\/en\/#organization","name":"Rossetti Arte Contemporanea","url":"https:\/\/www.rossettiartecontemporanea.it\/en\/","logo":{"@type":"ImageObject","inLanguage":"en-US","@id":"https:\/\/www.rossettiartecontemporanea.it\/en\/#\/schema\/logo\/image\/","url":"https:\/\/www.rossettiartecontemporanea.it\/wp-content\/uploads\/2024\/02\/logo-Rossetti-Arte-Contemporanea-black-2x-1.png","contentUrl":"https:\/\/www.rossettiartecontemporanea.it\/wp-content\/uploads\/2024\/02\/logo-Rossetti-Arte-Contemporanea-black-2x-1.png","width":611,"height":368,"caption":"Rossetti Arte Contemporanea"},"image":{"@id":"https:\/\/www.rossettiartecontemporanea.it\/en\/#\/schema\/logo\/image\/"},"sameAs":["https:\/\/www.facebook.com\/studio.rossetti.artecontemporanea","https:\/\/www.instagram.com\/studio_rossetti\/","https:\/\/www.youtube.com\/channel\/UC94tFj8zg6UV94quz_ysdgw"]},{"@type":"Person","@id":"https:\/\/www.rossettiartecontemporanea.it\/en\/#\/schema\/person\/9074b110f3bc10dbcc7dc86655489909","name":"dpsonlineweb"}]}},"_links":{"self":[{"href":"https:\/\/www.rossettiartecontemporanea.it\/en\/wp-json\/wp\/v2\/posts\/46459","targetHints":{"allow":["GET"]}}],"collection":[{"href":"https:\/\/www.rossettiartecontemporanea.it\/en\/wp-json\/wp\/v2\/posts"}],"about":[{"href":"https:\/\/www.rossettiartecontemporanea.it\/en\/wp-json\/wp\/v2\/types\/post"}],"author":[{"embeddable":true,"href":"https:\/\/www.rossettiartecontemporanea.it\/en\/wp-json\/wp\/v2\/users\/2"}],"replies":[{"embeddable":true,"href":"https:\/\/www.rossettiartecontemporanea.it\/en\/wp-json\/wp\/v2\/comments?post=46459"}],"version-history":[{"count":27,"href":"https:\/\/www.rossettiartecontemporanea.it\/en\/wp-json\/wp\/v2\/posts\/46459\/revisions"}],"predecessor-version":[{"id":46514,"href":"https:\/\/www.rossettiartecontemporanea.it\/en\/wp-json\/wp\/v2\/posts\/46459\/revisions\/46514"}],"wp:featuredmedia":[{"embeddable":true,"href":"https:\/\/www.rossettiartecontemporanea.it\/en\/wp-json\/wp\/v2\/media\/36961"}],"wp:attachment":[{"href":"https:\/\/www.rossettiartecontemporanea.it\/en\/wp-json\/wp\/v2\/media?parent=46459"}],"wp:term":[{"taxonomy":"category","embeddable":true,"href":"https:\/\/www.rossettiartecontemporanea.it\/en\/wp-json\/wp\/v2\/categories?post=46459"},{"taxonomy":"post_tag","embeddable":true,"href":"https:\/\/www.rossettiartecontemporanea.it\/en\/wp-json\/wp\/v2\/tags?post=46459"}],"curies":[{"name":"wp","href":"https:\/\/api.w.org\/{rel}","templated":true}]}}