{"id":47656,"date":"2024-08-30T17:01:23","date_gmt":"2024-08-30T15:01:23","guid":{"rendered":"http:\/\/www.rossettiartecontemporanea.it\/5-art-parks-in-italy-you-cant-miss\/"},"modified":"2024-09-05T19:07:40","modified_gmt":"2024-09-05T17:07:40","slug":"5-art-parks-in-italy-you-cant-miss","status":"publish","type":"post","link":"https:\/\/www.rossettiartecontemporanea.it\/en\/5-art-parks-in-italy-you-cant-miss\/","title":{"rendered":"5 art parks in Italy you can&#8217;t miss"},"content":{"rendered":"\n<p>Rossetti Gallery tips: here are the some of the art parks in Italy where we prefer to go in our free time.<\/p>\n\n<p>To receive our advice every month, sign up for our<a href=\"https:\/\/www.rossettiartecontemporanea.it\/en\/contacts\/\"> Newsletter<\/a>!<\/p>\n\n<p><\/p>\n\n<h2 class=\"wp-block-heading\">art parks in italy: rossetti gallery&#8217;s favorites.<\/h2>\n\n<h3 class=\"wp-block-heading\"><strong>1. Garden of Daniel Spoerri<\/strong><\/h3>\n\n<h3 class=\"wp-block-heading\">Seggiano &#8211; Grosseto<\/h3>\n\n<figure class=\"wp-block-image size-full\"><img fetchpriority=\"high\" decoding=\"async\" width=\"1400\" height=\"933\" src=\"https:\/\/www.rossettiartecontemporanea.it\/wp-content\/uploads\/2024\/08\/artist-work_daniel-spoerri_3_giardino-1400x933-1.jpg\" alt=\"circular work in Daniel Spoerri's garden\" class=\"wp-image-47585\" srcset=\"https:\/\/www.rossettiartecontemporanea.it\/wp-content\/uploads\/2024\/08\/artist-work_daniel-spoerri_3_giardino-1400x933-1.jpg 1400w, https:\/\/www.rossettiartecontemporanea.it\/wp-content\/uploads\/2024\/08\/artist-work_daniel-spoerri_3_giardino-1400x933-1-300x200.jpg 300w, https:\/\/www.rossettiartecontemporanea.it\/wp-content\/uploads\/2024\/08\/artist-work_daniel-spoerri_3_giardino-1400x933-1-1024x682.jpg 1024w, https:\/\/www.rossettiartecontemporanea.it\/wp-content\/uploads\/2024\/08\/artist-work_daniel-spoerri_3_giardino-1400x933-1-768x512.jpg 768w, https:\/\/www.rossettiartecontemporanea.it\/wp-content\/uploads\/2024\/08\/artist-work_daniel-spoerri_3_giardino-1400x933-1-370x247.jpg 370w, https:\/\/www.rossettiartecontemporanea.it\/wp-content\/uploads\/2024\/08\/artist-work_daniel-spoerri_3_giardino-1400x933-1-840x560.jpg 840w, https:\/\/www.rossettiartecontemporanea.it\/wp-content\/uploads\/2024\/08\/artist-work_daniel-spoerri_3_giardino-1400x933-1-410x273.jpg 410w\" sizes=\"(max-width: 1400px) 100vw, 1400px\" \/><\/figure>\n\n<p>Daniel Spoerri&#8217;s sculpture park stretches across the Swiss artist&#8217;s 16-hectare estate purchased in 1997, in the hills between the village of Seggiano and the hamlet of Pescina on Mount Amiata, in a location referred to geographically as Paradise.<\/p>\n\n<p>On display inside are 115 works by 56 artists from around the world and invited over the years by Spoerri himself, including Eva Aeppli, Jean Tinguely, Arman, Pavel Schmidt, and Dani Karavan. Thus, walking along the Park&#8217;s paths we find, alongside the founder&#8217;s evocative bronze sculptures, grass couches, a golden olive tree, giant drummers followed by 160 geese, and other mysterious figures such as fire-breathing dragons, dwarves and warriors, in a rich arrangement between dream and reality. The site-specific works unfold among dense groves, ancient olive trees and fascinating views typical of the Tuscan hills-a magical place not to be missed by any art lover.<\/p>\n\n<figure class=\"wp-block-gallery has-nested-images columns-default is-cropped wp-block-gallery-1 is-layout-flex wp-block-gallery-is-layout-flex\">\n<figure class=\"wp-block-image size-large\"><a href=\"https:\/\/www.danielspoerri.org\/giardino\/it\/\"><img decoding=\"async\" width=\"768\" height=\"1024\" data-id=\"47611\" src=\"https:\/\/www.rossettiartecontemporanea.it\/wp-content\/uploads\/2024\/08\/BMVC7811-768x1024.jpg\" alt=\"\" class=\"wp-image-47611\" srcset=\"https:\/\/www.rossettiartecontemporanea.it\/wp-content\/uploads\/2024\/08\/BMVC7811-768x1024.jpg 768w, https:\/\/www.rossettiartecontemporanea.it\/wp-content\/uploads\/2024\/08\/BMVC7811-225x300.jpg 225w, https:\/\/www.rossettiartecontemporanea.it\/wp-content\/uploads\/2024\/08\/BMVC7811-1152x1536.jpg 1152w, https:\/\/www.rossettiartecontemporanea.it\/wp-content\/uploads\/2024\/08\/BMVC7811-370x493.jpg 370w, https:\/\/www.rossettiartecontemporanea.it\/wp-content\/uploads\/2024\/08\/BMVC7811-840x1120.jpg 840w, https:\/\/www.rossettiartecontemporanea.it\/wp-content\/uploads\/2024\/08\/BMVC7811-410x547.jpg 410w, https:\/\/www.rossettiartecontemporanea.it\/wp-content\/uploads\/2024\/08\/BMVC7811.jpg 1488w\" sizes=\"(max-width: 768px) 100vw, 768px\" \/><\/a><\/figure>\n\n\n\n<figure class=\"wp-block-image size-large\"><a href=\"https:\/\/www.danielspoerri.org\/giardino\/it\/\"><img decoding=\"async\" width=\"768\" height=\"1024\" data-id=\"47613\" src=\"https:\/\/www.rossettiartecontemporanea.it\/wp-content\/uploads\/2024\/08\/IMG_4316-1-768x1024.jpg\" alt=\"\" class=\"wp-image-47613\" srcset=\"https:\/\/www.rossettiartecontemporanea.it\/wp-content\/uploads\/2024\/08\/IMG_4316-1-768x1024.jpg 768w, https:\/\/www.rossettiartecontemporanea.it\/wp-content\/uploads\/2024\/08\/IMG_4316-1-225x300.jpg 225w, https:\/\/www.rossettiartecontemporanea.it\/wp-content\/uploads\/2024\/08\/IMG_4316-1-1152x1536.jpg 1152w, https:\/\/www.rossettiartecontemporanea.it\/wp-content\/uploads\/2024\/08\/IMG_4316-1-1536x2048.jpg 1536w, https:\/\/www.rossettiartecontemporanea.it\/wp-content\/uploads\/2024\/08\/IMG_4316-1-370x493.jpg 370w, https:\/\/www.rossettiartecontemporanea.it\/wp-content\/uploads\/2024\/08\/IMG_4316-1-840x1120.jpg 840w, https:\/\/www.rossettiartecontemporanea.it\/wp-content\/uploads\/2024\/08\/IMG_4316-1-410x547.jpg 410w, https:\/\/www.rossettiartecontemporanea.it\/wp-content\/uploads\/2024\/08\/IMG_4316-1-scaled.jpg 1920w\" sizes=\"(max-width: 768px) 100vw, 768px\" \/><\/a><\/figure>\n\n\n\n<figure class=\"wp-block-image size-large\"><a href=\"https:\/\/www.danielspoerri.org\/giardino\/it\/\"><img loading=\"lazy\" decoding=\"async\" width=\"768\" height=\"1024\" data-id=\"47615\" src=\"https:\/\/www.rossettiartecontemporanea.it\/wp-content\/uploads\/2024\/08\/IMG_4361-1-768x1024.jpg\" alt=\"\" class=\"wp-image-47615\" srcset=\"https:\/\/www.rossettiartecontemporanea.it\/wp-content\/uploads\/2024\/08\/IMG_4361-1-768x1024.jpg 768w, https:\/\/www.rossettiartecontemporanea.it\/wp-content\/uploads\/2024\/08\/IMG_4361-1-225x300.jpg 225w, https:\/\/www.rossettiartecontemporanea.it\/wp-content\/uploads\/2024\/08\/IMG_4361-1-1152x1536.jpg 1152w, https:\/\/www.rossettiartecontemporanea.it\/wp-content\/uploads\/2024\/08\/IMG_4361-1-1536x2048.jpg 1536w, https:\/\/www.rossettiartecontemporanea.it\/wp-content\/uploads\/2024\/08\/IMG_4361-1-370x493.jpg 370w, https:\/\/www.rossettiartecontemporanea.it\/wp-content\/uploads\/2024\/08\/IMG_4361-1-840x1120.jpg 840w, https:\/\/www.rossettiartecontemporanea.it\/wp-content\/uploads\/2024\/08\/IMG_4361-1-410x547.jpg 410w, https:\/\/www.rossettiartecontemporanea.it\/wp-content\/uploads\/2024\/08\/IMG_4361-1-scaled.jpg 1920w\" sizes=\"(max-width: 768px) 100vw, 768px\" \/><\/a><\/figure>\n<\/figure>\n\n<p><em>Photo credit: Annalisa Ramos &#8211; The Garden of Daniel Spoerri &#8211; 2024<\/em><\/p>\n\n<div class=\"wp-block-buttons is-layout-flex wp-block-buttons-is-layout-flex\">\n<div class=\"wp-block-button\"><a class=\"wp-block-button__link wp-element-button\" href=\"https:\/\/www.danielspoerri.org\/\">Discover more<\/a><\/div>\n<\/div>\n\n<hr class=\"wp-block-separator has-alpha-channel-opacity\"\/>\n\n<h3 class=\"wp-block-heading\"><strong>2. Celle Farm: Gori Collection<\/strong><\/h3>\n\n<h3 class=\"wp-block-heading\">Santomato &#8211; <em>Pistoia<\/em><\/h3>\n\n<figure class=\"wp-block-image size-large\"><a href=\"https:\/\/www.goricoll.it\/index.php\"><img loading=\"lazy\" decoding=\"async\" width=\"1024\" height=\"652\" src=\"https:\/\/www.rossettiartecontemporanea.it\/wp-content\/uploads\/2024\/08\/fattoria_celle_Alberto-Burri-Grande-Ferro-Celle-1986-Foto-Aurelio-Amendola-1024x652.jpg\" alt=\"\" class=\"wp-image-47603\" srcset=\"https:\/\/www.rossettiartecontemporanea.it\/wp-content\/uploads\/2024\/08\/fattoria_celle_Alberto-Burri-Grande-Ferro-Celle-1986-Foto-Aurelio-Amendola-1024x652.jpg 1024w, https:\/\/www.rossettiartecontemporanea.it\/wp-content\/uploads\/2024\/08\/fattoria_celle_Alberto-Burri-Grande-Ferro-Celle-1986-Foto-Aurelio-Amendola-300x191.jpg 300w, https:\/\/www.rossettiartecontemporanea.it\/wp-content\/uploads\/2024\/08\/fattoria_celle_Alberto-Burri-Grande-Ferro-Celle-1986-Foto-Aurelio-Amendola-768x489.jpg 768w, https:\/\/www.rossettiartecontemporanea.it\/wp-content\/uploads\/2024\/08\/fattoria_celle_Alberto-Burri-Grande-Ferro-Celle-1986-Foto-Aurelio-Amendola-1536x977.jpg 1536w, https:\/\/www.rossettiartecontemporanea.it\/wp-content\/uploads\/2024\/08\/fattoria_celle_Alberto-Burri-Grande-Ferro-Celle-1986-Foto-Aurelio-Amendola-2048x1303.jpg 2048w, https:\/\/www.rossettiartecontemporanea.it\/wp-content\/uploads\/2024\/08\/fattoria_celle_Alberto-Burri-Grande-Ferro-Celle-1986-Foto-Aurelio-Amendola-370x235.jpg 370w, https:\/\/www.rossettiartecontemporanea.it\/wp-content\/uploads\/2024\/08\/fattoria_celle_Alberto-Burri-Grande-Ferro-Celle-1986-Foto-Aurelio-Amendola-840x535.jpg 840w, https:\/\/www.rossettiartecontemporanea.it\/wp-content\/uploads\/2024\/08\/fattoria_celle_Alberto-Burri-Grande-Ferro-Celle-1986-Foto-Aurelio-Amendola-410x261.jpg 410w\" sizes=\"(max-width: 1024px) 100vw, 1024px\" \/><\/a><\/figure>\n\n<p>The Gori Collection is a private collection of environmental art located in Santomato, in the province of Pistoia. The history of the Gori Collection began in 1950, and the collection now boasts 80 works of environmental art created by artists from all over the world, including Alice Aycock, Sol Lewitt, Dani Karavan, Fausto Melotti, Robert Morris, Dennis Oppenheim, Anne and Patrick Poirier, Ulrich Ruckriem, Richard Serra, Mimmo Paladino, Giuseppe Penone, Michelangelo Pistoletto, Gianni Ruffi, Aldo Spoldi, and Alberto Burri.<\/p>\n\n<p>In the beginning, Giuliano and Pina Gori established their contemporary art collection in Prato, favoring those artists who adopt innovation in artistic language. The rapid growth of the nucleus of works obliges them to provide the collection with a suitable space, which soon becomes a kind of &#8216;cenacle,&#8217; attended nonstop by friends, artists, critics and art lovers. In conclusion, a complex and ambitious program of Environmental Art begins, beginning with the steering of the park and the consolidation of its appurtenances, and consisting of the implementation of projects for which space ceases its ritual role of simple container to assume the more important one of an integral part of the work.<\/p>\n\n<figure class=\"wp-block-gallery has-nested-images columns-default is-cropped wp-block-gallery-2 is-layout-flex wp-block-gallery-is-layout-flex\">\n<figure class=\"wp-block-image size-large\"><a href=\"https:\/\/www.goricoll.it\/index.php\"><img loading=\"lazy\" decoding=\"async\" width=\"1024\" height=\"684\" data-id=\"47609\" src=\"https:\/\/www.rossettiartecontemporanea.it\/wp-content\/uploads\/2024\/08\/PISTOIA3_-191-1024x684.jpg\" alt=\"\" class=\"wp-image-47609\" srcset=\"https:\/\/www.rossettiartecontemporanea.it\/wp-content\/uploads\/2024\/08\/PISTOIA3_-191-1024x684.jpg 1024w, https:\/\/www.rossettiartecontemporanea.it\/wp-content\/uploads\/2024\/08\/PISTOIA3_-191-300x200.jpg 300w, https:\/\/www.rossettiartecontemporanea.it\/wp-content\/uploads\/2024\/08\/PISTOIA3_-191-768x513.jpg 768w, https:\/\/www.rossettiartecontemporanea.it\/wp-content\/uploads\/2024\/08\/PISTOIA3_-191-1536x1026.jpg 1536w, https:\/\/www.rossettiartecontemporanea.it\/wp-content\/uploads\/2024\/08\/PISTOIA3_-191-370x247.jpg 370w, https:\/\/www.rossettiartecontemporanea.it\/wp-content\/uploads\/2024\/08\/PISTOIA3_-191-840x561.jpg 840w, https:\/\/www.rossettiartecontemporanea.it\/wp-content\/uploads\/2024\/08\/PISTOIA3_-191-410x274.jpg 410w, https:\/\/www.rossettiartecontemporanea.it\/wp-content\/uploads\/2024\/08\/PISTOIA3_-191.jpg 1920w\" sizes=\"(max-width: 1024px) 100vw, 1024px\" \/><\/a><\/figure>\n\n\n\n<figure class=\"wp-block-image size-large\"><a href=\"https:\/\/www.goricoll.it\/index.php\"><img loading=\"lazy\" decoding=\"async\" width=\"700\" height=\"684\" data-id=\"47605\" src=\"https:\/\/www.rossettiartecontemporanea.it\/wp-content\/uploads\/2024\/08\/4c821ef663f71a92f48a9eff406717ad.jpg\" alt=\"\" class=\"wp-image-47605\" srcset=\"https:\/\/www.rossettiartecontemporanea.it\/wp-content\/uploads\/2024\/08\/4c821ef663f71a92f48a9eff406717ad.jpg 700w, https:\/\/www.rossettiartecontemporanea.it\/wp-content\/uploads\/2024\/08\/4c821ef663f71a92f48a9eff406717ad-300x293.jpg 300w, https:\/\/www.rossettiartecontemporanea.it\/wp-content\/uploads\/2024\/08\/4c821ef663f71a92f48a9eff406717ad-370x362.jpg 370w, https:\/\/www.rossettiartecontemporanea.it\/wp-content\/uploads\/2024\/08\/4c821ef663f71a92f48a9eff406717ad-410x401.jpg 410w\" sizes=\"(max-width: 700px) 100vw, 700px\" \/><\/a><\/figure>\n\n\n\n<figure class=\"wp-block-image size-large\"><a href=\"https:\/\/www.goricoll.it\/index.php\"><img loading=\"lazy\" decoding=\"async\" width=\"640\" height=\"923\" data-id=\"47607\" src=\"https:\/\/www.rossettiartecontemporanea.it\/wp-content\/uploads\/2024\/08\/trasparente.jpg\" alt=\"\" class=\"wp-image-47607\" srcset=\"https:\/\/www.rossettiartecontemporanea.it\/wp-content\/uploads\/2024\/08\/trasparente.jpg 640w, https:\/\/www.rossettiartecontemporanea.it\/wp-content\/uploads\/2024\/08\/trasparente-208x300.jpg 208w, https:\/\/www.rossettiartecontemporanea.it\/wp-content\/uploads\/2024\/08\/trasparente-370x534.jpg 370w, https:\/\/www.rossettiartecontemporanea.it\/wp-content\/uploads\/2024\/08\/trasparente-410x591.jpg 410w\" sizes=\"(max-width: 640px) 100vw, 640px\" \/><\/a><\/figure>\n<\/figure>\n\n<div class=\"wp-block-buttons is-layout-flex wp-block-buttons-is-layout-flex\">\n<div class=\"wp-block-button\"><a class=\"wp-block-button__link wp-element-button\" href=\"https:\/\/www.goricoll.it\/index.php\">Discover more<\/a><\/div>\n<\/div>\n\n<hr class=\"wp-block-separator has-alpha-channel-opacity\"\/>\n\n<h3 class=\"wp-block-heading\"><strong>3. Tarot Garden<\/strong><\/h3>\n\n<h3 class=\"wp-block-heading\"><em>Capalbio &#8211; Grosseto<\/em><\/h3>\n\n<figure class=\"wp-block-image size-full\"><a href=\"https:\/\/ilgiardinodeitarocchi.it\/\"><img loading=\"lazy\" decoding=\"async\" width=\"1024\" height=\"768\" src=\"https:\/\/www.rossettiartecontemporanea.it\/wp-content\/uploads\/2024\/08\/niki-de-saint.jpg\" alt=\"view of the tarot garden \" class=\"wp-image-47587\" srcset=\"https:\/\/www.rossettiartecontemporanea.it\/wp-content\/uploads\/2024\/08\/niki-de-saint.jpg 1024w, https:\/\/www.rossettiartecontemporanea.it\/wp-content\/uploads\/2024\/08\/niki-de-saint-300x225.jpg 300w, https:\/\/www.rossettiartecontemporanea.it\/wp-content\/uploads\/2024\/08\/niki-de-saint-768x576.jpg 768w, https:\/\/www.rossettiartecontemporanea.it\/wp-content\/uploads\/2024\/08\/niki-de-saint-370x278.jpg 370w, https:\/\/www.rossettiartecontemporanea.it\/wp-content\/uploads\/2024\/08\/niki-de-saint-840x630.jpg 840w, https:\/\/www.rossettiartecontemporanea.it\/wp-content\/uploads\/2024\/08\/niki-de-saint-410x308.jpg 410w\" sizes=\"(max-width: 1024px) 100vw, 1024px\" \/><\/a><\/figure>\n\n<p id=\"caption-attachment-53287\">We are still in Tuscany, in the hills of Grosseto, in another fascinating and unmissable place for an art lover. We are in the Tarot Garden, a colorful architectural marvel conceived by the visionary mind of French-American artist Niki de Saint Phalle.  <\/p>\n\n<p>Following the inspiration she had during a visit to Antoni Gaud\u00ed&#8217;s Parque Guell in Barcelona, then reinforced by a visit to the garden of Bomarzo, Niki de Saint Phalle began the construction of the Tarot Garden in 1979. Identifying the Garden as the magical and spiritual dream of her life, Niki de Saint Phalle dedicated herself to the construction of the twenty-two imposing steel and concrete figures covered in glass, mirrors and colored ceramics for more than seventeen years, flanked in addition to several skilled workers, by a team of famous names in art such as Rico Weber, Sepp Imhof, Isabelle Le Jeune, Marina Karella and her husband Jean Tinguely, No guided tours are given in the Tarot Garden because it is the artist&#8217;s wish to leave it to the interpretation of visitors.<\/p>\n\n<figure class=\"wp-block-gallery has-nested-images columns-default is-cropped wp-block-gallery-3 is-layout-flex wp-block-gallery-is-layout-flex\">\n<figure class=\"wp-block-image size-large\"><img loading=\"lazy\" decoding=\"async\" width=\"768\" height=\"1024\" data-id=\"47599\" src=\"https:\/\/www.rossettiartecontemporanea.it\/wp-content\/uploads\/2024\/08\/unnamed-1-768x1024.jpg\" alt=\"\" class=\"wp-image-47599\" srcset=\"https:\/\/www.rossettiartecontemporanea.it\/wp-content\/uploads\/2024\/08\/unnamed-1-768x1024.jpg 768w, https:\/\/www.rossettiartecontemporanea.it\/wp-content\/uploads\/2024\/08\/unnamed-1-225x300.jpg 225w, https:\/\/www.rossettiartecontemporanea.it\/wp-content\/uploads\/2024\/08\/unnamed-1-1152x1536.jpg 1152w, https:\/\/www.rossettiartecontemporanea.it\/wp-content\/uploads\/2024\/08\/unnamed-1-1536x2048.jpg 1536w, https:\/\/www.rossettiartecontemporanea.it\/wp-content\/uploads\/2024\/08\/unnamed-1-370x493.jpg 370w, https:\/\/www.rossettiartecontemporanea.it\/wp-content\/uploads\/2024\/08\/unnamed-1-840x1120.jpg 840w, https:\/\/www.rossettiartecontemporanea.it\/wp-content\/uploads\/2024\/08\/unnamed-1-410x547.jpg 410w, https:\/\/www.rossettiartecontemporanea.it\/wp-content\/uploads\/2024\/08\/unnamed-1-scaled.jpg 1920w\" sizes=\"(max-width: 768px) 100vw, 768px\" \/><\/figure>\n\n\n\n<figure class=\"wp-block-image size-large\"><img loading=\"lazy\" decoding=\"async\" width=\"768\" height=\"1024\" data-id=\"47601\" src=\"https:\/\/www.rossettiartecontemporanea.it\/wp-content\/uploads\/2024\/08\/unnamed-3-768x1024.jpg\" alt=\"\" class=\"wp-image-47601\" srcset=\"https:\/\/www.rossettiartecontemporanea.it\/wp-content\/uploads\/2024\/08\/unnamed-3-768x1024.jpg 768w, https:\/\/www.rossettiartecontemporanea.it\/wp-content\/uploads\/2024\/08\/unnamed-3-225x300.jpg 225w, https:\/\/www.rossettiartecontemporanea.it\/wp-content\/uploads\/2024\/08\/unnamed-3-1152x1536.jpg 1152w, https:\/\/www.rossettiartecontemporanea.it\/wp-content\/uploads\/2024\/08\/unnamed-3-1536x2048.jpg 1536w, https:\/\/www.rossettiartecontemporanea.it\/wp-content\/uploads\/2024\/08\/unnamed-3-370x493.jpg 370w, https:\/\/www.rossettiartecontemporanea.it\/wp-content\/uploads\/2024\/08\/unnamed-3-840x1120.jpg 840w, https:\/\/www.rossettiartecontemporanea.it\/wp-content\/uploads\/2024\/08\/unnamed-3-410x547.jpg 410w, https:\/\/www.rossettiartecontemporanea.it\/wp-content\/uploads\/2024\/08\/unnamed-3-scaled.jpg 1920w\" sizes=\"(max-width: 768px) 100vw, 768px\" \/><\/figure>\n\n\n\n<figure class=\"wp-block-image size-large\"><img loading=\"lazy\" decoding=\"async\" width=\"768\" height=\"1024\" data-id=\"47597\" src=\"https:\/\/www.rossettiartecontemporanea.it\/wp-content\/uploads\/2024\/08\/unnamed-2-768x1024.jpg\" alt=\"\" class=\"wp-image-47597\" srcset=\"https:\/\/www.rossettiartecontemporanea.it\/wp-content\/uploads\/2024\/08\/unnamed-2-768x1024.jpg 768w, https:\/\/www.rossettiartecontemporanea.it\/wp-content\/uploads\/2024\/08\/unnamed-2-225x300.jpg 225w, https:\/\/www.rossettiartecontemporanea.it\/wp-content\/uploads\/2024\/08\/unnamed-2-1152x1536.jpg 1152w, https:\/\/www.rossettiartecontemporanea.it\/wp-content\/uploads\/2024\/08\/unnamed-2-1536x2048.jpg 1536w, https:\/\/www.rossettiartecontemporanea.it\/wp-content\/uploads\/2024\/08\/unnamed-2-370x493.jpg 370w, https:\/\/www.rossettiartecontemporanea.it\/wp-content\/uploads\/2024\/08\/unnamed-2-840x1120.jpg 840w, https:\/\/www.rossettiartecontemporanea.it\/wp-content\/uploads\/2024\/08\/unnamed-2-410x547.jpg 410w, https:\/\/www.rossettiartecontemporanea.it\/wp-content\/uploads\/2024\/08\/unnamed-2-scaled.jpg 1920w\" sizes=\"(max-width: 768px) 100vw, 768px\" \/><\/figure>\n<\/figure>\n\n<p>Photo credit: Salom\u00e8 Haberling &#8211; The Tarot Garden &#8211; 2024<\/p>\n\n<div class=\"wp-block-buttons is-layout-flex wp-block-buttons-is-layout-flex\">\n<div class=\"wp-block-button\"><a class=\"wp-block-button__link wp-element-button\" href=\"https:\/\/ilgiardinodeitarocchi.it\/\">Discover more<\/a><\/div>\n<\/div>\n\n<hr class=\"wp-block-separator has-alpha-channel-opacity\"\/>\n\n<h3 class=\"wp-block-heading\"><strong>4. Labyrinth of the Masone by Franco Maria Ricci<\/strong><\/h3>\n\n<h3 class=\"wp-block-heading\"><em>Fontanellato &#8211; Parma<\/em><\/h3>\n\n<figure class=\"wp-block-image size-full\"><a href=\"https:\/\/www.labirintodifrancomariaricci.it\/\"><img loading=\"lazy\" decoding=\"async\" width=\"1200\" height=\"750\" src=\"https:\/\/www.rossettiartecontemporanea.it\/wp-content\/uploads\/2024\/09\/Labirinto-drone.webp\" alt=\"\" class=\"wp-image-47646\" srcset=\"https:\/\/www.rossettiartecontemporanea.it\/wp-content\/uploads\/2024\/09\/Labirinto-drone.webp 1200w, https:\/\/www.rossettiartecontemporanea.it\/wp-content\/uploads\/2024\/09\/Labirinto-drone-300x188.webp 300w, https:\/\/www.rossettiartecontemporanea.it\/wp-content\/uploads\/2024\/09\/Labirinto-drone-1024x640.webp 1024w, https:\/\/www.rossettiartecontemporanea.it\/wp-content\/uploads\/2024\/09\/Labirinto-drone-768x480.webp 768w, https:\/\/www.rossettiartecontemporanea.it\/wp-content\/uploads\/2024\/09\/Labirinto-drone-370x231.webp 370w, https:\/\/www.rossettiartecontemporanea.it\/wp-content\/uploads\/2024\/09\/Labirinto-drone-840x525.webp 840w, https:\/\/www.rossettiartecontemporanea.it\/wp-content\/uploads\/2024\/09\/Labirinto-drone-410x256.webp 410w\" sizes=\"(max-width: 1200px) 100vw, 1200px\" \/><\/a><\/figure>\n\n<p>It is not strictly an art park like the previous ones mentioned, but it is definitely a park where a great art lover would want to get lost: we are talking about the largest existing labyrinth in the world, composed entirely of bamboo plants, at the center of which is an impressive art collection. The founder, Franco Maria Ricci, a collector, refined bibliophile and publisher, was a friend of Luis Borges, the Argentine writer who used the labyrinthine figure to reveal an existence in continuous unpredictable determination: to understand the labyrinth is to reflect on the complexity of the world, on the tangles of good and evil, life and death, and of the implacable loneliness in the face of crucial choices.<\/p>\n\n<p>At the center, we find the splendid art collection arranged over five thousand square meters: there are about five hundred works spanning five centuries of art history, from the 16th to the 20th centuries, from the great sculpture of the 17th century to neoclassical sculpture, busts from the Napoleonic era, no shortage of Mannerists, nor artists related to the golden years of the Duchy of Parma, as well as 19th-century painting, among which Hayez stands out, and numerous 20th-century works by Wildt, Ligabue, and Savinio.<\/p>\n\n<figure class=\"wp-block-gallery has-nested-images columns-default is-cropped wp-block-gallery-4 is-layout-flex wp-block-gallery-is-layout-flex\">\n<figure class=\"wp-block-image size-large\"><a href=\"https:\/\/www.labirintodifrancomariaricci.it\/\"><img loading=\"lazy\" decoding=\"async\" width=\"936\" height=\"1024\" data-id=\"47650\" src=\"https:\/\/www.rossettiartecontemporanea.it\/wp-content\/uploads\/2024\/09\/Interno_1-scaled-1-936x1024.jpg\" alt=\"\" class=\"wp-image-47650\" srcset=\"https:\/\/www.rossettiartecontemporanea.it\/wp-content\/uploads\/2024\/09\/Interno_1-scaled-1-936x1024.jpg 936w, https:\/\/www.rossettiartecontemporanea.it\/wp-content\/uploads\/2024\/09\/Interno_1-scaled-1-274x300.jpg 274w, https:\/\/www.rossettiartecontemporanea.it\/wp-content\/uploads\/2024\/09\/Interno_1-scaled-1-768x840.jpg 768w, https:\/\/www.rossettiartecontemporanea.it\/wp-content\/uploads\/2024\/09\/Interno_1-scaled-1-1405x1536.jpg 1405w, https:\/\/www.rossettiartecontemporanea.it\/wp-content\/uploads\/2024\/09\/Interno_1-scaled-1-1873x2048.jpg 1873w, https:\/\/www.rossettiartecontemporanea.it\/wp-content\/uploads\/2024\/09\/Interno_1-scaled-1-370x405.jpg 370w, https:\/\/www.rossettiartecontemporanea.it\/wp-content\/uploads\/2024\/09\/Interno_1-scaled-1-840x919.jpg 840w, https:\/\/www.rossettiartecontemporanea.it\/wp-content\/uploads\/2024\/09\/Interno_1-scaled-1-410x448.jpg 410w\" sizes=\"(max-width: 936px) 100vw, 936px\" \/><\/a><\/figure>\n\n\n\n<figure class=\"wp-block-image size-large\"><a href=\"https:\/\/www.labirintodifrancomariaricci.it\/\"><img loading=\"lazy\" decoding=\"async\" width=\"1024\" height=\"1003\" data-id=\"47648\" src=\"https:\/\/www.rossettiartecontemporanea.it\/wp-content\/uploads\/2024\/09\/04-1024x1003.jpg\" alt=\"\" class=\"wp-image-47648\" srcset=\"https:\/\/www.rossettiartecontemporanea.it\/wp-content\/uploads\/2024\/09\/04-1024x1003.jpg 1024w, https:\/\/www.rossettiartecontemporanea.it\/wp-content\/uploads\/2024\/09\/04-300x294.jpg 300w, https:\/\/www.rossettiartecontemporanea.it\/wp-content\/uploads\/2024\/09\/04-768x752.jpg 768w, https:\/\/www.rossettiartecontemporanea.it\/wp-content\/uploads\/2024\/09\/04-1536x1505.jpg 1536w, https:\/\/www.rossettiartecontemporanea.it\/wp-content\/uploads\/2024\/09\/04-370x362.jpg 370w, https:\/\/www.rossettiartecontemporanea.it\/wp-content\/uploads\/2024\/09\/04-840x823.jpg 840w, https:\/\/www.rossettiartecontemporanea.it\/wp-content\/uploads\/2024\/09\/04-410x402.jpg 410w, https:\/\/www.rossettiartecontemporanea.it\/wp-content\/uploads\/2024\/09\/04.jpg 1772w\" sizes=\"(max-width: 1024px) 100vw, 1024px\" \/><\/a><\/figure>\n\n\n\n<figure class=\"wp-block-image size-large\"><a href=\"https:\/\/www.labirintodifrancomariaricci.it\/\"><img loading=\"lazy\" decoding=\"async\" width=\"1024\" height=\"882\" data-id=\"47651\" src=\"https:\/\/www.rossettiartecontemporanea.it\/wp-content\/uploads\/2024\/09\/Home_01_bambu-1024x882.jpg\" alt=\"\" class=\"wp-image-47651\" srcset=\"https:\/\/www.rossettiartecontemporanea.it\/wp-content\/uploads\/2024\/09\/Home_01_bambu-1024x882.jpg 1024w, https:\/\/www.rossettiartecontemporanea.it\/wp-content\/uploads\/2024\/09\/Home_01_bambu-300x258.jpg 300w, https:\/\/www.rossettiartecontemporanea.it\/wp-content\/uploads\/2024\/09\/Home_01_bambu-768x662.jpg 768w, https:\/\/www.rossettiartecontemporanea.it\/wp-content\/uploads\/2024\/09\/Home_01_bambu-1536x1323.jpg 1536w, https:\/\/www.rossettiartecontemporanea.it\/wp-content\/uploads\/2024\/09\/Home_01_bambu-370x319.jpg 370w, https:\/\/www.rossettiartecontemporanea.it\/wp-content\/uploads\/2024\/09\/Home_01_bambu-840x724.jpg 840w, https:\/\/www.rossettiartecontemporanea.it\/wp-content\/uploads\/2024\/09\/Home_01_bambu-410x353.jpg 410w, https:\/\/www.rossettiartecontemporanea.it\/wp-content\/uploads\/2024\/09\/Home_01_bambu.jpg 2000w\" sizes=\"(max-width: 1024px) 100vw, 1024px\" \/><\/a><\/figure>\n<\/figure>\n\n<div class=\"wp-block-buttons is-layout-flex wp-block-buttons-is-layout-flex\">\n<div class=\"wp-block-button\"><a class=\"wp-block-button__link wp-element-button\" href=\"https:\/\/www.labirintodifrancomariaricci.it\/\">Discover more<\/a><\/div>\n<\/div>\n\n<hr class=\"wp-block-separator has-alpha-channel-opacity\"\/>\n\n<h3 class=\"wp-block-heading\"><strong>5. Arte Sella. The contemporary mountain<\/strong><\/h3>\n\n<h3 class=\"wp-block-heading\"><em>Borgo Valsugana &#8211; Trento<\/em><\/h3>\n\n<figure class=\"wp-block-image size-full\"><a href=\"https:\/\/www.artesella.it\/it\/\"><img loading=\"lazy\" decoding=\"async\" width=\"620\" height=\"388\" src=\"https:\/\/www.rossettiartecontemporanea.it\/wp-content\/uploads\/2024\/08\/Henrique-Oliveira-Radice-comune-photo-Giacomo-Bianchi.-Copyright-Arte-Sella-620x388-1.jpg\" alt=\"\" class=\"wp-image-47593\" srcset=\"https:\/\/www.rossettiartecontemporanea.it\/wp-content\/uploads\/2024\/08\/Henrique-Oliveira-Radice-comune-photo-Giacomo-Bianchi.-Copyright-Arte-Sella-620x388-1.jpg 620w, https:\/\/www.rossettiartecontemporanea.it\/wp-content\/uploads\/2024\/08\/Henrique-Oliveira-Radice-comune-photo-Giacomo-Bianchi.-Copyright-Arte-Sella-620x388-1-300x188.jpg 300w, https:\/\/www.rossettiartecontemporanea.it\/wp-content\/uploads\/2024\/08\/Henrique-Oliveira-Radice-comune-photo-Giacomo-Bianchi.-Copyright-Arte-Sella-620x388-1-370x232.jpg 370w, https:\/\/www.rossettiartecontemporanea.it\/wp-content\/uploads\/2024\/08\/Henrique-Oliveira-Radice-comune-photo-Giacomo-Bianchi.-Copyright-Arte-Sella-620x388-1-410x257.jpg 410w\" sizes=\"(max-width: 620px) 100vw, 620px\" \/><\/a><\/figure>\n\n<p>It all started in 1986, when three friends from Borgo Valsugana decided to conceive and launch the Arte Sella project involving artists capable of confronting nature and the use of organic materials. So for years masters from all over the world have been giving birth to projects that manage to blend into the ecosystem. <\/p>\n\n<p>Inoltre, molte attivit\u00e0 espositive si svolgono a &#8220;Malga Costa&#8221;, un edificio rurale isolato collocato nella parte conclusiva della valle. La malga, un tempo privata ed utilizzata per l&#8217;allevamento di\u00a0bovini\u00a0e per la produzione di prodotti caseari, \u00e8 ora di propriet\u00e0 comunale ed ospita gli artisti coinvolti nell&#8217;attivit\u00e0 della manifestazioni, oltre a mostre ed a servizi per i visitatori. Infine, non resta che immergersi nel bosco per scrutare, in un raro itinerario, come rami, tronchi, sassi diventino arte.<\/p>\n\n<figure class=\"wp-block-gallery has-nested-images columns-default is-cropped wp-block-gallery-5 is-layout-flex wp-block-gallery-is-layout-flex\">\n<figure class=\"wp-block-image size-large\"><a href=\"https:\/\/www.artesella.it\/it\/\"><img loading=\"lazy\" decoding=\"async\" width=\"576\" height=\"1024\" data-id=\"47627\" src=\"https:\/\/www.rossettiartecontemporanea.it\/wp-content\/uploads\/2024\/08\/senza-titolo-169-arte-sella-576x1024-1.webp\" alt=\"\" class=\"wp-image-47627\" srcset=\"https:\/\/www.rossettiartecontemporanea.it\/wp-content\/uploads\/2024\/08\/senza-titolo-169-arte-sella-576x1024-1.webp 576w, https:\/\/www.rossettiartecontemporanea.it\/wp-content\/uploads\/2024\/08\/senza-titolo-169-arte-sella-576x1024-1-169x300.webp 169w, https:\/\/www.rossettiartecontemporanea.it\/wp-content\/uploads\/2024\/08\/senza-titolo-169-arte-sella-576x1024-1-370x658.webp 370w, https:\/\/www.rossettiartecontemporanea.it\/wp-content\/uploads\/2024\/08\/senza-titolo-169-arte-sella-576x1024-1-410x729.webp 410w\" sizes=\"(max-width: 600px) 100vw, 576px\" \/><\/a><\/figure>\n\n\n\n<figure class=\"wp-block-image size-large\"><a href=\"https:\/\/www.artesella.it\/it\/\"><img loading=\"lazy\" decoding=\"async\" width=\"800\" height=\"1000\" data-id=\"47626\" src=\"https:\/\/www.rossettiartecontemporanea.it\/wp-content\/uploads\/2024\/08\/arte-sella-autunno-alberto-libardoni-2.jpg.webp\" alt=\"\" class=\"wp-image-47626\" srcset=\"https:\/\/www.rossettiartecontemporanea.it\/wp-content\/uploads\/2024\/08\/arte-sella-autunno-alberto-libardoni-2.jpg.webp 800w, https:\/\/www.rossettiartecontemporanea.it\/wp-content\/uploads\/2024\/08\/arte-sella-autunno-alberto-libardoni-2.jpg-240x300.webp 240w, https:\/\/www.rossettiartecontemporanea.it\/wp-content\/uploads\/2024\/08\/arte-sella-autunno-alberto-libardoni-2.jpg-768x960.webp 768w, https:\/\/www.rossettiartecontemporanea.it\/wp-content\/uploads\/2024\/08\/arte-sella-autunno-alberto-libardoni-2.jpg-370x463.webp 370w, https:\/\/www.rossettiartecontemporanea.it\/wp-content\/uploads\/2024\/08\/arte-sella-autunno-alberto-libardoni-2.jpg-410x513.webp 410w\" sizes=\"(max-width: 800px) 100vw, 800px\" \/><\/a><\/figure>\n\n\n\n<figure class=\"wp-block-image size-large\"><a href=\"https:\/\/www.artesella.it\/it\/\"><img loading=\"lazy\" decoding=\"async\" width=\"600\" height=\"600\" data-id=\"47630\" src=\"https:\/\/www.rossettiartecontemporanea.it\/wp-content\/uploads\/2024\/08\/wownature-prev-artesella.jpg\" alt=\"\" class=\"wp-image-47630\" srcset=\"https:\/\/www.rossettiartecontemporanea.it\/wp-content\/uploads\/2024\/08\/wownature-prev-artesella.jpg 600w, https:\/\/www.rossettiartecontemporanea.it\/wp-content\/uploads\/2024\/08\/wownature-prev-artesella-300x300.jpg 300w, https:\/\/www.rossettiartecontemporanea.it\/wp-content\/uploads\/2024\/08\/wownature-prev-artesella-150x150.jpg 150w, https:\/\/www.rossettiartecontemporanea.it\/wp-content\/uploads\/2024\/08\/wownature-prev-artesella-370x370.jpg 370w, https:\/\/www.rossettiartecontemporanea.it\/wp-content\/uploads\/2024\/08\/wownature-prev-artesella-120x120.jpg 120w, https:\/\/www.rossettiartecontemporanea.it\/wp-content\/uploads\/2024\/08\/wownature-prev-artesella-410x410.jpg 410w\" sizes=\"(max-width: 600px) 100vw, 600px\" \/><\/a><\/figure>\n<\/figure>\n\n<div class=\"wp-block-buttons is-layout-flex wp-block-buttons-is-layout-flex\">\n<div class=\"wp-block-button\"><a class=\"wp-block-button__link wp-element-button\" href=\"https:\/\/www.artesella.it\/it\/\">Discover more<\/a><\/div>\n<\/div>\n\n<h3 class=\"wp-block-heading\"><\/h3>\n\n<p>Did you like the art parks in Italy that we selected? <\/p>\n\n<p>To receive our advice every month, sign up for our<a href=\"https:\/\/www.rossettiartecontemporanea.it\/en\/contacts\/\"> Newsletter<\/a>!<\/p>\n","protected":false},"excerpt":{"rendered":"<p>Rossetti Gallery tips: here are the some of the art parks in Italy where we prefer to go in our free time. To receive our advice every month, sign up&hellip;<\/p>\n","protected":false},"author":4,"featured_media":47604,"comment_status":"closed","ping_status":"closed","sticky":false,"template":"","format":"standard","meta":{"_acf_changed":false,"footnotes":""},"categories":[405],"tags":[],"class_list":["post-47656","post","type-post","status-publish","format-standard","has-post-thumbnail","hentry","category-art-stories"],"acf":[],"yoast_head":"<!-- This site is optimized with the Yoast SEO plugin v25.1 - https:\/\/yoast.com\/wordpress\/plugins\/seo\/ -->\n<title>5 art parks in Italy<\/title>\n<meta name=\"description\" content=\"Rossetti Gallery tips: here are the some of the art parks in Italy where we prefer to go in our free time\" \/>\n<meta name=\"robots\" content=\"index, follow, max-snippet:-1, max-image-preview:large, max-video-preview:-1\" \/>\n<link rel=\"canonical\" href=\"https:\/\/www.rossettiartecontemporanea.it\/en\/5-art-parks-in-italy-you-cant-miss\/\" \/>\n<meta property=\"og:locale\" content=\"en_US\" \/>\n<meta property=\"og:type\" content=\"article\" \/>\n<meta property=\"og:title\" content=\"5 art parks in Italy\" \/>\n<meta property=\"og:description\" content=\"Rossetti Gallery tips: here are the some of the art parks in Italy where we prefer to go in our free time\" \/>\n<meta property=\"og:url\" content=\"https:\/\/www.rossettiartecontemporanea.it\/en\/5-art-parks-in-italy-you-cant-miss\/\" \/>\n<meta property=\"og:site_name\" content=\"ROSSETTI arte contemporanea\" \/>\n<meta property=\"article:publisher\" content=\"https:\/\/www.facebook.com\/studio.rossetti.artecontemporanea\" \/>\n<meta property=\"article:published_time\" content=\"2024-08-30T15:01:23+00:00\" \/>\n<meta property=\"article:modified_time\" content=\"2024-09-05T17:07:40+00:00\" \/>\n<meta property=\"og:image\" content=\"https:\/\/www.rossettiartecontemporanea.it\/wp-content\/uploads\/2024\/08\/fattoria_celle_Alberto-Burri-Grande-Ferro-Celle-1986-Foto-Aurelio-Amendola.jpg\" \/>\n\t<meta property=\"og:image:width\" content=\"2362\" \/>\n\t<meta property=\"og:image:height\" content=\"1503\" \/>\n\t<meta property=\"og:image:type\" content=\"image\/jpeg\" \/>\n<meta name=\"author\" content=\"Annalisa Ramos\" \/>\n<meta name=\"twitter:card\" content=\"summary_large_image\" \/>\n<meta name=\"twitter:label1\" content=\"Written by\" \/>\n\t<meta name=\"twitter:data1\" content=\"Annalisa Ramos\" \/>\n\t<meta name=\"twitter:label2\" content=\"Est. reading time\" \/>\n\t<meta name=\"twitter:data2\" content=\"5 minutes\" \/>\n<script type=\"application\/ld+json\" class=\"yoast-schema-graph\">{\"@context\":\"https:\/\/schema.org\",\"@graph\":[{\"@type\":\"Article\",\"@id\":\"https:\/\/www.rossettiartecontemporanea.it\/en\/5-art-parks-in-italy-you-cant-miss\/#article\",\"isPartOf\":{\"@id\":\"https:\/\/www.rossettiartecontemporanea.it\/en\/5-art-parks-in-italy-you-cant-miss\/\"},\"author\":{\"name\":\"Annalisa Ramos\",\"@id\":\"https:\/\/www.rossettiartecontemporanea.it\/en\/#\/schema\/person\/40a2efdeb13bd551571ac5ea8890ba95\"},\"headline\":\"5 art parks in Italy you can&#8217;t miss\",\"datePublished\":\"2024-08-30T15:01:23+00:00\",\"dateModified\":\"2024-09-05T17:07:40+00:00\",\"mainEntityOfPage\":{\"@id\":\"https:\/\/www.rossettiartecontemporanea.it\/en\/5-art-parks-in-italy-you-cant-miss\/\"},\"wordCount\":985,\"publisher\":{\"@id\":\"https:\/\/www.rossettiartecontemporanea.it\/en\/#organization\"},\"image\":{\"@id\":\"https:\/\/www.rossettiartecontemporanea.it\/en\/5-art-parks-in-italy-you-cant-miss\/#primaryimage\"},\"thumbnailUrl\":\"https:\/\/www.rossettiartecontemporanea.it\/wp-content\/uploads\/2024\/08\/fattoria_celle_Alberto-Burri-Grande-Ferro-Celle-1986-Foto-Aurelio-Amendola.jpg\",\"articleSection\":[\"Art Stories\"],\"inLanguage\":\"en-US\"},{\"@type\":\"WebPage\",\"@id\":\"https:\/\/www.rossettiartecontemporanea.it\/en\/5-art-parks-in-italy-you-cant-miss\/\",\"url\":\"https:\/\/www.rossettiartecontemporanea.it\/en\/5-art-parks-in-italy-you-cant-miss\/\",\"name\":\"5 art parks in Italy\",\"isPartOf\":{\"@id\":\"https:\/\/www.rossettiartecontemporanea.it\/en\/#website\"},\"primaryImageOfPage\":{\"@id\":\"https:\/\/www.rossettiartecontemporanea.it\/en\/5-art-parks-in-italy-you-cant-miss\/#primaryimage\"},\"image\":{\"@id\":\"https:\/\/www.rossettiartecontemporanea.it\/en\/5-art-parks-in-italy-you-cant-miss\/#primaryimage\"},\"thumbnailUrl\":\"https:\/\/www.rossettiartecontemporanea.it\/wp-content\/uploads\/2024\/08\/fattoria_celle_Alberto-Burri-Grande-Ferro-Celle-1986-Foto-Aurelio-Amendola.jpg\",\"datePublished\":\"2024-08-30T15:01:23+00:00\",\"dateModified\":\"2024-09-05T17:07:40+00:00\",\"description\":\"Rossetti Gallery tips: here are the some of the art parks in Italy where we prefer to go in our free time\",\"breadcrumb\":{\"@id\":\"https:\/\/www.rossettiartecontemporanea.it\/en\/5-art-parks-in-italy-you-cant-miss\/#breadcrumb\"},\"inLanguage\":\"en-US\",\"potentialAction\":[{\"@type\":\"ReadAction\",\"target\":[\"https:\/\/www.rossettiartecontemporanea.it\/en\/5-art-parks-in-italy-you-cant-miss\/\"]}]},{\"@type\":\"ImageObject\",\"inLanguage\":\"en-US\",\"@id\":\"https:\/\/www.rossettiartecontemporanea.it\/en\/5-art-parks-in-italy-you-cant-miss\/#primaryimage\",\"url\":\"https:\/\/www.rossettiartecontemporanea.it\/wp-content\/uploads\/2024\/08\/fattoria_celle_Alberto-Burri-Grande-Ferro-Celle-1986-Foto-Aurelio-Amendola.jpg\",\"contentUrl\":\"https:\/\/www.rossettiartecontemporanea.it\/wp-content\/uploads\/2024\/08\/fattoria_celle_Alberto-Burri-Grande-Ferro-Celle-1986-Foto-Aurelio-Amendola.jpg\",\"width\":2362,\"height\":1503},{\"@type\":\"BreadcrumbList\",\"@id\":\"https:\/\/www.rossettiartecontemporanea.it\/en\/5-art-parks-in-italy-you-cant-miss\/#breadcrumb\",\"itemListElement\":[{\"@type\":\"ListItem\",\"position\":1,\"name\":\"Home\",\"item\":\"https:\/\/www.rossettiartecontemporanea.it\/en\/\"},{\"@type\":\"ListItem\",\"position\":2,\"name\":\"5 art parks in Italy you can&#8217;t miss\"}]},{\"@type\":\"WebSite\",\"@id\":\"https:\/\/www.rossettiartecontemporanea.it\/en\/#website\",\"url\":\"https:\/\/www.rossettiartecontemporanea.it\/en\/\",\"name\":\"Rossetti Arte Contemporanea\",\"description\":\"\",\"publisher\":{\"@id\":\"https:\/\/www.rossettiartecontemporanea.it\/en\/#organization\"},\"potentialAction\":[{\"@type\":\"SearchAction\",\"target\":{\"@type\":\"EntryPoint\",\"urlTemplate\":\"https:\/\/www.rossettiartecontemporanea.it\/en\/?s={search_term_string}\"},\"query-input\":{\"@type\":\"PropertyValueSpecification\",\"valueRequired\":true,\"valueName\":\"search_term_string\"}}],\"inLanguage\":\"en-US\"},{\"@type\":\"Organization\",\"@id\":\"https:\/\/www.rossettiartecontemporanea.it\/en\/#organization\",\"name\":\"Rossetti Arte Contemporanea\",\"url\":\"https:\/\/www.rossettiartecontemporanea.it\/en\/\",\"logo\":{\"@type\":\"ImageObject\",\"inLanguage\":\"en-US\",\"@id\":\"https:\/\/www.rossettiartecontemporanea.it\/en\/#\/schema\/logo\/image\/\",\"url\":\"https:\/\/www.rossettiartecontemporanea.it\/wp-content\/uploads\/2024\/02\/logo-Rossetti-Arte-Contemporanea-black-2x-1.png\",\"contentUrl\":\"https:\/\/www.rossettiartecontemporanea.it\/wp-content\/uploads\/2024\/02\/logo-Rossetti-Arte-Contemporanea-black-2x-1.png\",\"width\":611,\"height\":368,\"caption\":\"Rossetti Arte Contemporanea\"},\"image\":{\"@id\":\"https:\/\/www.rossettiartecontemporanea.it\/en\/#\/schema\/logo\/image\/\"},\"sameAs\":[\"https:\/\/www.facebook.com\/studio.rossetti.artecontemporanea\",\"https:\/\/www.instagram.com\/studio_rossetti\/\",\"https:\/\/www.youtube.com\/channel\/UC94tFj8zg6UV94quz_ysdgw\"]},{\"@type\":\"Person\",\"@id\":\"https:\/\/www.rossettiartecontemporanea.it\/en\/#\/schema\/person\/40a2efdeb13bd551571ac5ea8890ba95\",\"name\":\"Annalisa Ramos\"}]}<\/script>\n<!-- \/ Yoast SEO plugin. -->","yoast_head_json":{"title":"5 art parks in Italy","description":"Rossetti Gallery tips: here are the some of the art parks in Italy where we prefer to go in our free time","robots":{"index":"index","follow":"follow","max-snippet":"max-snippet:-1","max-image-preview":"max-image-preview:large","max-video-preview":"max-video-preview:-1"},"canonical":"https:\/\/www.rossettiartecontemporanea.it\/en\/5-art-parks-in-italy-you-cant-miss\/","og_locale":"en_US","og_type":"article","og_title":"5 art parks in Italy","og_description":"Rossetti Gallery tips: here are the some of the art parks in Italy where we prefer to go in our free time","og_url":"https:\/\/www.rossettiartecontemporanea.it\/en\/5-art-parks-in-italy-you-cant-miss\/","og_site_name":"ROSSETTI arte contemporanea","article_publisher":"https:\/\/www.facebook.com\/studio.rossetti.artecontemporanea","article_published_time":"2024-08-30T15:01:23+00:00","article_modified_time":"2024-09-05T17:07:40+00:00","og_image":[{"width":2362,"height":1503,"url":"https:\/\/www.rossettiartecontemporanea.it\/wp-content\/uploads\/2024\/08\/fattoria_celle_Alberto-Burri-Grande-Ferro-Celle-1986-Foto-Aurelio-Amendola.jpg","type":"image\/jpeg"}],"author":"Annalisa Ramos","twitter_card":"summary_large_image","twitter_misc":{"Written by":"Annalisa Ramos","Est. reading time":"5 minutes"},"schema":{"@context":"https:\/\/schema.org","@graph":[{"@type":"Article","@id":"https:\/\/www.rossettiartecontemporanea.it\/en\/5-art-parks-in-italy-you-cant-miss\/#article","isPartOf":{"@id":"https:\/\/www.rossettiartecontemporanea.it\/en\/5-art-parks-in-italy-you-cant-miss\/"},"author":{"name":"Annalisa Ramos","@id":"https:\/\/www.rossettiartecontemporanea.it\/en\/#\/schema\/person\/40a2efdeb13bd551571ac5ea8890ba95"},"headline":"5 art parks in Italy you can&#8217;t miss","datePublished":"2024-08-30T15:01:23+00:00","dateModified":"2024-09-05T17:07:40+00:00","mainEntityOfPage":{"@id":"https:\/\/www.rossettiartecontemporanea.it\/en\/5-art-parks-in-italy-you-cant-miss\/"},"wordCount":985,"publisher":{"@id":"https:\/\/www.rossettiartecontemporanea.it\/en\/#organization"},"image":{"@id":"https:\/\/www.rossettiartecontemporanea.it\/en\/5-art-parks-in-italy-you-cant-miss\/#primaryimage"},"thumbnailUrl":"https:\/\/www.rossettiartecontemporanea.it\/wp-content\/uploads\/2024\/08\/fattoria_celle_Alberto-Burri-Grande-Ferro-Celle-1986-Foto-Aurelio-Amendola.jpg","articleSection":["Art Stories"],"inLanguage":"en-US"},{"@type":"WebPage","@id":"https:\/\/www.rossettiartecontemporanea.it\/en\/5-art-parks-in-italy-you-cant-miss\/","url":"https:\/\/www.rossettiartecontemporanea.it\/en\/5-art-parks-in-italy-you-cant-miss\/","name":"5 art parks in Italy","isPartOf":{"@id":"https:\/\/www.rossettiartecontemporanea.it\/en\/#website"},"primaryImageOfPage":{"@id":"https:\/\/www.rossettiartecontemporanea.it\/en\/5-art-parks-in-italy-you-cant-miss\/#primaryimage"},"image":{"@id":"https:\/\/www.rossettiartecontemporanea.it\/en\/5-art-parks-in-italy-you-cant-miss\/#primaryimage"},"thumbnailUrl":"https:\/\/www.rossettiartecontemporanea.it\/wp-content\/uploads\/2024\/08\/fattoria_celle_Alberto-Burri-Grande-Ferro-Celle-1986-Foto-Aurelio-Amendola.jpg","datePublished":"2024-08-30T15:01:23+00:00","dateModified":"2024-09-05T17:07:40+00:00","description":"Rossetti Gallery tips: here are the some of the art parks in Italy where we prefer to go in our free time","breadcrumb":{"@id":"https:\/\/www.rossettiartecontemporanea.it\/en\/5-art-parks-in-italy-you-cant-miss\/#breadcrumb"},"inLanguage":"en-US","potentialAction":[{"@type":"ReadAction","target":["https:\/\/www.rossettiartecontemporanea.it\/en\/5-art-parks-in-italy-you-cant-miss\/"]}]},{"@type":"ImageObject","inLanguage":"en-US","@id":"https:\/\/www.rossettiartecontemporanea.it\/en\/5-art-parks-in-italy-you-cant-miss\/#primaryimage","url":"https:\/\/www.rossettiartecontemporanea.it\/wp-content\/uploads\/2024\/08\/fattoria_celle_Alberto-Burri-Grande-Ferro-Celle-1986-Foto-Aurelio-Amendola.jpg","contentUrl":"https:\/\/www.rossettiartecontemporanea.it\/wp-content\/uploads\/2024\/08\/fattoria_celle_Alberto-Burri-Grande-Ferro-Celle-1986-Foto-Aurelio-Amendola.jpg","width":2362,"height":1503},{"@type":"BreadcrumbList","@id":"https:\/\/www.rossettiartecontemporanea.it\/en\/5-art-parks-in-italy-you-cant-miss\/#breadcrumb","itemListElement":[{"@type":"ListItem","position":1,"name":"Home","item":"https:\/\/www.rossettiartecontemporanea.it\/en\/"},{"@type":"ListItem","position":2,"name":"5 art parks in Italy you can&#8217;t miss"}]},{"@type":"WebSite","@id":"https:\/\/www.rossettiartecontemporanea.it\/en\/#website","url":"https:\/\/www.rossettiartecontemporanea.it\/en\/","name":"Rossetti Arte Contemporanea","description":"","publisher":{"@id":"https:\/\/www.rossettiartecontemporanea.it\/en\/#organization"},"potentialAction":[{"@type":"SearchAction","target":{"@type":"EntryPoint","urlTemplate":"https:\/\/www.rossettiartecontemporanea.it\/en\/?s={search_term_string}"},"query-input":{"@type":"PropertyValueSpecification","valueRequired":true,"valueName":"search_term_string"}}],"inLanguage":"en-US"},{"@type":"Organization","@id":"https:\/\/www.rossettiartecontemporanea.it\/en\/#organization","name":"Rossetti Arte Contemporanea","url":"https:\/\/www.rossettiartecontemporanea.it\/en\/","logo":{"@type":"ImageObject","inLanguage":"en-US","@id":"https:\/\/www.rossettiartecontemporanea.it\/en\/#\/schema\/logo\/image\/","url":"https:\/\/www.rossettiartecontemporanea.it\/wp-content\/uploads\/2024\/02\/logo-Rossetti-Arte-Contemporanea-black-2x-1.png","contentUrl":"https:\/\/www.rossettiartecontemporanea.it\/wp-content\/uploads\/2024\/02\/logo-Rossetti-Arte-Contemporanea-black-2x-1.png","width":611,"height":368,"caption":"Rossetti Arte Contemporanea"},"image":{"@id":"https:\/\/www.rossettiartecontemporanea.it\/en\/#\/schema\/logo\/image\/"},"sameAs":["https:\/\/www.facebook.com\/studio.rossetti.artecontemporanea","https:\/\/www.instagram.com\/studio_rossetti\/","https:\/\/www.youtube.com\/channel\/UC94tFj8zg6UV94quz_ysdgw"]},{"@type":"Person","@id":"https:\/\/www.rossettiartecontemporanea.it\/en\/#\/schema\/person\/40a2efdeb13bd551571ac5ea8890ba95","name":"Annalisa Ramos"}]}},"_links":{"self":[{"href":"https:\/\/www.rossettiartecontemporanea.it\/en\/wp-json\/wp\/v2\/posts\/47656","targetHints":{"allow":["GET"]}}],"collection":[{"href":"https:\/\/www.rossettiartecontemporanea.it\/en\/wp-json\/wp\/v2\/posts"}],"about":[{"href":"https:\/\/www.rossettiartecontemporanea.it\/en\/wp-json\/wp\/v2\/types\/post"}],"author":[{"embeddable":true,"href":"https:\/\/www.rossettiartecontemporanea.it\/en\/wp-json\/wp\/v2\/users\/4"}],"replies":[{"embeddable":true,"href":"https:\/\/www.rossettiartecontemporanea.it\/en\/wp-json\/wp\/v2\/comments?post=47656"}],"version-history":[{"count":2,"href":"https:\/\/www.rossettiartecontemporanea.it\/en\/wp-json\/wp\/v2\/posts\/47656\/revisions"}],"predecessor-version":[{"id":47666,"href":"https:\/\/www.rossettiartecontemporanea.it\/en\/wp-json\/wp\/v2\/posts\/47656\/revisions\/47666"}],"wp:featuredmedia":[{"embeddable":true,"href":"https:\/\/www.rossettiartecontemporanea.it\/en\/wp-json\/wp\/v2\/media\/47604"}],"wp:attachment":[{"href":"https:\/\/www.rossettiartecontemporanea.it\/en\/wp-json\/wp\/v2\/media?parent=47656"}],"wp:term":[{"taxonomy":"category","embeddable":true,"href":"https:\/\/www.rossettiartecontemporanea.it\/en\/wp-json\/wp\/v2\/categories?post=47656"},{"taxonomy":"post_tag","embeddable":true,"href":"https:\/\/www.rossettiartecontemporanea.it\/en\/wp-json\/wp\/v2\/tags?post=47656"}],"curies":[{"name":"wp","href":"https:\/\/api.w.org\/{rel}","templated":true}]}}