{"id":48500,"date":"2024-10-30T17:55:48","date_gmt":"2024-10-30T16:55:48","guid":{"rendered":"https:\/\/www.rossettiartecontemporanea.it\/?p=48500"},"modified":"2024-10-30T17:55:51","modified_gmt":"2024-10-30T16:55:51","slug":"mostra-di-alessandra-gasparini-il-rosso-e-vendicativo","status":"publish","type":"post","link":"https:\/\/www.rossettiartecontemporanea.it\/en\/mostra-di-alessandra-gasparini-il-rosso-e-vendicativo\/","title":{"rendered":"Mostra di Alessandra Gasparini: Il rosso \u00e8 vendicativo"},"content":{"rendered":"\n<p>Testo di Alessandra Redaelli in occasione della mostra di Alessandra Gasparini<\/p>\n\n\n\n<p>Alessandra Gasparini possiede un mondo, dentro, cos\u00ec imponente e cos\u00ec gremito di suggestioni e di immagini che quando sgorga sulla tela vi si distende in narrazioni complesse, impossibili a cogliersi al primo sguardo. Dipinti dalla costruzione lenta, impeccabili nella concatenazione dei nessi logici e tuttavia pregni di un\u2019istintualit\u00e0 che non passa inosservata, di una creativit\u00e0 selvaggia, che \u00e8 poi l\u2019ingrediente dell\u2019incanto. \u201cUn continuo baratto tra la mia mente e il quadro\u201d, cos\u00ec l\u2019artista definisce il processo creativo. <\/p>\n\n\n\n<p>Con un primo progetto mentale e un primo abbozzo volutamente grossolano, poco dettagliato, perch\u00e9 paradossalmente \u00e8 proprio il dettaglio qui a determinare lo spazio del gesto e della libert\u00e0, dell\u2019improvvisazione, del pennello che va seguendo una sua musica interna. E questo lasciarsi andare alla volont\u00e0 della pittura \u00e8 tale da costringerla, qualche volta, ad aggiungere un pezzo di tela, sotto al quadro iniziato. Perch\u00e9 la sua narrazione deve andare avanti e non si pu\u00f2 arrestare. Del resto Gasparini appare proprio cos\u00ec: istinto e ragione, Sturm und Drang e Encyclop\u00e9die. Opposti che si incontrano sulle tele nel dialogo serrato tra la minuzia chirurgica del dettaglio e il gesto astratto, libero, che spesso Gasparini riserva ai bordi. Perch\u00e9 lei si \u00e8 innamorata del disegno da piccola, ma poi ha saputo andare oltre, scegliendo di approfondire l\u2019astrazione per entrare dentro al colore, ma soprattutto per imparare a destrutturare la realt\u00e0, per scompaginare la visione e trovare cos\u00ec la propria voce autentica.<\/p>\n\n\n\n<h2 class=\"wp-block-heading\">Protagonisti della sua pittura sono i bambini.<\/h2>\n\n\n\n<p>Mai scelti a caso, belli di una bellezza niente affatto leziosa ma piuttosto aspra, ruvida; capaci di sguardi che ci costringono a interrogarci. Bambini che non hanno ancora perso la capacit\u00e0 di credere in s\u00e9 tipica dell\u2019infanzia, il senso di onnipotenza che inchioda l\u2019adulto alla relativit\u00e0 delle proprie convinzioni. Non ancora umani, come li definisce l\u2019artista, certamente non ancora addomesticati dalla maschera dell\u2019adultit\u00e0. Bambine, per lo pi\u00f9, ma non necessariamente. <\/p>\n\n\n\n<p>Magari il nostro cervello vuole definirle tali perch\u00e9 indossano abiti gonfi, come la <em>Damarmadillo <\/em>che troneggia su strati di gonne bianche e che da quegli stessi strati \u00e8 schiacciata. Ma non mi pare il dato pi\u00f9 importante. Ci interessa di pi\u00f9 il modo in cui queste creature rideterminano lo spazio, come la Guglielmina di <em>La pittura \u00e8 viva e prende il caff\u00e8<\/em>, dove la protagonista, prozia dell\u2019artista che emerge ieratica da un ritratto di famiglia, spezza le catene e da quel ritratto fugge, frantumandone la superficie con due mani eleganti, ingioiellate, a reggere da un lato una tazzina di caff\u00e8 e dall\u2019altro un ventaglio.<\/p>\n\n\n\n<h2 class=\"wp-block-heading\">E\u2019 l\u2019irrompere dell\u2019impossibile, dell\u2019improbabile, della magia. <\/h2>\n\n\n\n<p>E su tutto una sistematica distribuzione di oggetti che riconosciamo come nostri, patrimonio di memorie condivise che agiscono nel cuore e nella testa come inneschi: le sedie con lo schienale di legno scolpito, la seduta in paglia intrecciata, il copriletto con quello specifico decoro floreale che tutti, almeno una volta, abbiamo scovato nella casa di qualche parente, la palla da salto che si faceva girare intorno alla caviglia, i fiori di loto essiccati o il pavimento di graniglia minuta su cui abbiamo giocato bambini, a pancia in gi\u00f9, seguendo i percorsi della fantasia.<\/p>\n\n\n\n<p>Pur muovendosi all\u2019interno di un alfabeto con cui alla fine, dipinto dopo dipinto, possiamo sentirci di familiarizzare, Gasparini non \u00e8 mai prevedibile, gestendo ogni pezzo come un unicum e scegliendo se occuparne lo spazio fino all\u2019ultimo centimetro o se lasciare ampie zone d\u2019aria \u2013 che non sono mai vuoto. In <em>Madame Cornac<\/em>, la gonna della ragazza \u00e8 un\u2019ipertrofica fioritura scarlatta che invade ogni angolo della tela e che pi\u00f9 che abito si rivela una cavalcatura, e infatti, sotto, emergono i dettagli di un muso di elefante, di un occhio di cavallo e di un coccodrillo. <\/p>\n\n\n\n<p>Una diversa gestione dello spazio caratterizza invece lavori come <em>Amina Irebla Oleic <\/em>(anima, alberi e cielo scritti al contrario), dove la figura \u2013 un\u2019adolescente vestita di un abito dall\u2019apparenza friabile e con un braccio bloccato contro le spine di un fico d\u2019India \u2013 galleggia dentro una foresta impenetrabile, illuminata da bagliori liquidi, mentre ai suoi piedi un cielo nebuloso, capovolto, ospita tre alberi spogli e solitari. O anche <em>Quando sar\u00f2 grande<\/em>, dove la futura pittrice fluttua su una tavolozza verso il proprio destino come su un disco volante.<\/p>\n\n\n\n<p>A volte l\u2019architettura compositiva suggerisce vuoti che in realt\u00e0 si rivelano pienissimi, come nella sinfonia di bianchi della <em>Lettera<\/em>, dove la bambina pi\u00f9 che seduta sul divano appare inscritta nella forma sinuosa della sua bordatura in legno dorato, ieratica santa di fissit\u00e0 bizantina che forse tra poco scomparir\u00e0 al nostro sguardo, proprio come la lettera \u2013 oramai trasparente \u2013 che scivola al suo fianco.<\/p>\n\n\n\n<h2 class=\"wp-block-heading\">Quel movimento immobile di caduta \u00e8 un pezzo di magia in un dipinto che nella sua semplicit\u00e0 appare complessissimo. <\/h2>\n\n\n\n<p>Basta vedere come il pennello delimita la gamba della ragazzina, con il piede definito fino all\u2019ultimo dettaglio e il polpaccio che invece \u00e8 soltanto tratto leggero di bianco. Solo a un ulteriore sguardo si percepisce, celato sotto il vestito, uno spigolo di carta celeste. E allora viene il dubbio che la lettera sia l\u00ec: nascosta come il pi\u00f9 inviolabile dei segreti.<\/p>\n\n\n\n<p>Ed \u00e8 pienissimo \u2013 saturo addirittura \u2013 lo spazio vuoto del dipinto <em>Avevo una sedia<\/em>. E\u2019 uno di quelli per i quali Gasparini si \u00e8 divertita a proseguire la narrazione aggiungendo un pezzo della storia dietro la tela intelaiata. Quando lo fa, dipinge questi frammenti di racconto grossolanamente, volutamente abbozzati eppure densi di dettagli. E\u2019 lo spazio della libert\u00e0, lo sberleffo alla limitatezza dei confini della tela. Qui, alle spalle del dipinto, una ragazzina nuda appare rannicchiata su una seduta che si intuisce in ferro battuto, meditabonda su come usare il grande barattolo di pittura rossa che tiene accanto a s\u00e9. L\u00ec vicino la scritta: \u201cQuando il rosso chiama \u00e8 meglio assecondarlo. Il rosso \u00e8 vendicativo\u201d. <\/p>\n\n\n\n<p>La ragazzina non se lo \u00e8 fatto dire due volte: il dipinto \u00e8 un mare di rosso che ingoia ogni cosa e da cui emerge solo lo schienale della sedia originale, ridotto ora a un intrico di foglie. E poi ecco il viso, l\u2019unica zona del dipinto realizzata a olio sulla vellutata opacit\u00e0 dell\u2019acrilico. Solo in un secondo momento si coglie la consistenza rigida dell\u2019abito e si percepisce la sproporzione dei piedi: enormi, luciferini, capaci di trasformare di colpo quella bambina in un elfo, in una creatura fatata.<\/p>\n\n\n\n<p>Se c\u2019\u00e8 una cosa che Gasparini ha saputo mantenere dell\u2019infanzia \u00e8 la potenza dello stupore. La capacit\u00e0 di incantarsi davanti alla meravigliosa incomprensibilit\u00e0 del reale. Ed \u00e8 questo, alla fine, che ci racconta. Pennellata dopo pennellata. Catturandoci nei suoi labirinti.<\/p>\n\n\n\n<p>Testo critico di Alessandra Redaelli in occasione della mostra di Alessandra Gasparini<\/p>\n\n\n\n<p>Tutte le opere di Alessandra Gasparini: <a href=\"https:\/\/www.rossettiartecontemporanea.it\/artista\/lucchesi-gianni\/\">https:\/\/www.rossettiartecontemporanea.it\/artista\/alessandra-gasparini\/<\/a><\/p>\n\n\n\n<div style=\"height:15px\" aria-hidden=\"true\" class=\"wp-block-spacer\"><\/div>\n\n\n\n<figure class=\"wp-block-gallery alignwide has-nested-images columns-default is-cropped wp-block-gallery-1 is-layout-flex wp-block-gallery-is-layout-flex\">\n<figure class=\"wp-block-image size-full\"><img fetchpriority=\"high\" decoding=\"async\" width=\"2560\" height=\"1681\" data-id=\"47988\" src=\"https:\/\/www.rossettiartecontemporanea.it\/wp-content\/uploads\/2024\/10\/GASPARINI-ALESSANDRA_La-lettera_olio-su-tela_100x150-scaled.jpg\" alt=\"bambina su divano bianco e fogli\" class=\"wp-image-47988\" srcset=\"https:\/\/www.rossettiartecontemporanea.it\/wp-content\/uploads\/2024\/10\/GASPARINI-ALESSANDRA_La-lettera_olio-su-tela_100x150-scaled.jpg 2560w, https:\/\/www.rossettiartecontemporanea.it\/wp-content\/uploads\/2024\/10\/GASPARINI-ALESSANDRA_La-lettera_olio-su-tela_100x150-300x197.jpg 300w, https:\/\/www.rossettiartecontemporanea.it\/wp-content\/uploads\/2024\/10\/GASPARINI-ALESSANDRA_La-lettera_olio-su-tela_100x150-1024x672.jpg 1024w, https:\/\/www.rossettiartecontemporanea.it\/wp-content\/uploads\/2024\/10\/GASPARINI-ALESSANDRA_La-lettera_olio-su-tela_100x150-768x504.jpg 768w, https:\/\/www.rossettiartecontemporanea.it\/wp-content\/uploads\/2024\/10\/GASPARINI-ALESSANDRA_La-lettera_olio-su-tela_100x150-1536x1009.jpg 1536w, https:\/\/www.rossettiartecontemporanea.it\/wp-content\/uploads\/2024\/10\/GASPARINI-ALESSANDRA_La-lettera_olio-su-tela_100x150-2048x1345.jpg 2048w, https:\/\/www.rossettiartecontemporanea.it\/wp-content\/uploads\/2024\/10\/GASPARINI-ALESSANDRA_La-lettera_olio-su-tela_100x150-370x243.jpg 370w, https:\/\/www.rossettiartecontemporanea.it\/wp-content\/uploads\/2024\/10\/GASPARINI-ALESSANDRA_La-lettera_olio-su-tela_100x150-840x552.jpg 840w, https:\/\/www.rossettiartecontemporanea.it\/wp-content\/uploads\/2024\/10\/GASPARINI-ALESSANDRA_La-lettera_olio-su-tela_100x150-410x269.jpg 410w\" sizes=\"(max-width: 2560px) 100vw, 2560px\" \/><\/figure>\n<\/figure>\n\n\n\n<p>&#8220;La lettera&#8221; &#8211; quadro in esposizione alla mostra di Alessandra Gasparini selezionata da Il Corriere della Sera<\/p>\n\n\n\n<p>La mostra di Alessandra Gasparini su Itinerari nell&#8217;arte: https:\/\/www.itinerarinellarte.it\/it\/mostre\/alessandra-gasparini-il-rosso-e-vendicativo-10528<\/p>\n\n\n\n<p><\/p>\n\n\n\n<p><\/p>\n","protected":false},"excerpt":{"rendered":"<p>Testo di Alessandra Redaelli in occasione della mostra di Alessandra Gasparini Alessandra Gasparini possiede un mondo, dentro, cos\u00ec imponente e cos\u00ec gremito di suggestioni e di immagini che quando sgorga&hellip;<\/p>\n","protected":false},"author":4,"featured_media":47997,"comment_status":"closed","ping_status":"open","sticky":false,"template":"","format":"standard","meta":{"_acf_changed":false,"footnotes":""},"categories":[377],"tags":[512,513,373],"class_list":["post-48500","post","type-post","status-publish","format-standard","has-post-thumbnail","hentry","category-critica","tag-alessandra-gasparini","tag-alessandra-redaelli","tag-pittura"],"acf":[],"yoast_head":"<!-- This site is optimized with the Yoast SEO plugin v25.1 - https:\/\/yoast.com\/wordpress\/plugins\/seo\/ -->\n<title>Mostra di Alessandra Gasparini: Il rosso \u00e8 vendicativo - ROSSETTI arte contemporanea<\/title>\n<meta name=\"description\" content=\"Mostra di Alessandra Gasparini. La capacit\u00e0 di incantarsi davanti alla meravigliosa incomprensibilit\u00e0 del reale.\" \/>\n<meta name=\"robots\" content=\"index, follow, max-snippet:-1, max-image-preview:large, max-video-preview:-1\" \/>\n<link rel=\"canonical\" href=\"https:\/\/www.rossettiartecontemporanea.it\/en\/mostra-di-alessandra-gasparini-il-rosso-e-vendicativo\/\" \/>\n<meta property=\"og:locale\" content=\"en_US\" \/>\n<meta property=\"og:type\" content=\"article\" \/>\n<meta property=\"og:title\" content=\"Mostra di Alessandra Gasparini: Il rosso \u00e8 vendicativo - ROSSETTI arte contemporanea\" \/>\n<meta property=\"og:description\" content=\"Mostra di Alessandra Gasparini. La capacit\u00e0 di incantarsi davanti alla meravigliosa incomprensibilit\u00e0 del reale.\" \/>\n<meta property=\"og:url\" content=\"https:\/\/www.rossettiartecontemporanea.it\/en\/mostra-di-alessandra-gasparini-il-rosso-e-vendicativo\/\" \/>\n<meta property=\"og:site_name\" content=\"ROSSETTI arte contemporanea\" \/>\n<meta property=\"article:publisher\" content=\"https:\/\/www.facebook.com\/studio.rossetti.artecontemporanea\" \/>\n<meta property=\"article:published_time\" content=\"2024-10-30T16:55:48+00:00\" \/>\n<meta property=\"article:modified_time\" content=\"2024-10-30T16:55:51+00:00\" \/>\n<meta property=\"og:image\" content=\"https:\/\/www.rossettiartecontemporanea.it\/wp-content\/uploads\/2024\/10\/GASPARINI-ALESSANDRA_Il-favo_olio-su-tela_150x130-scaled.jpg\" \/>\n\t<meta property=\"og:image:width\" content=\"2196\" \/>\n\t<meta property=\"og:image:height\" content=\"2560\" \/>\n\t<meta property=\"og:image:type\" content=\"image\/jpeg\" \/>\n<meta name=\"author\" content=\"Annalisa Ramos\" \/>\n<meta name=\"twitter:card\" content=\"summary_large_image\" \/>\n<meta name=\"twitter:label1\" content=\"Written by\" \/>\n\t<meta name=\"twitter:data1\" content=\"Annalisa Ramos\" \/>\n\t<meta name=\"twitter:label2\" content=\"Est. reading time\" \/>\n\t<meta name=\"twitter:data2\" content=\"7 minutes\" \/>\n<script type=\"application\/ld+json\" class=\"yoast-schema-graph\">{\"@context\":\"https:\/\/schema.org\",\"@graph\":[{\"@type\":\"Article\",\"@id\":\"https:\/\/www.rossettiartecontemporanea.it\/en\/mostra-di-alessandra-gasparini-il-rosso-e-vendicativo\/#article\",\"isPartOf\":{\"@id\":\"https:\/\/www.rossettiartecontemporanea.it\/en\/mostra-di-alessandra-gasparini-il-rosso-e-vendicativo\/\"},\"author\":{\"name\":\"Annalisa Ramos\",\"@id\":\"https:\/\/www.rossettiartecontemporanea.it\/en\/#\/schema\/person\/40a2efdeb13bd551571ac5ea8890ba95\"},\"headline\":\"Mostra di Alessandra Gasparini: Il rosso \u00e8 vendicativo\",\"datePublished\":\"2024-10-30T16:55:48+00:00\",\"dateModified\":\"2024-10-30T16:55:51+00:00\",\"mainEntityOfPage\":{\"@id\":\"https:\/\/www.rossettiartecontemporanea.it\/en\/mostra-di-alessandra-gasparini-il-rosso-e-vendicativo\/\"},\"wordCount\":1165,\"publisher\":{\"@id\":\"https:\/\/www.rossettiartecontemporanea.it\/en\/#organization\"},\"image\":{\"@id\":\"https:\/\/www.rossettiartecontemporanea.it\/en\/mostra-di-alessandra-gasparini-il-rosso-e-vendicativo\/#primaryimage\"},\"thumbnailUrl\":\"https:\/\/www.rossettiartecontemporanea.it\/wp-content\/uploads\/2024\/10\/GASPARINI-ALESSANDRA_Il-favo_olio-su-tela_150x130-scaled.jpg\",\"keywords\":[\"Alessandra Gasparini\",\"Alessandra Redaelli\",\"Pittura\"],\"articleSection\":[\"Critica\"],\"inLanguage\":\"en-US\"},{\"@type\":\"WebPage\",\"@id\":\"https:\/\/www.rossettiartecontemporanea.it\/en\/mostra-di-alessandra-gasparini-il-rosso-e-vendicativo\/\",\"url\":\"https:\/\/www.rossettiartecontemporanea.it\/en\/mostra-di-alessandra-gasparini-il-rosso-e-vendicativo\/\",\"name\":\"Mostra di Alessandra Gasparini: Il rosso \u00e8 vendicativo - ROSSETTI arte contemporanea\",\"isPartOf\":{\"@id\":\"https:\/\/www.rossettiartecontemporanea.it\/en\/#website\"},\"primaryImageOfPage\":{\"@id\":\"https:\/\/www.rossettiartecontemporanea.it\/en\/mostra-di-alessandra-gasparini-il-rosso-e-vendicativo\/#primaryimage\"},\"image\":{\"@id\":\"https:\/\/www.rossettiartecontemporanea.it\/en\/mostra-di-alessandra-gasparini-il-rosso-e-vendicativo\/#primaryimage\"},\"thumbnailUrl\":\"https:\/\/www.rossettiartecontemporanea.it\/wp-content\/uploads\/2024\/10\/GASPARINI-ALESSANDRA_Il-favo_olio-su-tela_150x130-scaled.jpg\",\"datePublished\":\"2024-10-30T16:55:48+00:00\",\"dateModified\":\"2024-10-30T16:55:51+00:00\",\"description\":\"Mostra di Alessandra Gasparini. La capacit\u00e0 di incantarsi davanti alla meravigliosa incomprensibilit\u00e0 del reale.\",\"breadcrumb\":{\"@id\":\"https:\/\/www.rossettiartecontemporanea.it\/en\/mostra-di-alessandra-gasparini-il-rosso-e-vendicativo\/#breadcrumb\"},\"inLanguage\":\"en-US\",\"potentialAction\":[{\"@type\":\"ReadAction\",\"target\":[\"https:\/\/www.rossettiartecontemporanea.it\/en\/mostra-di-alessandra-gasparini-il-rosso-e-vendicativo\/\"]}]},{\"@type\":\"ImageObject\",\"inLanguage\":\"en-US\",\"@id\":\"https:\/\/www.rossettiartecontemporanea.it\/en\/mostra-di-alessandra-gasparini-il-rosso-e-vendicativo\/#primaryimage\",\"url\":\"https:\/\/www.rossettiartecontemporanea.it\/wp-content\/uploads\/2024\/10\/GASPARINI-ALESSANDRA_Il-favo_olio-su-tela_150x130-scaled.jpg\",\"contentUrl\":\"https:\/\/www.rossettiartecontemporanea.it\/wp-content\/uploads\/2024\/10\/GASPARINI-ALESSANDRA_Il-favo_olio-su-tela_150x130-scaled.jpg\",\"width\":2196,\"height\":2560,\"caption\":\"bambina sul divano con abito favo e api\"},{\"@type\":\"BreadcrumbList\",\"@id\":\"https:\/\/www.rossettiartecontemporanea.it\/en\/mostra-di-alessandra-gasparini-il-rosso-e-vendicativo\/#breadcrumb\",\"itemListElement\":[{\"@type\":\"ListItem\",\"position\":1,\"name\":\"Home\",\"item\":\"https:\/\/www.rossettiartecontemporanea.it\/en\/\"},{\"@type\":\"ListItem\",\"position\":2,\"name\":\"Mostra di Alessandra Gasparini: Il rosso \u00e8 vendicativo\"}]},{\"@type\":\"WebSite\",\"@id\":\"https:\/\/www.rossettiartecontemporanea.it\/en\/#website\",\"url\":\"https:\/\/www.rossettiartecontemporanea.it\/en\/\",\"name\":\"Rossetti Arte Contemporanea\",\"description\":\"\",\"publisher\":{\"@id\":\"https:\/\/www.rossettiartecontemporanea.it\/en\/#organization\"},\"potentialAction\":[{\"@type\":\"SearchAction\",\"target\":{\"@type\":\"EntryPoint\",\"urlTemplate\":\"https:\/\/www.rossettiartecontemporanea.it\/en\/?s={search_term_string}\"},\"query-input\":{\"@type\":\"PropertyValueSpecification\",\"valueRequired\":true,\"valueName\":\"search_term_string\"}}],\"inLanguage\":\"en-US\"},{\"@type\":\"Organization\",\"@id\":\"https:\/\/www.rossettiartecontemporanea.it\/en\/#organization\",\"name\":\"Rossetti Arte Contemporanea\",\"url\":\"https:\/\/www.rossettiartecontemporanea.it\/en\/\",\"logo\":{\"@type\":\"ImageObject\",\"inLanguage\":\"en-US\",\"@id\":\"https:\/\/www.rossettiartecontemporanea.it\/en\/#\/schema\/logo\/image\/\",\"url\":\"https:\/\/www.rossettiartecontemporanea.it\/wp-content\/uploads\/2024\/02\/logo-Rossetti-Arte-Contemporanea-black-2x-1.png\",\"contentUrl\":\"https:\/\/www.rossettiartecontemporanea.it\/wp-content\/uploads\/2024\/02\/logo-Rossetti-Arte-Contemporanea-black-2x-1.png\",\"width\":611,\"height\":368,\"caption\":\"Rossetti Arte Contemporanea\"},\"image\":{\"@id\":\"https:\/\/www.rossettiartecontemporanea.it\/en\/#\/schema\/logo\/image\/\"},\"sameAs\":[\"https:\/\/www.facebook.com\/studio.rossetti.artecontemporanea\",\"https:\/\/www.instagram.com\/studio_rossetti\/\",\"https:\/\/www.youtube.com\/channel\/UC94tFj8zg6UV94quz_ysdgw\"]},{\"@type\":\"Person\",\"@id\":\"https:\/\/www.rossettiartecontemporanea.it\/en\/#\/schema\/person\/40a2efdeb13bd551571ac5ea8890ba95\",\"name\":\"Annalisa Ramos\"}]}<\/script>\n<!-- \/ Yoast SEO plugin. -->","yoast_head_json":{"title":"Mostra di Alessandra Gasparini: Il rosso \u00e8 vendicativo - ROSSETTI arte contemporanea","description":"Mostra di Alessandra Gasparini. La capacit\u00e0 di incantarsi davanti alla meravigliosa incomprensibilit\u00e0 del reale.","robots":{"index":"index","follow":"follow","max-snippet":"max-snippet:-1","max-image-preview":"max-image-preview:large","max-video-preview":"max-video-preview:-1"},"canonical":"https:\/\/www.rossettiartecontemporanea.it\/en\/mostra-di-alessandra-gasparini-il-rosso-e-vendicativo\/","og_locale":"en_US","og_type":"article","og_title":"Mostra di Alessandra Gasparini: Il rosso \u00e8 vendicativo - ROSSETTI arte contemporanea","og_description":"Mostra di Alessandra Gasparini. La capacit\u00e0 di incantarsi davanti alla meravigliosa incomprensibilit\u00e0 del reale.","og_url":"https:\/\/www.rossettiartecontemporanea.it\/en\/mostra-di-alessandra-gasparini-il-rosso-e-vendicativo\/","og_site_name":"ROSSETTI arte contemporanea","article_publisher":"https:\/\/www.facebook.com\/studio.rossetti.artecontemporanea","article_published_time":"2024-10-30T16:55:48+00:00","article_modified_time":"2024-10-30T16:55:51+00:00","og_image":[{"width":2196,"height":2560,"url":"https:\/\/www.rossettiartecontemporanea.it\/wp-content\/uploads\/2024\/10\/GASPARINI-ALESSANDRA_Il-favo_olio-su-tela_150x130-scaled.jpg","type":"image\/jpeg"}],"author":"Annalisa Ramos","twitter_card":"summary_large_image","twitter_misc":{"Written by":"Annalisa Ramos","Est. reading time":"7 minutes"},"schema":{"@context":"https:\/\/schema.org","@graph":[{"@type":"Article","@id":"https:\/\/www.rossettiartecontemporanea.it\/en\/mostra-di-alessandra-gasparini-il-rosso-e-vendicativo\/#article","isPartOf":{"@id":"https:\/\/www.rossettiartecontemporanea.it\/en\/mostra-di-alessandra-gasparini-il-rosso-e-vendicativo\/"},"author":{"name":"Annalisa Ramos","@id":"https:\/\/www.rossettiartecontemporanea.it\/en\/#\/schema\/person\/40a2efdeb13bd551571ac5ea8890ba95"},"headline":"Mostra di Alessandra Gasparini: Il rosso \u00e8 vendicativo","datePublished":"2024-10-30T16:55:48+00:00","dateModified":"2024-10-30T16:55:51+00:00","mainEntityOfPage":{"@id":"https:\/\/www.rossettiartecontemporanea.it\/en\/mostra-di-alessandra-gasparini-il-rosso-e-vendicativo\/"},"wordCount":1165,"publisher":{"@id":"https:\/\/www.rossettiartecontemporanea.it\/en\/#organization"},"image":{"@id":"https:\/\/www.rossettiartecontemporanea.it\/en\/mostra-di-alessandra-gasparini-il-rosso-e-vendicativo\/#primaryimage"},"thumbnailUrl":"https:\/\/www.rossettiartecontemporanea.it\/wp-content\/uploads\/2024\/10\/GASPARINI-ALESSANDRA_Il-favo_olio-su-tela_150x130-scaled.jpg","keywords":["Alessandra Gasparini","Alessandra Redaelli","Pittura"],"articleSection":["Critica"],"inLanguage":"en-US"},{"@type":"WebPage","@id":"https:\/\/www.rossettiartecontemporanea.it\/en\/mostra-di-alessandra-gasparini-il-rosso-e-vendicativo\/","url":"https:\/\/www.rossettiartecontemporanea.it\/en\/mostra-di-alessandra-gasparini-il-rosso-e-vendicativo\/","name":"Mostra di Alessandra Gasparini: Il rosso \u00e8 vendicativo - ROSSETTI arte contemporanea","isPartOf":{"@id":"https:\/\/www.rossettiartecontemporanea.it\/en\/#website"},"primaryImageOfPage":{"@id":"https:\/\/www.rossettiartecontemporanea.it\/en\/mostra-di-alessandra-gasparini-il-rosso-e-vendicativo\/#primaryimage"},"image":{"@id":"https:\/\/www.rossettiartecontemporanea.it\/en\/mostra-di-alessandra-gasparini-il-rosso-e-vendicativo\/#primaryimage"},"thumbnailUrl":"https:\/\/www.rossettiartecontemporanea.it\/wp-content\/uploads\/2024\/10\/GASPARINI-ALESSANDRA_Il-favo_olio-su-tela_150x130-scaled.jpg","datePublished":"2024-10-30T16:55:48+00:00","dateModified":"2024-10-30T16:55:51+00:00","description":"Mostra di Alessandra Gasparini. La capacit\u00e0 di incantarsi davanti alla meravigliosa incomprensibilit\u00e0 del reale.","breadcrumb":{"@id":"https:\/\/www.rossettiartecontemporanea.it\/en\/mostra-di-alessandra-gasparini-il-rosso-e-vendicativo\/#breadcrumb"},"inLanguage":"en-US","potentialAction":[{"@type":"ReadAction","target":["https:\/\/www.rossettiartecontemporanea.it\/en\/mostra-di-alessandra-gasparini-il-rosso-e-vendicativo\/"]}]},{"@type":"ImageObject","inLanguage":"en-US","@id":"https:\/\/www.rossettiartecontemporanea.it\/en\/mostra-di-alessandra-gasparini-il-rosso-e-vendicativo\/#primaryimage","url":"https:\/\/www.rossettiartecontemporanea.it\/wp-content\/uploads\/2024\/10\/GASPARINI-ALESSANDRA_Il-favo_olio-su-tela_150x130-scaled.jpg","contentUrl":"https:\/\/www.rossettiartecontemporanea.it\/wp-content\/uploads\/2024\/10\/GASPARINI-ALESSANDRA_Il-favo_olio-su-tela_150x130-scaled.jpg","width":2196,"height":2560,"caption":"bambina sul divano con abito favo e api"},{"@type":"BreadcrumbList","@id":"https:\/\/www.rossettiartecontemporanea.it\/en\/mostra-di-alessandra-gasparini-il-rosso-e-vendicativo\/#breadcrumb","itemListElement":[{"@type":"ListItem","position":1,"name":"Home","item":"https:\/\/www.rossettiartecontemporanea.it\/en\/"},{"@type":"ListItem","position":2,"name":"Mostra di Alessandra Gasparini: Il rosso \u00e8 vendicativo"}]},{"@type":"WebSite","@id":"https:\/\/www.rossettiartecontemporanea.it\/en\/#website","url":"https:\/\/www.rossettiartecontemporanea.it\/en\/","name":"Rossetti Arte Contemporanea","description":"","publisher":{"@id":"https:\/\/www.rossettiartecontemporanea.it\/en\/#organization"},"potentialAction":[{"@type":"SearchAction","target":{"@type":"EntryPoint","urlTemplate":"https:\/\/www.rossettiartecontemporanea.it\/en\/?s={search_term_string}"},"query-input":{"@type":"PropertyValueSpecification","valueRequired":true,"valueName":"search_term_string"}}],"inLanguage":"en-US"},{"@type":"Organization","@id":"https:\/\/www.rossettiartecontemporanea.it\/en\/#organization","name":"Rossetti Arte Contemporanea","url":"https:\/\/www.rossettiartecontemporanea.it\/en\/","logo":{"@type":"ImageObject","inLanguage":"en-US","@id":"https:\/\/www.rossettiartecontemporanea.it\/en\/#\/schema\/logo\/image\/","url":"https:\/\/www.rossettiartecontemporanea.it\/wp-content\/uploads\/2024\/02\/logo-Rossetti-Arte-Contemporanea-black-2x-1.png","contentUrl":"https:\/\/www.rossettiartecontemporanea.it\/wp-content\/uploads\/2024\/02\/logo-Rossetti-Arte-Contemporanea-black-2x-1.png","width":611,"height":368,"caption":"Rossetti Arte Contemporanea"},"image":{"@id":"https:\/\/www.rossettiartecontemporanea.it\/en\/#\/schema\/logo\/image\/"},"sameAs":["https:\/\/www.facebook.com\/studio.rossetti.artecontemporanea","https:\/\/www.instagram.com\/studio_rossetti\/","https:\/\/www.youtube.com\/channel\/UC94tFj8zg6UV94quz_ysdgw"]},{"@type":"Person","@id":"https:\/\/www.rossettiartecontemporanea.it\/en\/#\/schema\/person\/40a2efdeb13bd551571ac5ea8890ba95","name":"Annalisa Ramos"}]}},"_links":{"self":[{"href":"https:\/\/www.rossettiartecontemporanea.it\/en\/wp-json\/wp\/v2\/posts\/48500","targetHints":{"allow":["GET"]}}],"collection":[{"href":"https:\/\/www.rossettiartecontemporanea.it\/en\/wp-json\/wp\/v2\/posts"}],"about":[{"href":"https:\/\/www.rossettiartecontemporanea.it\/en\/wp-json\/wp\/v2\/types\/post"}],"author":[{"embeddable":true,"href":"https:\/\/www.rossettiartecontemporanea.it\/en\/wp-json\/wp\/v2\/users\/4"}],"replies":[{"embeddable":true,"href":"https:\/\/www.rossettiartecontemporanea.it\/en\/wp-json\/wp\/v2\/comments?post=48500"}],"version-history":[{"count":2,"href":"https:\/\/www.rossettiartecontemporanea.it\/en\/wp-json\/wp\/v2\/posts\/48500\/revisions"}],"predecessor-version":[{"id":48502,"href":"https:\/\/www.rossettiartecontemporanea.it\/en\/wp-json\/wp\/v2\/posts\/48500\/revisions\/48502"}],"wp:featuredmedia":[{"embeddable":true,"href":"https:\/\/www.rossettiartecontemporanea.it\/en\/wp-json\/wp\/v2\/media\/47997"}],"wp:attachment":[{"href":"https:\/\/www.rossettiartecontemporanea.it\/en\/wp-json\/wp\/v2\/media?parent=48500"}],"wp:term":[{"taxonomy":"category","embeddable":true,"href":"https:\/\/www.rossettiartecontemporanea.it\/en\/wp-json\/wp\/v2\/categories?post=48500"},{"taxonomy":"post_tag","embeddable":true,"href":"https:\/\/www.rossettiartecontemporanea.it\/en\/wp-json\/wp\/v2\/tags?post=48500"}],"curies":[{"name":"wp","href":"https:\/\/api.w.org\/{rel}","templated":true}]}}