{"id":50765,"date":"2025-05-31T13:47:16","date_gmt":"2025-05-31T11:47:16","guid":{"rendered":"https:\/\/www.rossettiartecontemporanea.it\/art-exhibitions-in-june-and-the-gallerys-recommended-book\/"},"modified":"2025-05-31T13:47:16","modified_gmt":"2025-05-31T11:47:16","slug":"art-exhibitions-in-june-and-the-gallerys-recommended-book","status":"publish","type":"post","link":"https:\/\/www.rossettiartecontemporanea.it\/en\/art-exhibitions-in-june-and-the-gallerys-recommended-book\/","title":{"rendered":"Art exhibitions in June and the gallery&#8217;s recommended book"},"content":{"rendered":"\r\n\r\nTips from the Rossetti Gallery: art exhibitions in June and a book on the art world.\r\n\r\n\r\n\r\n\r\n\r\n<a href=\"https:\/\/www.rossettiartecontemporanea.it\/contatti\/\">To receive our advice every month, subscribe to our Newsletter<\/a>!\r\n<h2>June Art Exhibitions recommended by Rossetti gallery<\/h2>\r\n\r\n\r\n\r\n\r\n\r\n\r\n\r\n\r\n\r\n\r\n\r\n\r\n<hr class=\"wp-block-separator has-alpha-channel-opacity\" \/>\r\n\r\n\r\n\r\n\r\n<h3 class=\"wp-block-heading\"><strong>Genoa &#8211; Museo del Risorgimento<\/strong><\/h3>\r\n\r\n\r\n\r\n<h3 class=\"wp-block-heading\">Risorgimento agitato<\/h3>\r\n\r\n\r\n\r\n<figure class=\"wp-block-image size-full\"><a href=\"https:\/\/www.museidigenova.it\/it\/risorgimento-agitato-sediziosi-o-celebrativi-i-fazzoletti-patriottici-di-casa-mazzini\"><img fetchpriority=\"high\" decoding=\"async\" width=\"600\" height=\"450\" class=\"wp-image-50735\" src=\"https:\/\/www.rossettiartecontemporanea.it\/wp-content\/uploads\/2025\/05\/156079-fazzoletto_balilla.jpg\" alt=\"\" srcset=\"https:\/\/www.rossettiartecontemporanea.it\/wp-content\/uploads\/2025\/05\/156079-fazzoletto_balilla.jpg 600w, https:\/\/www.rossettiartecontemporanea.it\/wp-content\/uploads\/2025\/05\/156079-fazzoletto_balilla-300x225.jpg 300w, https:\/\/www.rossettiartecontemporanea.it\/wp-content\/uploads\/2025\/05\/156079-fazzoletto_balilla-370x278.jpg 370w, https:\/\/www.rossettiartecontemporanea.it\/wp-content\/uploads\/2025\/05\/156079-fazzoletto_balilla-410x308.jpg 410w\" sizes=\"(max-width: 600px) 100vw, 600px\" \/><\/a><\/figure>\r\n\r\n\r\n\r\n<div>During the period from 1847 to 1849, patriotic ideals could be expressed in the light of day and consequently craftsmen, textile factories, and merchants were engaged in a brisk production and marketing of handkerchiefs that could now be freely used in public space.<\/div>\r\n<div><\/div>\r\n<div>The exhibition presents handkerchiefs (foulards carr\u00e9, mainly made of silk) produced between 1847 and 1912 with some unique pieces that have no analogies with the relics conserved in other Italian museums, such as the handkerchief depicting Balilla (1847), the one dedicated to a conspiracy of 1847 that never took place (a real fake-news of the mid-nineteenth century) and a rare and extraordinary Masonic silk handkerchief.<\/div>\r\n<div><\/div>\r\n<div><strong>Until 30 September 2025<\/strong><\/div>\r\n\r\n\r\n\r\n<div class=\"wp-block-buttons is-layout-flex wp-block-buttons-is-layout-flex\">\r\n\r\n\r\n<div class=\"wp-block-button is-style-outline is-style-outline--1\"><a class=\"wp-block-button__link wp-element-button\" href=\"https:\/\/www.museidigenova.it\/it\/risorgimento-agitato-sediziosi-o-celebrativi-i-fazzoletti-patriottici-di-casa-mazzini\">Discover more<\/a><\/div>\r\n\r\n\r\n\r\n\r\n<\/div>\r\n\r\n\r\n\r\n\r\n<hr class=\"wp-block-separator has-alpha-channel-opacity\" \/>\r\n\r\n\r\n\r\n\r\n<h3 class=\"wp-block-heading\"><strong>Milan &#8211; Museo del Novecento<\/strong><\/h3>\r\n\r\n\r\n\r\n<h3 class=\"wp-block-heading\">Rauschenberg e il Novecento<\/h3>\r\n\r\n\r\n\r\n<figure class=\"wp-block-image size-full\"><a href=\"https:\/\/www.museodelnovecento.org\/-\/rauschenberg-e-il-novecento\"><img decoding=\"async\" width=\"1920\" height=\"1080\" class=\"wp-image-50737\" src=\"https:\/\/www.rossettiartecontemporanea.it\/wp-content\/uploads\/2025\/05\/Rauschenberg-e-il-Novecento.png\" alt=\"\" srcset=\"https:\/\/www.rossettiartecontemporanea.it\/wp-content\/uploads\/2025\/05\/Rauschenberg-e-il-Novecento.png 1920w, https:\/\/www.rossettiartecontemporanea.it\/wp-content\/uploads\/2025\/05\/Rauschenberg-e-il-Novecento-300x169.png 300w, https:\/\/www.rossettiartecontemporanea.it\/wp-content\/uploads\/2025\/05\/Rauschenberg-e-il-Novecento-1024x576.png 1024w, https:\/\/www.rossettiartecontemporanea.it\/wp-content\/uploads\/2025\/05\/Rauschenberg-e-il-Novecento-768x432.png 768w, https:\/\/www.rossettiartecontemporanea.it\/wp-content\/uploads\/2025\/05\/Rauschenberg-e-il-Novecento-1536x864.png 1536w, https:\/\/www.rossettiartecontemporanea.it\/wp-content\/uploads\/2025\/05\/Rauschenberg-e-il-Novecento-370x208.png 370w, https:\/\/www.rossettiartecontemporanea.it\/wp-content\/uploads\/2025\/05\/Rauschenberg-e-il-Novecento-1290x725.png 1290w, https:\/\/www.rossettiartecontemporanea.it\/wp-content\/uploads\/2025\/05\/Rauschenberg-e-il-Novecento-840x473.png 840w, https:\/\/www.rossettiartecontemporanea.it\/wp-content\/uploads\/2025\/05\/Rauschenberg-e-il-Novecento-410x231.png 410w, https:\/\/www.rossettiartecontemporanea.it\/wp-content\/uploads\/2025\/05\/Rauschenberg-e-il-Novecento-270x152.png 270w\" sizes=\"(max-width: 1920px) 100vw, 1920px\" \/><\/a><\/figure>\r\n\r\n\r\n\r\n<div>On the centenary of the birth of Robert Rauschenberg (Port Arthur, 1925 &#8211; Captiva Island, 2008), the Museo del Novecento in Milan presents an exceptional exhibition project that for the first time builds a bridge between the works of this fundamental protagonist of the history of art and some of the most significant masterpieces housed in the museum&#8217;s collections, weaving a web between the innovative vision of the American artist and the rich fabric of 20th century Italian art.<\/div>\r\n<div><\/div>\r\n<div>Known for his lively curiosity, his aptitude for contamination and the exchange of ideas, in Milan the American artist dialogues with the great masters of our home through works that have arrived from museums across Europe: from Giacomo Balla to Carlo Carr\u00e0, from Alberto Burri to Mario Schifano, up to Maurizio Cattelan, each encounter has something new to reveal. Like unexpected guests, Rauschenberg&#8217;s works peep into the path of the Museo del Novecento, establishing comparisons and resonances on the basis of shared visions, materials and artistic intentions, in a journey that embraces the main trends of Italian art in the 20th century.<\/div>\r\n<div><\/div>\r\n<div><strong>Until 29 June 2025<\/strong><\/div>\r\n\r\n\r\n\r\n<div class=\"wp-block-buttons is-layout-flex wp-block-buttons-is-layout-flex\">\r\n\r\n\r\n<div class=\"wp-block-button is-style-outline is-style-outline--2\"><a class=\"wp-block-button__link wp-element-button\" href=\"https:\/\/www.museodelnovecento.org\/-\/rauschenberg-e-il-novecento\">Discover more<\/a><\/div>\r\n\r\n\r\n<\/div>\r\n\r\n\r\n\r\n\r\n<hr class=\"wp-block-separator has-alpha-channel-opacity\" \/>\r\n\r\n\r\n\r\n\r\n<h3 class=\"wp-block-heading\"><strong>Naples &#8211; Castel Nuovo<\/strong><\/h3>\r\n\r\n\r\n\r\n<h3 class=\"wp-block-heading\">Mimmo Jodice per Napoli &#8211; Napoli Metafisica<\/h3>\r\n\r\n\r\n\r\n<figure class=\"wp-block-image size-full\"><a href=\"https:\/\/www.comune.napoli.it\/mimmo-jodice-napoli-metafisica\"><img decoding=\"async\" width=\"800\" height=\"362\" class=\"wp-image-50740\" src=\"https:\/\/www.rossettiartecontemporanea.it\/wp-content\/uploads\/2025\/05\/FOTOGRAFIAPUNTOIT_6_MIMMO-JODICE_resize.jpg\" alt=\"\" srcset=\"https:\/\/www.rossettiartecontemporanea.it\/wp-content\/uploads\/2025\/05\/FOTOGRAFIAPUNTOIT_6_MIMMO-JODICE_resize.jpg 800w, https:\/\/www.rossettiartecontemporanea.it\/wp-content\/uploads\/2025\/05\/FOTOGRAFIAPUNTOIT_6_MIMMO-JODICE_resize-300x136.jpg 300w, https:\/\/www.rossettiartecontemporanea.it\/wp-content\/uploads\/2025\/05\/FOTOGRAFIAPUNTOIT_6_MIMMO-JODICE_resize-768x348.jpg 768w, https:\/\/www.rossettiartecontemporanea.it\/wp-content\/uploads\/2025\/05\/FOTOGRAFIAPUNTOIT_6_MIMMO-JODICE_resize-370x167.jpg 370w, https:\/\/www.rossettiartecontemporanea.it\/wp-content\/uploads\/2025\/05\/FOTOGRAFIAPUNTOIT_6_MIMMO-JODICE_resize-410x186.jpg 410w\" sizes=\"(max-width: 800px) 100vw, 800px\" \/><\/a><\/figure>\r\n\r\n\r\n\r\n<div>The exhibition is subdivided into chapters inspired by certain archetypes of the metaphysical imagination (\u2018Distances\u2019, \u2018Arches\u2019, \u2018Columns\u2019, \u2018Statues\u2019, \u2018Monuments\u2019, \u2018Shadows\u2019, \u2018Apparitions\u2019, \u2018Voids\u2019) and consists of over fifty photographic portraits of Naples dense with references to Metaphysical Art, placed in dialogue with paintings by Giorgio de Chirico.<\/div>\r\n<div><\/div>\r\n<div>From this emerges the profile of Mimmo Jodice as a spiritual artist, admirable in using places as if they were pieces of unpredictable still life.<\/div>\r\n<div><\/div>\r\n<div><strong>Until 1 September 2025<\/strong><\/div>\r\n\r\n\r\n\r\n<div class=\"wp-block-buttons is-layout-flex wp-block-buttons-is-layout-flex\">\r\n\r\n\r\n<div class=\"wp-block-button is-style-outline is-style-outline--3\"><a class=\"wp-block-button__link wp-element-button\" href=\"https:\/\/www.comune.napoli.it\/mimmo-jodice-napoli-metafisica\">Discover more<\/a><\/div>\r\n\r\n\r\n<\/div>\r\n\r\n\r\n\r\n\r\n<hr class=\"wp-block-separator has-alpha-channel-opacity\" \/>\r\n\r\n\r\n\r\n\r\n<h3 class=\"wp-block-heading\"><strong>Venice &#8211; Peggy Guggenheim Collection<\/strong><\/h3>\r\n\r\n\r\n\r\n<h3 class=\"wp-block-heading\"><em>Maria Helena Vieira da Silva<\/em>. Anatomia di uno spazio<\/h3>\r\n\r\n\r\n\r\n<figure class=\"wp-block-image size-full\"><a href=\"https:\/\/www.guggenheim-venice.it\/it\/mostre-eventi\/mostre\/maria-helena-vieira-da-silva-anatomia-di-uno-spazio\/\"><img loading=\"lazy\" decoding=\"async\" width=\"1920\" height=\"1280\" class=\"wp-image-50742\" src=\"https:\/\/www.rossettiartecontemporanea.it\/wp-content\/uploads\/2025\/05\/da-silva_figure-de_ballet-1948.jpg\" alt=\"\" srcset=\"https:\/\/www.rossettiartecontemporanea.it\/wp-content\/uploads\/2025\/05\/da-silva_figure-de_ballet-1948.jpg 1920w, https:\/\/www.rossettiartecontemporanea.it\/wp-content\/uploads\/2025\/05\/da-silva_figure-de_ballet-1948-300x200.jpg 300w, https:\/\/www.rossettiartecontemporanea.it\/wp-content\/uploads\/2025\/05\/da-silva_figure-de_ballet-1948-1024x683.jpg 1024w, https:\/\/www.rossettiartecontemporanea.it\/wp-content\/uploads\/2025\/05\/da-silva_figure-de_ballet-1948-768x512.jpg 768w, https:\/\/www.rossettiartecontemporanea.it\/wp-content\/uploads\/2025\/05\/da-silva_figure-de_ballet-1948-1536x1024.jpg 1536w, https:\/\/www.rossettiartecontemporanea.it\/wp-content\/uploads\/2025\/05\/da-silva_figure-de_ballet-1948-370x247.jpg 370w, https:\/\/www.rossettiartecontemporanea.it\/wp-content\/uploads\/2025\/05\/da-silva_figure-de_ballet-1948-840x560.jpg 840w, https:\/\/www.rossettiartecontemporanea.it\/wp-content\/uploads\/2025\/05\/da-silva_figure-de_ballet-1948-410x273.jpg 410w\" sizes=\"(max-width: 1920px) 100vw, 1920px\" \/><\/a><\/figure>\r\n\r\n\r\n\r\n<div>Through a selection of around seventy key works from prestigious international museums, including Centre Georges Pompidou, Paris, Guggenheim New York, Museum of Modern Art, New York, Tate Modern, London, as well as major galleries, including Jeanne Bucher Jaeger, Paris and cultural institutions, such as Comit\u00e9 Arpad Szenes &#8211; Vieira da Silva, Paris and Funda\u00e7\u00e3o Arpad Szenes &#8211; Vieira da Silva, Lisbon, the exhibition offers an in-depth and completely new look at the evolution of the visual language of Maria Helena Vieira da Silva (Lisbon, 1908 &#8211; Paris, 1992). A Portuguese artist naturalised French, the exhibition highlights her ability to transform pictorial space into abstract environments and optical illusions.<\/div>\r\n<div><\/div>\r\n<div>With references to the Portuguese decorative tradition, urban landscapes and the influences of Cubism and Futurism, the exhibition explores the link between abstraction and figuration in imaginary and real spaces.<\/div>\r\n<div><\/div>\r\n<div><strong>Until 15 September 2025<\/strong><\/div>\r\n\r\n\r\n\r\n<div class=\"wp-block-buttons is-layout-flex wp-block-buttons-is-layout-flex\">\r\n\r\n\r\n<div class=\"wp-block-button is-style-outline is-style-outline--4\"><a class=\"wp-block-button__link wp-element-button\" href=\"https:\/\/www.guggenheim-venice.it\/it\/mostre-eventi\/mostre\/maria-helena-vieira-da-silva-anatomia-di-uno-spazio\/\">Discover more<\/a><\/div>\r\n\r\n\r\n<\/div>\r\n\r\n\r\n\r\n<h3 class=\"wp-block-heading\"><\/h3>\r\n\r\n\r\n\r\n\r\n<hr class=\"wp-block-separator has-alpha-channel-opacity\" \/>\r\n\r\n\r\n\r\n\r\n<h2 class=\"wp-block-heading\">The suggested book<\/h2>\r\n\r\n\r\n\r\n<h3 class=\"wp-block-heading\">Sala\u00ec. L&#8217;altra met\u00e0 di Leonardo<\/h3>\r\n\r\n\r\n\r\n\r\n<strong>Michele Mauri<\/strong>\r\n\r\n\r\n\r\n\r\n\r\nBellavite Editore\r\n\r\n\r\n\r\n\r\n<figure class=\"wp-block-image size-qwery-thumb-masonry\"><a href=\"https:\/\/www.bellavite.it\/catalogo\/romanzi-e-narrativa\/salai\/\"><img loading=\"lazy\" decoding=\"async\" width=\"410\" height=\"617\" class=\"wp-image-50746\" src=\"https:\/\/www.rossettiartecontemporanea.it\/wp-content\/uploads\/2025\/05\/915rdAN1LLL._AC_UF10001000_QL80_-410x617.jpg\" alt=\"\" srcset=\"https:\/\/www.rossettiartecontemporanea.it\/wp-content\/uploads\/2025\/05\/915rdAN1LLL._AC_UF10001000_QL80_-410x617.jpg 410w, https:\/\/www.rossettiartecontemporanea.it\/wp-content\/uploads\/2025\/05\/915rdAN1LLL._AC_UF10001000_QL80_-199x300.jpg 199w, https:\/\/www.rossettiartecontemporanea.it\/wp-content\/uploads\/2025\/05\/915rdAN1LLL._AC_UF10001000_QL80_-370x557.jpg 370w, https:\/\/www.rossettiartecontemporanea.it\/wp-content\/uploads\/2025\/05\/915rdAN1LLL._AC_UF10001000_QL80_.jpg 664w\" sizes=\"(max-width: 600px) 100vw, 410px\" \/><\/a><\/figure>\r\n\r\n\r\n\r\n\r\nSeveral of Leonardo&#8217;s drawings depict the face of a young man, capriciously perfect: the curly hair, the slender, almost feminine features. Such was the appearance of Sala\u00ec, the apprentice who became his favourite pupil. The only one who remained almost all his life close to the master, whose faithful companion he was&#8230;\r\n\r\n\r\n\r\n\r\n\r\n\r\n\r\n\r\n<div class=\"wp-block-buttons is-layout-flex wp-block-buttons-is-layout-flex\">\r\n\r\n\r\n<div class=\"wp-block-button is-style-outline is-style-outline--5\"><a class=\"wp-block-button__link wp-element-button\" href=\"https:\/\/www.bellavite.it\/catalogo\/romanzi-e-narrativa\/salai\/\">Discover more<\/a><\/div>\r\n\r\n\r\n<\/div>\r\n\r\n\r\n\r\n\r\n\r\n\r\n\r\n\r\n<a href=\"https:\/\/www.rossettiartecontemporanea.it\/contatti\/\">Did you like our tips? To receive them every month, subscribe to our Newsletter<\/a>!\r\n\r\n\r\n\r\n\r\n\r\n","protected":false},"excerpt":{"rendered":"<p>Tips from the Rossetti Gallery: art exhibitions in June and a book on the art world. To receive our advice every month, subscribe to our Newsletter! June Art Exhibitions recommended&hellip;<\/p>\n","protected":false},"author":4,"featured_media":50738,"comment_status":"closed","ping_status":"closed","sticky":false,"template":"","format":"standard","meta":{"_acf_changed":false,"footnotes":""},"categories":[405],"tags":[533,511,641],"class_list":["post-50765","post","type-post","status-publish","format-standard","has-post-thumbnail","hentry","category-art-stories","tag-books","tag-exhibitions","tag-june"],"acf":[],"yoast_head":"<!-- This site is optimized with the Yoast SEO plugin v25.1 - https:\/\/yoast.com\/wordpress\/plugins\/seo\/ -->\n<title>Art exhibitions in June 2025<\/title>\n<meta name=\"description\" content=\"Tips from the Rossetti Gallery: exhibitions that can be visited during June 2025 and the book of the month.\" \/>\n<meta name=\"robots\" content=\"index, follow, max-snippet:-1, max-image-preview:large, max-video-preview:-1\" \/>\n<link rel=\"canonical\" href=\"https:\/\/www.rossettiartecontemporanea.it\/en\/art-exhibitions-in-june-and-the-gallerys-recommended-book\/\" \/>\n<meta property=\"og:locale\" content=\"en_US\" \/>\n<meta property=\"og:type\" content=\"article\" \/>\n<meta property=\"og:title\" content=\"Art exhibitions in June 2025\" \/>\n<meta property=\"og:description\" content=\"Tips from the Rossetti Gallery: exhibitions that can be visited during June 2025 and the book of the month.\" \/>\n<meta property=\"og:url\" content=\"https:\/\/www.rossettiartecontemporanea.it\/en\/art-exhibitions-in-june-and-the-gallerys-recommended-book\/\" \/>\n<meta property=\"og:site_name\" content=\"ROSSETTI arte contemporanea\" \/>\n<meta property=\"article:publisher\" content=\"https:\/\/www.facebook.com\/studio.rossetti.artecontemporanea\" \/>\n<meta property=\"article:published_time\" content=\"2025-05-31T11:47:16+00:00\" \/>\n<meta property=\"og:image\" content=\"https:\/\/www.rossettiartecontemporanea.it\/wp-content\/uploads\/2025\/05\/Rauschenberg-e-il-Novecento-1024x576.png\" \/>\n\t<meta property=\"og:image:width\" content=\"1024\" \/>\n\t<meta property=\"og:image:height\" content=\"576\" \/>\n\t<meta property=\"og:image:type\" content=\"image\/png\" \/>\n<meta name=\"author\" content=\"Annalisa Ramos\" \/>\n<meta name=\"twitter:card\" content=\"summary_large_image\" \/>\n<meta name=\"twitter:label1\" content=\"Written by\" \/>\n\t<meta name=\"twitter:data1\" content=\"Annalisa Ramos\" \/>\n\t<meta name=\"twitter:label2\" content=\"Est. reading time\" \/>\n\t<meta name=\"twitter:data2\" content=\"3 minutes\" \/>\n<script type=\"application\/ld+json\" class=\"yoast-schema-graph\">{\"@context\":\"https:\/\/schema.org\",\"@graph\":[{\"@type\":\"Article\",\"@id\":\"https:\/\/www.rossettiartecontemporanea.it\/en\/art-exhibitions-in-june-and-the-gallerys-recommended-book\/#article\",\"isPartOf\":{\"@id\":\"https:\/\/www.rossettiartecontemporanea.it\/en\/art-exhibitions-in-june-and-the-gallerys-recommended-book\/\"},\"author\":{\"name\":\"Annalisa Ramos\",\"@id\":\"https:\/\/www.rossettiartecontemporanea.it\/en\/#\/schema\/person\/40a2efdeb13bd551571ac5ea8890ba95\"},\"headline\":\"Art exhibitions in June and the gallery&#8217;s recommended book\",\"datePublished\":\"2025-05-31T11:47:16+00:00\",\"mainEntityOfPage\":{\"@id\":\"https:\/\/www.rossettiartecontemporanea.it\/en\/art-exhibitions-in-june-and-the-gallerys-recommended-book\/\"},\"wordCount\":673,\"publisher\":{\"@id\":\"https:\/\/www.rossettiartecontemporanea.it\/en\/#organization\"},\"image\":{\"@id\":\"https:\/\/www.rossettiartecontemporanea.it\/en\/art-exhibitions-in-june-and-the-gallerys-recommended-book\/#primaryimage\"},\"thumbnailUrl\":\"https:\/\/www.rossettiartecontemporanea.it\/wp-content\/uploads\/2025\/05\/Rauschenberg-e-il-Novecento.png\",\"keywords\":[\"Books\",\"Exhibitions\",\"June\"],\"articleSection\":[\"Art Stories\"],\"inLanguage\":\"en-US\"},{\"@type\":\"WebPage\",\"@id\":\"https:\/\/www.rossettiartecontemporanea.it\/en\/art-exhibitions-in-june-and-the-gallerys-recommended-book\/\",\"url\":\"https:\/\/www.rossettiartecontemporanea.it\/en\/art-exhibitions-in-june-and-the-gallerys-recommended-book\/\",\"name\":\"Art exhibitions in June 2025\",\"isPartOf\":{\"@id\":\"https:\/\/www.rossettiartecontemporanea.it\/en\/#website\"},\"primaryImageOfPage\":{\"@id\":\"https:\/\/www.rossettiartecontemporanea.it\/en\/art-exhibitions-in-june-and-the-gallerys-recommended-book\/#primaryimage\"},\"image\":{\"@id\":\"https:\/\/www.rossettiartecontemporanea.it\/en\/art-exhibitions-in-june-and-the-gallerys-recommended-book\/#primaryimage\"},\"thumbnailUrl\":\"https:\/\/www.rossettiartecontemporanea.it\/wp-content\/uploads\/2025\/05\/Rauschenberg-e-il-Novecento.png\",\"datePublished\":\"2025-05-31T11:47:16+00:00\",\"description\":\"Tips from the Rossetti Gallery: exhibitions that can be visited during June 2025 and the book of the month.\",\"breadcrumb\":{\"@id\":\"https:\/\/www.rossettiartecontemporanea.it\/en\/art-exhibitions-in-june-and-the-gallerys-recommended-book\/#breadcrumb\"},\"inLanguage\":\"en-US\",\"potentialAction\":[{\"@type\":\"ReadAction\",\"target\":[\"https:\/\/www.rossettiartecontemporanea.it\/en\/art-exhibitions-in-june-and-the-gallerys-recommended-book\/\"]}]},{\"@type\":\"ImageObject\",\"inLanguage\":\"en-US\",\"@id\":\"https:\/\/www.rossettiartecontemporanea.it\/en\/art-exhibitions-in-june-and-the-gallerys-recommended-book\/#primaryimage\",\"url\":\"https:\/\/www.rossettiartecontemporanea.it\/wp-content\/uploads\/2025\/05\/Rauschenberg-e-il-Novecento.png\",\"contentUrl\":\"https:\/\/www.rossettiartecontemporanea.it\/wp-content\/uploads\/2025\/05\/Rauschenberg-e-il-Novecento.png\",\"width\":1920,\"height\":1080,\"caption\":\"Rauschenberg e il Novecento\"},{\"@type\":\"BreadcrumbList\",\"@id\":\"https:\/\/www.rossettiartecontemporanea.it\/en\/art-exhibitions-in-june-and-the-gallerys-recommended-book\/#breadcrumb\",\"itemListElement\":[{\"@type\":\"ListItem\",\"position\":1,\"name\":\"Home\",\"item\":\"https:\/\/www.rossettiartecontemporanea.it\/en\/\"},{\"@type\":\"ListItem\",\"position\":2,\"name\":\"Art exhibitions in June and the gallery&#8217;s recommended book\"}]},{\"@type\":\"WebSite\",\"@id\":\"https:\/\/www.rossettiartecontemporanea.it\/en\/#website\",\"url\":\"https:\/\/www.rossettiartecontemporanea.it\/en\/\",\"name\":\"Rossetti Arte Contemporanea\",\"description\":\"\",\"publisher\":{\"@id\":\"https:\/\/www.rossettiartecontemporanea.it\/en\/#organization\"},\"potentialAction\":[{\"@type\":\"SearchAction\",\"target\":{\"@type\":\"EntryPoint\",\"urlTemplate\":\"https:\/\/www.rossettiartecontemporanea.it\/en\/?s={search_term_string}\"},\"query-input\":{\"@type\":\"PropertyValueSpecification\",\"valueRequired\":true,\"valueName\":\"search_term_string\"}}],\"inLanguage\":\"en-US\"},{\"@type\":\"Organization\",\"@id\":\"https:\/\/www.rossettiartecontemporanea.it\/en\/#organization\",\"name\":\"Rossetti Arte Contemporanea\",\"url\":\"https:\/\/www.rossettiartecontemporanea.it\/en\/\",\"logo\":{\"@type\":\"ImageObject\",\"inLanguage\":\"en-US\",\"@id\":\"https:\/\/www.rossettiartecontemporanea.it\/en\/#\/schema\/logo\/image\/\",\"url\":\"https:\/\/www.rossettiartecontemporanea.it\/wp-content\/uploads\/2024\/02\/logo-Rossetti-Arte-Contemporanea-black-2x-1.png\",\"contentUrl\":\"https:\/\/www.rossettiartecontemporanea.it\/wp-content\/uploads\/2024\/02\/logo-Rossetti-Arte-Contemporanea-black-2x-1.png\",\"width\":611,\"height\":368,\"caption\":\"Rossetti Arte Contemporanea\"},\"image\":{\"@id\":\"https:\/\/www.rossettiartecontemporanea.it\/en\/#\/schema\/logo\/image\/\"},\"sameAs\":[\"https:\/\/www.facebook.com\/studio.rossetti.artecontemporanea\",\"https:\/\/www.instagram.com\/studio_rossetti\/\",\"https:\/\/www.youtube.com\/channel\/UC94tFj8zg6UV94quz_ysdgw\"]},{\"@type\":\"Person\",\"@id\":\"https:\/\/www.rossettiartecontemporanea.it\/en\/#\/schema\/person\/40a2efdeb13bd551571ac5ea8890ba95\",\"name\":\"Annalisa Ramos\"}]}<\/script>\n<!-- \/ Yoast SEO plugin. -->","yoast_head_json":{"title":"Art exhibitions in June 2025","description":"Tips from the Rossetti Gallery: exhibitions that can be visited during June 2025 and the book of the month.","robots":{"index":"index","follow":"follow","max-snippet":"max-snippet:-1","max-image-preview":"max-image-preview:large","max-video-preview":"max-video-preview:-1"},"canonical":"https:\/\/www.rossettiartecontemporanea.it\/en\/art-exhibitions-in-june-and-the-gallerys-recommended-book\/","og_locale":"en_US","og_type":"article","og_title":"Art exhibitions in June 2025","og_description":"Tips from the Rossetti Gallery: exhibitions that can be visited during June 2025 and the book of the month.","og_url":"https:\/\/www.rossettiartecontemporanea.it\/en\/art-exhibitions-in-june-and-the-gallerys-recommended-book\/","og_site_name":"ROSSETTI arte contemporanea","article_publisher":"https:\/\/www.facebook.com\/studio.rossetti.artecontemporanea","article_published_time":"2025-05-31T11:47:16+00:00","og_image":[{"width":1024,"height":576,"url":"https:\/\/www.rossettiartecontemporanea.it\/wp-content\/uploads\/2025\/05\/Rauschenberg-e-il-Novecento-1024x576.png","type":"image\/png"}],"author":"Annalisa Ramos","twitter_card":"summary_large_image","twitter_misc":{"Written by":"Annalisa Ramos","Est. reading time":"3 minutes"},"schema":{"@context":"https:\/\/schema.org","@graph":[{"@type":"Article","@id":"https:\/\/www.rossettiartecontemporanea.it\/en\/art-exhibitions-in-june-and-the-gallerys-recommended-book\/#article","isPartOf":{"@id":"https:\/\/www.rossettiartecontemporanea.it\/en\/art-exhibitions-in-june-and-the-gallerys-recommended-book\/"},"author":{"name":"Annalisa Ramos","@id":"https:\/\/www.rossettiartecontemporanea.it\/en\/#\/schema\/person\/40a2efdeb13bd551571ac5ea8890ba95"},"headline":"Art exhibitions in June and the gallery&#8217;s recommended book","datePublished":"2025-05-31T11:47:16+00:00","mainEntityOfPage":{"@id":"https:\/\/www.rossettiartecontemporanea.it\/en\/art-exhibitions-in-june-and-the-gallerys-recommended-book\/"},"wordCount":673,"publisher":{"@id":"https:\/\/www.rossettiartecontemporanea.it\/en\/#organization"},"image":{"@id":"https:\/\/www.rossettiartecontemporanea.it\/en\/art-exhibitions-in-june-and-the-gallerys-recommended-book\/#primaryimage"},"thumbnailUrl":"https:\/\/www.rossettiartecontemporanea.it\/wp-content\/uploads\/2025\/05\/Rauschenberg-e-il-Novecento.png","keywords":["Books","Exhibitions","June"],"articleSection":["Art Stories"],"inLanguage":"en-US"},{"@type":"WebPage","@id":"https:\/\/www.rossettiartecontemporanea.it\/en\/art-exhibitions-in-june-and-the-gallerys-recommended-book\/","url":"https:\/\/www.rossettiartecontemporanea.it\/en\/art-exhibitions-in-june-and-the-gallerys-recommended-book\/","name":"Art exhibitions in June 2025","isPartOf":{"@id":"https:\/\/www.rossettiartecontemporanea.it\/en\/#website"},"primaryImageOfPage":{"@id":"https:\/\/www.rossettiartecontemporanea.it\/en\/art-exhibitions-in-june-and-the-gallerys-recommended-book\/#primaryimage"},"image":{"@id":"https:\/\/www.rossettiartecontemporanea.it\/en\/art-exhibitions-in-june-and-the-gallerys-recommended-book\/#primaryimage"},"thumbnailUrl":"https:\/\/www.rossettiartecontemporanea.it\/wp-content\/uploads\/2025\/05\/Rauschenberg-e-il-Novecento.png","datePublished":"2025-05-31T11:47:16+00:00","description":"Tips from the Rossetti Gallery: exhibitions that can be visited during June 2025 and the book of the month.","breadcrumb":{"@id":"https:\/\/www.rossettiartecontemporanea.it\/en\/art-exhibitions-in-june-and-the-gallerys-recommended-book\/#breadcrumb"},"inLanguage":"en-US","potentialAction":[{"@type":"ReadAction","target":["https:\/\/www.rossettiartecontemporanea.it\/en\/art-exhibitions-in-june-and-the-gallerys-recommended-book\/"]}]},{"@type":"ImageObject","inLanguage":"en-US","@id":"https:\/\/www.rossettiartecontemporanea.it\/en\/art-exhibitions-in-june-and-the-gallerys-recommended-book\/#primaryimage","url":"https:\/\/www.rossettiartecontemporanea.it\/wp-content\/uploads\/2025\/05\/Rauschenberg-e-il-Novecento.png","contentUrl":"https:\/\/www.rossettiartecontemporanea.it\/wp-content\/uploads\/2025\/05\/Rauschenberg-e-il-Novecento.png","width":1920,"height":1080,"caption":"Rauschenberg e il Novecento"},{"@type":"BreadcrumbList","@id":"https:\/\/www.rossettiartecontemporanea.it\/en\/art-exhibitions-in-june-and-the-gallerys-recommended-book\/#breadcrumb","itemListElement":[{"@type":"ListItem","position":1,"name":"Home","item":"https:\/\/www.rossettiartecontemporanea.it\/en\/"},{"@type":"ListItem","position":2,"name":"Art exhibitions in June and the gallery&#8217;s recommended book"}]},{"@type":"WebSite","@id":"https:\/\/www.rossettiartecontemporanea.it\/en\/#website","url":"https:\/\/www.rossettiartecontemporanea.it\/en\/","name":"Rossetti Arte Contemporanea","description":"","publisher":{"@id":"https:\/\/www.rossettiartecontemporanea.it\/en\/#organization"},"potentialAction":[{"@type":"SearchAction","target":{"@type":"EntryPoint","urlTemplate":"https:\/\/www.rossettiartecontemporanea.it\/en\/?s={search_term_string}"},"query-input":{"@type":"PropertyValueSpecification","valueRequired":true,"valueName":"search_term_string"}}],"inLanguage":"en-US"},{"@type":"Organization","@id":"https:\/\/www.rossettiartecontemporanea.it\/en\/#organization","name":"Rossetti Arte Contemporanea","url":"https:\/\/www.rossettiartecontemporanea.it\/en\/","logo":{"@type":"ImageObject","inLanguage":"en-US","@id":"https:\/\/www.rossettiartecontemporanea.it\/en\/#\/schema\/logo\/image\/","url":"https:\/\/www.rossettiartecontemporanea.it\/wp-content\/uploads\/2024\/02\/logo-Rossetti-Arte-Contemporanea-black-2x-1.png","contentUrl":"https:\/\/www.rossettiartecontemporanea.it\/wp-content\/uploads\/2024\/02\/logo-Rossetti-Arte-Contemporanea-black-2x-1.png","width":611,"height":368,"caption":"Rossetti Arte Contemporanea"},"image":{"@id":"https:\/\/www.rossettiartecontemporanea.it\/en\/#\/schema\/logo\/image\/"},"sameAs":["https:\/\/www.facebook.com\/studio.rossetti.artecontemporanea","https:\/\/www.instagram.com\/studio_rossetti\/","https:\/\/www.youtube.com\/channel\/UC94tFj8zg6UV94quz_ysdgw"]},{"@type":"Person","@id":"https:\/\/www.rossettiartecontemporanea.it\/en\/#\/schema\/person\/40a2efdeb13bd551571ac5ea8890ba95","name":"Annalisa Ramos"}]}},"_links":{"self":[{"href":"https:\/\/www.rossettiartecontemporanea.it\/en\/wp-json\/wp\/v2\/posts\/50765","targetHints":{"allow":["GET"]}}],"collection":[{"href":"https:\/\/www.rossettiartecontemporanea.it\/en\/wp-json\/wp\/v2\/posts"}],"about":[{"href":"https:\/\/www.rossettiartecontemporanea.it\/en\/wp-json\/wp\/v2\/types\/post"}],"author":[{"embeddable":true,"href":"https:\/\/www.rossettiartecontemporanea.it\/en\/wp-json\/wp\/v2\/users\/4"}],"replies":[{"embeddable":true,"href":"https:\/\/www.rossettiartecontemporanea.it\/en\/wp-json\/wp\/v2\/comments?post=50765"}],"version-history":[{"count":0,"href":"https:\/\/www.rossettiartecontemporanea.it\/en\/wp-json\/wp\/v2\/posts\/50765\/revisions"}],"wp:featuredmedia":[{"embeddable":true,"href":"https:\/\/www.rossettiartecontemporanea.it\/en\/wp-json\/wp\/v2\/media\/50738"}],"wp:attachment":[{"href":"https:\/\/www.rossettiartecontemporanea.it\/en\/wp-json\/wp\/v2\/media?parent=50765"}],"wp:term":[{"taxonomy":"category","embeddable":true,"href":"https:\/\/www.rossettiartecontemporanea.it\/en\/wp-json\/wp\/v2\/categories?post=50765"},{"taxonomy":"post_tag","embeddable":true,"href":"https:\/\/www.rossettiartecontemporanea.it\/en\/wp-json\/wp\/v2\/tags?post=50765"}],"curies":[{"name":"wp","href":"https:\/\/api.w.org\/{rel}","templated":true}]}}