{"id":51549,"date":"2025-09-19T21:00:02","date_gmt":"2025-09-19T19:00:02","guid":{"rendered":"https:\/\/www.rossettiartecontemporanea.it\/?p=51549"},"modified":"2025-12-10T18:35:11","modified_gmt":"2025-12-10T17:35:11","slug":"out-of-the-blue-silvio-porzionato-al-terminal-messina","status":"publish","type":"post","link":"https:\/\/www.rossettiartecontemporanea.it\/en\/out-of-the-blue-silvio-porzionato-al-terminal-messina\/","title":{"rendered":"OUT OF THE BLUE &#8211; Silvio Porzionato al Terminal Messina"},"content":{"rendered":"\n<figure class=\"wp-block-embed is-type-video is-provider-youtube wp-block-embed-youtube wp-embed-aspect-16-9 wp-has-aspect-ratio\"><div class=\"wp-block-embed__wrapper\">\n<iframe title=\"Out of the blue - Silvio Porzionato _ Terminal Messina, Genova\" width=\"1290\" height=\"726\" src=\"https:\/\/www.youtube.com\/embed\/zdx37hGnxcs?feature=oembed\" frameborder=\"0\" allow=\"accelerometer; autoplay; clipboard-write; encrypted-media; gyroscope; picture-in-picture; web-share\" referrerpolicy=\"strict-origin-when-cross-origin\" allowfullscreen><\/iframe>\n<\/div><\/figure>\n\n\n\n<p>Si \u00e8 svolto, presso il Terminal Intermodale Messina del Porto di Genova, l\u2019evento Out of the Blue, organizzato da Rossetti Arte Contemporanea e dedicato alla presentazione della nuova collezione BlueSeries di <a href=\"https:\/\/www.rossettiartecontemporanea.it\/artista\/porzionato-silvio\/\">Silvio Porzionato<\/a>, uno degli artisti italiani pi\u00f9 apprezzati a livello internazionale.<\/p>\n\n\n\n<p>La cornice insolita e suggestiva del porto industriale, allestita per l\u2019occasione dallo studio di architettura CAARPA, ha accolto ospiti selezionati in un percorso immersivo dove arte, musica e performance teatrali hanno dato vita a un\u2019esperienza unica.<\/p>\n\n\n\n<p>La serata, impreziosita dal dj set di Andy (Bluvertigo) e dalla rappresentazione teatrale de La Boh\u00e8me messa in atto dalla Compagnia FILR\u014c Opera Production, ha visto alternarsi performance musicali e installazioni scenografiche che hanno reso omaggio alla forza evocativa delle opere di Porzionato.<\/p>\n\n\n\n<p>L\u2019artista, nato a Moncalieri nel 1971 e gi\u00e0 protagonista di esposizioni in gallerie di primo piano internazionali, in BlueSeries ha riaffermato la sua capacit\u00e0 di coniugare intensit\u00e0 espressiva e raffinatezza pittorica, trasformando i suoi dipinti in un inno alla bellezza e alla complessit\u00e0 dell\u2019arte antica e contemporanea: una serie ispirata ai capolavori dei piu grandi maestri della storia dell&#8217;arte realizzata attraverso la sua cifra stilistica, personale ed inconfondibile. <\/p>\n\n\n\n<p>Le sue opere si trovano in numerose gallerie di rilievo, tra cui: Oliver Cole Gallery (Miami), LGM Galeria (Bogot\u00e0), ZK Gallery (San Francisco), ArtSpace8 (Chicago), Galeries Montmartre (Parigi), Clarendon Fine Art (Londra), Artion Gallery (Atene) e Artcatto (Loul\u00e9, Portogallo). I suoi lavori sono stati presentati in occasione di fiere di caratura mondiale quali ArtMiami, Kiaf Seoul, Art New York, Art Lima, e Contemporary Istanbul Fine Art.<\/p>\n\n\n\n<p>Con Out of the Blue, Rossetti Arte Contemporanea ha voluto offrire non soltanto un\u2019esposizione, ma una vera e propria esperienza culturale, in grado di unire discipline e linguaggi diversi in una cornice fuori dall\u2019ordinario.<\/p>\n\n\n\n<p><\/p>\n\n\n\n<h5 class=\"wp-block-heading\">Articoli sull&#8217;evento: <\/h5>\n\n\n\n<p>Finestre sull&#8217;Arte: https:\/\/www.finestresullarte.info\/mostre\/porto-genova-ospita-mostra-silvio-porzionato-con-blueseries-presso-ex-derna<\/p>\n\n\n\n<p>ShipMag: <a href=\"https:\/\/www.shipmag.it\/porto-di-genova-il-terminal-messina-per-una-notte-diventa-galleria-darte\/\">https:\/\/www.shipmag.it\/porto-di-genova-il-terminal-messina-per-una-notte-diventa-galleria-darte\/<\/a><\/p>\n\n\n\n<figure class=\"wp-block-gallery has-nested-images columns-default is-cropped wp-block-gallery-1 is-layout-flex wp-block-gallery-is-layout-flex\">\n<figure class=\"wp-block-image size-large\"><img fetchpriority=\"high\" decoding=\"async\" width=\"1024\" height=\"683\" data-id=\"51571\" src=\"https:\/\/www.rossettiartecontemporanea.it\/wp-content\/uploads\/2025\/09\/Out-Of-The-Blue-preview-1024x683.jpg\" alt=\"\" class=\"wp-image-51571\" srcset=\"https:\/\/www.rossettiartecontemporanea.it\/wp-content\/uploads\/2025\/09\/Out-Of-The-Blue-preview-1024x683.jpg 1024w, https:\/\/www.rossettiartecontemporanea.it\/wp-content\/uploads\/2025\/09\/Out-Of-The-Blue-preview-300x200.jpg 300w, https:\/\/www.rossettiartecontemporanea.it\/wp-content\/uploads\/2025\/09\/Out-Of-The-Blue-preview-768x512.jpg 768w, https:\/\/www.rossettiartecontemporanea.it\/wp-content\/uploads\/2025\/09\/Out-Of-The-Blue-preview-1536x1024.jpg 1536w, https:\/\/www.rossettiartecontemporanea.it\/wp-content\/uploads\/2025\/09\/Out-Of-The-Blue-preview-2048x1365.jpg 2048w, https:\/\/www.rossettiartecontemporanea.it\/wp-content\/uploads\/2025\/09\/Out-Of-The-Blue-preview-370x247.jpg 370w, https:\/\/www.rossettiartecontemporanea.it\/wp-content\/uploads\/2025\/09\/Out-Of-The-Blue-preview-840x560.jpg 840w, https:\/\/www.rossettiartecontemporanea.it\/wp-content\/uploads\/2025\/09\/Out-Of-The-Blue-preview-410x273.jpg 410w\" sizes=\"(max-width: 1024px) 100vw, 1024px\" \/><\/figure>\n\n\n\n<figure class=\"wp-block-image size-large\"><img decoding=\"async\" width=\"1024\" height=\"683\" data-id=\"51559\" src=\"https:\/\/www.rossettiartecontemporanea.it\/wp-content\/uploads\/2025\/09\/Out-Of-The-Blue-preview-2-1024x683.jpg\" alt=\"\" class=\"wp-image-51559\" srcset=\"https:\/\/www.rossettiartecontemporanea.it\/wp-content\/uploads\/2025\/09\/Out-Of-The-Blue-preview-2-1024x683.jpg 1024w, https:\/\/www.rossettiartecontemporanea.it\/wp-content\/uploads\/2025\/09\/Out-Of-The-Blue-preview-2-300x200.jpg 300w, https:\/\/www.rossettiartecontemporanea.it\/wp-content\/uploads\/2025\/09\/Out-Of-The-Blue-preview-2-768x512.jpg 768w, https:\/\/www.rossettiartecontemporanea.it\/wp-content\/uploads\/2025\/09\/Out-Of-The-Blue-preview-2-1536x1024.jpg 1536w, https:\/\/www.rossettiartecontemporanea.it\/wp-content\/uploads\/2025\/09\/Out-Of-The-Blue-preview-2-2048x1365.jpg 2048w, https:\/\/www.rossettiartecontemporanea.it\/wp-content\/uploads\/2025\/09\/Out-Of-The-Blue-preview-2-370x247.jpg 370w, https:\/\/www.rossettiartecontemporanea.it\/wp-content\/uploads\/2025\/09\/Out-Of-The-Blue-preview-2-840x560.jpg 840w, https:\/\/www.rossettiartecontemporanea.it\/wp-content\/uploads\/2025\/09\/Out-Of-The-Blue-preview-2-410x273.jpg 410w\" sizes=\"(max-width: 1024px) 100vw, 1024px\" \/><\/figure>\n\n\n\n<figure class=\"wp-block-image size-large\"><img decoding=\"async\" width=\"1024\" height=\"683\" data-id=\"51563\" src=\"https:\/\/www.rossettiartecontemporanea.it\/wp-content\/uploads\/2025\/09\/Out-Of-The-Blue-preview-4-1024x683.jpg\" alt=\"\" class=\"wp-image-51563\" srcset=\"https:\/\/www.rossettiartecontemporanea.it\/wp-content\/uploads\/2025\/09\/Out-Of-The-Blue-preview-4-1024x683.jpg 1024w, https:\/\/www.rossettiartecontemporanea.it\/wp-content\/uploads\/2025\/09\/Out-Of-The-Blue-preview-4-300x200.jpg 300w, https:\/\/www.rossettiartecontemporanea.it\/wp-content\/uploads\/2025\/09\/Out-Of-The-Blue-preview-4-768x512.jpg 768w, https:\/\/www.rossettiartecontemporanea.it\/wp-content\/uploads\/2025\/09\/Out-Of-The-Blue-preview-4-1536x1024.jpg 1536w, https:\/\/www.rossettiartecontemporanea.it\/wp-content\/uploads\/2025\/09\/Out-Of-The-Blue-preview-4-2048x1365.jpg 2048w, https:\/\/www.rossettiartecontemporanea.it\/wp-content\/uploads\/2025\/09\/Out-Of-The-Blue-preview-4-370x247.jpg 370w, https:\/\/www.rossettiartecontemporanea.it\/wp-content\/uploads\/2025\/09\/Out-Of-The-Blue-preview-4-840x560.jpg 840w, https:\/\/www.rossettiartecontemporanea.it\/wp-content\/uploads\/2025\/09\/Out-Of-The-Blue-preview-4-410x273.jpg 410w\" sizes=\"(max-width: 1024px) 100vw, 1024px\" \/><\/figure>\n\n\n\n<figure class=\"wp-block-image size-large\"><img loading=\"lazy\" decoding=\"async\" width=\"1024\" height=\"683\" data-id=\"51551\" src=\"https:\/\/www.rossettiartecontemporanea.it\/wp-content\/uploads\/2025\/09\/Out-Of-The-Blue-preview-5-1024x683.jpg\" alt=\"evento silvio porzionato terminal messina genova porto\" class=\"wp-image-51551\" srcset=\"https:\/\/www.rossettiartecontemporanea.it\/wp-content\/uploads\/2025\/09\/Out-Of-The-Blue-preview-5-1024x683.jpg 1024w, https:\/\/www.rossettiartecontemporanea.it\/wp-content\/uploads\/2025\/09\/Out-Of-The-Blue-preview-5-300x200.jpg 300w, https:\/\/www.rossettiartecontemporanea.it\/wp-content\/uploads\/2025\/09\/Out-Of-The-Blue-preview-5-768x512.jpg 768w, https:\/\/www.rossettiartecontemporanea.it\/wp-content\/uploads\/2025\/09\/Out-Of-The-Blue-preview-5-1536x1024.jpg 1536w, https:\/\/www.rossettiartecontemporanea.it\/wp-content\/uploads\/2025\/09\/Out-Of-The-Blue-preview-5-2048x1365.jpg 2048w, https:\/\/www.rossettiartecontemporanea.it\/wp-content\/uploads\/2025\/09\/Out-Of-The-Blue-preview-5-370x247.jpg 370w, https:\/\/www.rossettiartecontemporanea.it\/wp-content\/uploads\/2025\/09\/Out-Of-The-Blue-preview-5-840x560.jpg 840w, https:\/\/www.rossettiartecontemporanea.it\/wp-content\/uploads\/2025\/09\/Out-Of-The-Blue-preview-5-410x273.jpg 410w\" sizes=\"(max-width: 1024px) 100vw, 1024px\" \/><\/figure>\n\n\n\n<figure class=\"wp-block-image size-large\"><img loading=\"lazy\" decoding=\"async\" width=\"683\" height=\"1024\" data-id=\"51583\" src=\"https:\/\/www.rossettiartecontemporanea.it\/wp-content\/uploads\/2025\/09\/Out-Of-The-Blue-preview-6-683x1024.jpg\" alt=\"\" class=\"wp-image-51583\" srcset=\"https:\/\/www.rossettiartecontemporanea.it\/wp-content\/uploads\/2025\/09\/Out-Of-The-Blue-preview-6-683x1024.jpg 683w, https:\/\/www.rossettiartecontemporanea.it\/wp-content\/uploads\/2025\/09\/Out-Of-The-Blue-preview-6-200x300.jpg 200w, https:\/\/www.rossettiartecontemporanea.it\/wp-content\/uploads\/2025\/09\/Out-Of-The-Blue-preview-6-768x1152.jpg 768w, https:\/\/www.rossettiartecontemporanea.it\/wp-content\/uploads\/2025\/09\/Out-Of-The-Blue-preview-6-1024x1536.jpg 1024w, https:\/\/www.rossettiartecontemporanea.it\/wp-content\/uploads\/2025\/09\/Out-Of-The-Blue-preview-6-1365x2048.jpg 1365w, https:\/\/www.rossettiartecontemporanea.it\/wp-content\/uploads\/2025\/09\/Out-Of-The-Blue-preview-6-370x555.jpg 370w, https:\/\/www.rossettiartecontemporanea.it\/wp-content\/uploads\/2025\/09\/Out-Of-The-Blue-preview-6-840x1260.jpg 840w, https:\/\/www.rossettiartecontemporanea.it\/wp-content\/uploads\/2025\/09\/Out-Of-The-Blue-preview-6-410x615.jpg 410w, https:\/\/www.rossettiartecontemporanea.it\/wp-content\/uploads\/2025\/09\/Out-Of-The-Blue-preview-6-scaled.jpg 1706w\" sizes=\"(max-width: 683px) 100vw, 683px\" \/><\/figure>\n\n\n\n<figure class=\"wp-block-image size-large\"><img loading=\"lazy\" decoding=\"async\" width=\"683\" height=\"1024\" data-id=\"51579\" src=\"https:\/\/www.rossettiartecontemporanea.it\/wp-content\/uploads\/2025\/09\/Out-Of-The-Blue-preview-7-683x1024.jpg\" alt=\"\" class=\"wp-image-51579\" srcset=\"https:\/\/www.rossettiartecontemporanea.it\/wp-content\/uploads\/2025\/09\/Out-Of-The-Blue-preview-7-683x1024.jpg 683w, https:\/\/www.rossettiartecontemporanea.it\/wp-content\/uploads\/2025\/09\/Out-Of-The-Blue-preview-7-200x300.jpg 200w, https:\/\/www.rossettiartecontemporanea.it\/wp-content\/uploads\/2025\/09\/Out-Of-The-Blue-preview-7-768x1152.jpg 768w, https:\/\/www.rossettiartecontemporanea.it\/wp-content\/uploads\/2025\/09\/Out-Of-The-Blue-preview-7-1024x1536.jpg 1024w, https:\/\/www.rossettiartecontemporanea.it\/wp-content\/uploads\/2025\/09\/Out-Of-The-Blue-preview-7-1365x2048.jpg 1365w, https:\/\/www.rossettiartecontemporanea.it\/wp-content\/uploads\/2025\/09\/Out-Of-The-Blue-preview-7-370x555.jpg 370w, https:\/\/www.rossettiartecontemporanea.it\/wp-content\/uploads\/2025\/09\/Out-Of-The-Blue-preview-7-840x1260.jpg 840w, https:\/\/www.rossettiartecontemporanea.it\/wp-content\/uploads\/2025\/09\/Out-Of-The-Blue-preview-7-410x615.jpg 410w, https:\/\/www.rossettiartecontemporanea.it\/wp-content\/uploads\/2025\/09\/Out-Of-The-Blue-preview-7-scaled.jpg 1706w\" sizes=\"(max-width: 683px) 100vw, 683px\" \/><\/figure>\n\n\n\n<figure class=\"wp-block-image size-large\"><img loading=\"lazy\" decoding=\"async\" width=\"1024\" height=\"683\" data-id=\"51581\" src=\"https:\/\/www.rossettiartecontemporanea.it\/wp-content\/uploads\/2025\/09\/Out-Of-The-Blue-preview-8-1024x683.jpg\" alt=\"\" class=\"wp-image-51581\" srcset=\"https:\/\/www.rossettiartecontemporanea.it\/wp-content\/uploads\/2025\/09\/Out-Of-The-Blue-preview-8-1024x683.jpg 1024w, https:\/\/www.rossettiartecontemporanea.it\/wp-content\/uploads\/2025\/09\/Out-Of-The-Blue-preview-8-300x200.jpg 300w, https:\/\/www.rossettiartecontemporanea.it\/wp-content\/uploads\/2025\/09\/Out-Of-The-Blue-preview-8-768x512.jpg 768w, https:\/\/www.rossettiartecontemporanea.it\/wp-content\/uploads\/2025\/09\/Out-Of-The-Blue-preview-8-1536x1024.jpg 1536w, https:\/\/www.rossettiartecontemporanea.it\/wp-content\/uploads\/2025\/09\/Out-Of-The-Blue-preview-8-2048x1365.jpg 2048w, https:\/\/www.rossettiartecontemporanea.it\/wp-content\/uploads\/2025\/09\/Out-Of-The-Blue-preview-8-370x247.jpg 370w, https:\/\/www.rossettiartecontemporanea.it\/wp-content\/uploads\/2025\/09\/Out-Of-The-Blue-preview-8-840x560.jpg 840w, https:\/\/www.rossettiartecontemporanea.it\/wp-content\/uploads\/2025\/09\/Out-Of-The-Blue-preview-8-410x273.jpg 410w\" sizes=\"(max-width: 1024px) 100vw, 1024px\" \/><\/figure>\n\n\n\n<figure class=\"wp-block-image size-large\"><img loading=\"lazy\" decoding=\"async\" width=\"1024\" height=\"683\" data-id=\"51575\" src=\"https:\/\/www.rossettiartecontemporanea.it\/wp-content\/uploads\/2025\/09\/Out-Of-The-Blue-preview-9-1024x683.jpg\" alt=\"\" class=\"wp-image-51575\" srcset=\"https:\/\/www.rossettiartecontemporanea.it\/wp-content\/uploads\/2025\/09\/Out-Of-The-Blue-preview-9-1024x683.jpg 1024w, https:\/\/www.rossettiartecontemporanea.it\/wp-content\/uploads\/2025\/09\/Out-Of-The-Blue-preview-9-300x200.jpg 300w, https:\/\/www.rossettiartecontemporanea.it\/wp-content\/uploads\/2025\/09\/Out-Of-The-Blue-preview-9-768x512.jpg 768w, https:\/\/www.rossettiartecontemporanea.it\/wp-content\/uploads\/2025\/09\/Out-Of-The-Blue-preview-9-1536x1024.jpg 1536w, https:\/\/www.rossettiartecontemporanea.it\/wp-content\/uploads\/2025\/09\/Out-Of-The-Blue-preview-9-2048x1365.jpg 2048w, https:\/\/www.rossettiartecontemporanea.it\/wp-content\/uploads\/2025\/09\/Out-Of-The-Blue-preview-9-370x247.jpg 370w, https:\/\/www.rossettiartecontemporanea.it\/wp-content\/uploads\/2025\/09\/Out-Of-The-Blue-preview-9-840x560.jpg 840w, https:\/\/www.rossettiartecontemporanea.it\/wp-content\/uploads\/2025\/09\/Out-Of-The-Blue-preview-9-410x273.jpg 410w\" sizes=\"(max-width: 1024px) 100vw, 1024px\" \/><\/figure>\n\n\n\n<figure class=\"wp-block-image size-large\"><img loading=\"lazy\" decoding=\"async\" width=\"1024\" height=\"683\" data-id=\"51573\" src=\"https:\/\/www.rossettiartecontemporanea.it\/wp-content\/uploads\/2025\/09\/Out-Of-The-Blue-preview-10-1024x683.jpg\" alt=\"\" class=\"wp-image-51573\" srcset=\"https:\/\/www.rossettiartecontemporanea.it\/wp-content\/uploads\/2025\/09\/Out-Of-The-Blue-preview-10-1024x683.jpg 1024w, https:\/\/www.rossettiartecontemporanea.it\/wp-content\/uploads\/2025\/09\/Out-Of-The-Blue-preview-10-300x200.jpg 300w, https:\/\/www.rossettiartecontemporanea.it\/wp-content\/uploads\/2025\/09\/Out-Of-The-Blue-preview-10-768x512.jpg 768w, https:\/\/www.rossettiartecontemporanea.it\/wp-content\/uploads\/2025\/09\/Out-Of-The-Blue-preview-10-1536x1024.jpg 1536w, https:\/\/www.rossettiartecontemporanea.it\/wp-content\/uploads\/2025\/09\/Out-Of-The-Blue-preview-10-2048x1365.jpg 2048w, https:\/\/www.rossettiartecontemporanea.it\/wp-content\/uploads\/2025\/09\/Out-Of-The-Blue-preview-10-370x247.jpg 370w, https:\/\/www.rossettiartecontemporanea.it\/wp-content\/uploads\/2025\/09\/Out-Of-The-Blue-preview-10-840x560.jpg 840w, https:\/\/www.rossettiartecontemporanea.it\/wp-content\/uploads\/2025\/09\/Out-Of-The-Blue-preview-10-410x273.jpg 410w\" sizes=\"(max-width: 1024px) 100vw, 1024px\" \/><\/figure>\n\n\n\n<figure class=\"wp-block-image size-large\"><img loading=\"lazy\" decoding=\"async\" width=\"1024\" height=\"683\" data-id=\"51567\" src=\"https:\/\/www.rossettiartecontemporanea.it\/wp-content\/uploads\/2025\/09\/Out-Of-The-Blue-preview-11-1024x683.jpg\" alt=\"\" class=\"wp-image-51567\" srcset=\"https:\/\/www.rossettiartecontemporanea.it\/wp-content\/uploads\/2025\/09\/Out-Of-The-Blue-preview-11-1024x683.jpg 1024w, https:\/\/www.rossettiartecontemporanea.it\/wp-content\/uploads\/2025\/09\/Out-Of-The-Blue-preview-11-300x200.jpg 300w, https:\/\/www.rossettiartecontemporanea.it\/wp-content\/uploads\/2025\/09\/Out-Of-The-Blue-preview-11-768x512.jpg 768w, https:\/\/www.rossettiartecontemporanea.it\/wp-content\/uploads\/2025\/09\/Out-Of-The-Blue-preview-11-1536x1024.jpg 1536w, https:\/\/www.rossettiartecontemporanea.it\/wp-content\/uploads\/2025\/09\/Out-Of-The-Blue-preview-11-2048x1365.jpg 2048w, https:\/\/www.rossettiartecontemporanea.it\/wp-content\/uploads\/2025\/09\/Out-Of-The-Blue-preview-11-370x247.jpg 370w, https:\/\/www.rossettiartecontemporanea.it\/wp-content\/uploads\/2025\/09\/Out-Of-The-Blue-preview-11-840x560.jpg 840w, https:\/\/www.rossettiartecontemporanea.it\/wp-content\/uploads\/2025\/09\/Out-Of-The-Blue-preview-11-410x273.jpg 410w\" sizes=\"(max-width: 1024px) 100vw, 1024px\" \/><\/figure>\n\n\n\n<figure class=\"wp-block-image size-large\"><img loading=\"lazy\" decoding=\"async\" width=\"1024\" height=\"683\" data-id=\"51557\" src=\"https:\/\/www.rossettiartecontemporanea.it\/wp-content\/uploads\/2025\/09\/Out-Of-The-Blue-preview-12-1024x683.jpg\" alt=\"\" class=\"wp-image-51557\" srcset=\"https:\/\/www.rossettiartecontemporanea.it\/wp-content\/uploads\/2025\/09\/Out-Of-The-Blue-preview-12-1024x683.jpg 1024w, https:\/\/www.rossettiartecontemporanea.it\/wp-content\/uploads\/2025\/09\/Out-Of-The-Blue-preview-12-300x200.jpg 300w, https:\/\/www.rossettiartecontemporanea.it\/wp-content\/uploads\/2025\/09\/Out-Of-The-Blue-preview-12-768x512.jpg 768w, https:\/\/www.rossettiartecontemporanea.it\/wp-content\/uploads\/2025\/09\/Out-Of-The-Blue-preview-12-1536x1024.jpg 1536w, https:\/\/www.rossettiartecontemporanea.it\/wp-content\/uploads\/2025\/09\/Out-Of-The-Blue-preview-12-2048x1365.jpg 2048w, https:\/\/www.rossettiartecontemporanea.it\/wp-content\/uploads\/2025\/09\/Out-Of-The-Blue-preview-12-370x247.jpg 370w, https:\/\/www.rossettiartecontemporanea.it\/wp-content\/uploads\/2025\/09\/Out-Of-The-Blue-preview-12-840x560.jpg 840w, https:\/\/www.rossettiartecontemporanea.it\/wp-content\/uploads\/2025\/09\/Out-Of-The-Blue-preview-12-410x273.jpg 410w\" sizes=\"(max-width: 1024px) 100vw, 1024px\" \/><\/figure>\n\n\n\n<figure class=\"wp-block-image size-large\"><img loading=\"lazy\" decoding=\"async\" width=\"683\" height=\"1024\" data-id=\"51569\" src=\"https:\/\/www.rossettiartecontemporanea.it\/wp-content\/uploads\/2025\/09\/Out-Of-The-Blue-preview-13-683x1024.jpg\" alt=\"\" class=\"wp-image-51569\" srcset=\"https:\/\/www.rossettiartecontemporanea.it\/wp-content\/uploads\/2025\/09\/Out-Of-The-Blue-preview-13-683x1024.jpg 683w, https:\/\/www.rossettiartecontemporanea.it\/wp-content\/uploads\/2025\/09\/Out-Of-The-Blue-preview-13-200x300.jpg 200w, https:\/\/www.rossettiartecontemporanea.it\/wp-content\/uploads\/2025\/09\/Out-Of-The-Blue-preview-13-768x1152.jpg 768w, https:\/\/www.rossettiartecontemporanea.it\/wp-content\/uploads\/2025\/09\/Out-Of-The-Blue-preview-13-1024x1536.jpg 1024w, https:\/\/www.rossettiartecontemporanea.it\/wp-content\/uploads\/2025\/09\/Out-Of-The-Blue-preview-13-1365x2048.jpg 1365w, https:\/\/www.rossettiartecontemporanea.it\/wp-content\/uploads\/2025\/09\/Out-Of-The-Blue-preview-13-370x555.jpg 370w, https:\/\/www.rossettiartecontemporanea.it\/wp-content\/uploads\/2025\/09\/Out-Of-The-Blue-preview-13-840x1260.jpg 840w, https:\/\/www.rossettiartecontemporanea.it\/wp-content\/uploads\/2025\/09\/Out-Of-The-Blue-preview-13-410x615.jpg 410w, https:\/\/www.rossettiartecontemporanea.it\/wp-content\/uploads\/2025\/09\/Out-Of-The-Blue-preview-13-scaled.jpg 1706w\" sizes=\"(max-width: 683px) 100vw, 683px\" \/><\/figure>\n\n\n\n<figure class=\"wp-block-image size-large\"><img loading=\"lazy\" decoding=\"async\" width=\"1024\" height=\"683\" data-id=\"51561\" src=\"https:\/\/www.rossettiartecontemporanea.it\/wp-content\/uploads\/2025\/09\/Out-Of-The-Blue-preview-14-1024x683.jpg\" alt=\"\" class=\"wp-image-51561\" srcset=\"https:\/\/www.rossettiartecontemporanea.it\/wp-content\/uploads\/2025\/09\/Out-Of-The-Blue-preview-14-1024x683.jpg 1024w, https:\/\/www.rossettiartecontemporanea.it\/wp-content\/uploads\/2025\/09\/Out-Of-The-Blue-preview-14-300x200.jpg 300w, https:\/\/www.rossettiartecontemporanea.it\/wp-content\/uploads\/2025\/09\/Out-Of-The-Blue-preview-14-768x512.jpg 768w, https:\/\/www.rossettiartecontemporanea.it\/wp-content\/uploads\/2025\/09\/Out-Of-The-Blue-preview-14-1536x1024.jpg 1536w, https:\/\/www.rossettiartecontemporanea.it\/wp-content\/uploads\/2025\/09\/Out-Of-The-Blue-preview-14-2048x1365.jpg 2048w, https:\/\/www.rossettiartecontemporanea.it\/wp-content\/uploads\/2025\/09\/Out-Of-The-Blue-preview-14-370x247.jpg 370w, https:\/\/www.rossettiartecontemporanea.it\/wp-content\/uploads\/2025\/09\/Out-Of-The-Blue-preview-14-840x560.jpg 840w, https:\/\/www.rossettiartecontemporanea.it\/wp-content\/uploads\/2025\/09\/Out-Of-The-Blue-preview-14-410x273.jpg 410w\" sizes=\"(max-width: 1024px) 100vw, 1024px\" \/><\/figure>\n\n\n\n<figure class=\"wp-block-image size-large\"><img loading=\"lazy\" decoding=\"async\" width=\"1024\" height=\"683\" data-id=\"51565\" src=\"https:\/\/www.rossettiartecontemporanea.it\/wp-content\/uploads\/2025\/09\/Out-Of-The-Blue-preview-15-1024x683.jpg\" alt=\"\" class=\"wp-image-51565\" srcset=\"https:\/\/www.rossettiartecontemporanea.it\/wp-content\/uploads\/2025\/09\/Out-Of-The-Blue-preview-15-1024x683.jpg 1024w, https:\/\/www.rossettiartecontemporanea.it\/wp-content\/uploads\/2025\/09\/Out-Of-The-Blue-preview-15-300x200.jpg 300w, https:\/\/www.rossettiartecontemporanea.it\/wp-content\/uploads\/2025\/09\/Out-Of-The-Blue-preview-15-768x512.jpg 768w, https:\/\/www.rossettiartecontemporanea.it\/wp-content\/uploads\/2025\/09\/Out-Of-The-Blue-preview-15-1536x1024.jpg 1536w, https:\/\/www.rossettiartecontemporanea.it\/wp-content\/uploads\/2025\/09\/Out-Of-The-Blue-preview-15-2048x1365.jpg 2048w, https:\/\/www.rossettiartecontemporanea.it\/wp-content\/uploads\/2025\/09\/Out-Of-The-Blue-preview-15-370x247.jpg 370w, https:\/\/www.rossettiartecontemporanea.it\/wp-content\/uploads\/2025\/09\/Out-Of-The-Blue-preview-15-840x560.jpg 840w, https:\/\/www.rossettiartecontemporanea.it\/wp-content\/uploads\/2025\/09\/Out-Of-The-Blue-preview-15-410x273.jpg 410w\" sizes=\"(max-width: 1024px) 100vw, 1024px\" \/><\/figure>\n\n\n\n<figure class=\"wp-block-image size-large\"><img loading=\"lazy\" decoding=\"async\" width=\"1024\" height=\"683\" data-id=\"51555\" src=\"https:\/\/www.rossettiartecontemporanea.it\/wp-content\/uploads\/2025\/09\/Out-Of-The-Blue-preview-16-1024x683.jpg\" alt=\"\" class=\"wp-image-51555\" srcset=\"https:\/\/www.rossettiartecontemporanea.it\/wp-content\/uploads\/2025\/09\/Out-Of-The-Blue-preview-16-1024x683.jpg 1024w, https:\/\/www.rossettiartecontemporanea.it\/wp-content\/uploads\/2025\/09\/Out-Of-The-Blue-preview-16-300x200.jpg 300w, https:\/\/www.rossettiartecontemporanea.it\/wp-content\/uploads\/2025\/09\/Out-Of-The-Blue-preview-16-768x512.jpg 768w, https:\/\/www.rossettiartecontemporanea.it\/wp-content\/uploads\/2025\/09\/Out-Of-The-Blue-preview-16-1536x1024.jpg 1536w, https:\/\/www.rossettiartecontemporanea.it\/wp-content\/uploads\/2025\/09\/Out-Of-The-Blue-preview-16-2048x1365.jpg 2048w, https:\/\/www.rossettiartecontemporanea.it\/wp-content\/uploads\/2025\/09\/Out-Of-The-Blue-preview-16-370x247.jpg 370w, https:\/\/www.rossettiartecontemporanea.it\/wp-content\/uploads\/2025\/09\/Out-Of-The-Blue-preview-16-840x560.jpg 840w, https:\/\/www.rossettiartecontemporanea.it\/wp-content\/uploads\/2025\/09\/Out-Of-The-Blue-preview-16-410x273.jpg 410w\" sizes=\"(max-width: 1024px) 100vw, 1024px\" \/><\/figure>\n\n\n\n<figure class=\"wp-block-image size-large\"><img loading=\"lazy\" decoding=\"async\" width=\"1024\" height=\"683\" data-id=\"51577\" src=\"https:\/\/www.rossettiartecontemporanea.it\/wp-content\/uploads\/2025\/09\/Out-Of-The-Blue-preview-17-1024x683.jpg\" alt=\"\" class=\"wp-image-51577\" srcset=\"https:\/\/www.rossettiartecontemporanea.it\/wp-content\/uploads\/2025\/09\/Out-Of-The-Blue-preview-17-1024x683.jpg 1024w, https:\/\/www.rossettiartecontemporanea.it\/wp-content\/uploads\/2025\/09\/Out-Of-The-Blue-preview-17-300x200.jpg 300w, https:\/\/www.rossettiartecontemporanea.it\/wp-content\/uploads\/2025\/09\/Out-Of-The-Blue-preview-17-768x512.jpg 768w, https:\/\/www.rossettiartecontemporanea.it\/wp-content\/uploads\/2025\/09\/Out-Of-The-Blue-preview-17-1536x1024.jpg 1536w, https:\/\/www.rossettiartecontemporanea.it\/wp-content\/uploads\/2025\/09\/Out-Of-The-Blue-preview-17-2048x1365.jpg 2048w, https:\/\/www.rossettiartecontemporanea.it\/wp-content\/uploads\/2025\/09\/Out-Of-The-Blue-preview-17-370x247.jpg 370w, https:\/\/www.rossettiartecontemporanea.it\/wp-content\/uploads\/2025\/09\/Out-Of-The-Blue-preview-17-840x560.jpg 840w, https:\/\/www.rossettiartecontemporanea.it\/wp-content\/uploads\/2025\/09\/Out-Of-The-Blue-preview-17-410x273.jpg 410w\" sizes=\"(max-width: 1024px) 100vw, 1024px\" \/><\/figure>\n\n\n\n<figure class=\"wp-block-image size-large\"><img loading=\"lazy\" decoding=\"async\" width=\"683\" height=\"1024\" data-id=\"51553\" src=\"https:\/\/www.rossettiartecontemporanea.it\/wp-content\/uploads\/2025\/09\/Out-Of-The-Blue-preview-18-683x1024.jpg\" alt=\"\" class=\"wp-image-51553\" srcset=\"https:\/\/www.rossettiartecontemporanea.it\/wp-content\/uploads\/2025\/09\/Out-Of-The-Blue-preview-18-683x1024.jpg 683w, https:\/\/www.rossettiartecontemporanea.it\/wp-content\/uploads\/2025\/09\/Out-Of-The-Blue-preview-18-200x300.jpg 200w, https:\/\/www.rossettiartecontemporanea.it\/wp-content\/uploads\/2025\/09\/Out-Of-The-Blue-preview-18-768x1152.jpg 768w, https:\/\/www.rossettiartecontemporanea.it\/wp-content\/uploads\/2025\/09\/Out-Of-The-Blue-preview-18-1024x1536.jpg 1024w, https:\/\/www.rossettiartecontemporanea.it\/wp-content\/uploads\/2025\/09\/Out-Of-The-Blue-preview-18-1365x2048.jpg 1365w, https:\/\/www.rossettiartecontemporanea.it\/wp-content\/uploads\/2025\/09\/Out-Of-The-Blue-preview-18-370x555.jpg 370w, https:\/\/www.rossettiartecontemporanea.it\/wp-content\/uploads\/2025\/09\/Out-Of-The-Blue-preview-18-840x1260.jpg 840w, https:\/\/www.rossettiartecontemporanea.it\/wp-content\/uploads\/2025\/09\/Out-Of-The-Blue-preview-18-410x615.jpg 410w, https:\/\/www.rossettiartecontemporanea.it\/wp-content\/uploads\/2025\/09\/Out-Of-The-Blue-preview-18-scaled.jpg 1706w\" sizes=\"(max-width: 683px) 100vw, 683px\" \/><\/figure>\n<\/figure>\n\n\n\n<p><\/p>\n\n\n\n<p><\/p>\n\n\n\n<h2 class=\"wp-block-heading\"><\/h2>\n\n\n\n<p><\/p>\n","protected":false},"excerpt":{"rendered":"<p>Si \u00e8 svolto, presso il Terminal Intermodale Messina del Porto di Genova, l\u2019evento Out of the Blue, organizzato da Rossetti Arte Contemporanea e dedicato alla presentazione della nuova collezione BlueSeries&hellip;<\/p>\n","protected":false},"author":4,"featured_media":51551,"comment_status":"closed","ping_status":"open","sticky":false,"template":"","format":"standard","meta":{"_acf_changed":false,"footnotes":""},"categories":[275],"tags":[316],"class_list":["post-51549","post","type-post","status-publish","format-standard","has-post-thumbnail","hentry","category-art-stories","tag-silvio-porzionato"],"acf":[],"yoast_head":"<!-- This site is optimized with the Yoast SEO plugin v25.1 - https:\/\/yoast.com\/wordpress\/plugins\/seo\/ -->\n<title>Out of the blue: Silvio Porzionato al Porto di Genova<\/title>\n<meta name=\"description\" content=\"Il Terminal Marittimo Intermodale Messina accoglie Out of the blue, l&#039;evento presentazione della serie Blueseries di Silvio Porzionato\" \/>\n<meta name=\"robots\" content=\"index, follow, max-snippet:-1, max-image-preview:large, max-video-preview:-1\" \/>\n<link rel=\"canonical\" href=\"https:\/\/www.rossettiartecontemporanea.it\/en\/out-of-the-blue-silvio-porzionato-al-terminal-messina\/\" \/>\n<meta property=\"og:locale\" content=\"en_US\" \/>\n<meta property=\"og:type\" content=\"article\" \/>\n<meta property=\"og:title\" content=\"Out of the blue: Silvio Porzionato al Porto di Genova\" \/>\n<meta property=\"og:description\" content=\"Il Terminal Marittimo Intermodale Messina accoglie Out of the blue, l&#039;evento presentazione della serie Blueseries di Silvio Porzionato\" \/>\n<meta property=\"og:url\" content=\"https:\/\/www.rossettiartecontemporanea.it\/en\/out-of-the-blue-silvio-porzionato-al-terminal-messina\/\" \/>\n<meta property=\"og:site_name\" content=\"ROSSETTI arte contemporanea\" \/>\n<meta property=\"article:publisher\" content=\"https:\/\/www.facebook.com\/studio.rossetti.artecontemporanea\" \/>\n<meta property=\"article:published_time\" content=\"2025-09-19T19:00:02+00:00\" \/>\n<meta property=\"article:modified_time\" content=\"2025-12-10T17:35:11+00:00\" \/>\n<meta property=\"og:image\" content=\"https:\/\/www.rossettiartecontemporanea.it\/wp-content\/uploads\/2025\/09\/Out-Of-The-Blue-preview-5-scaled.jpg\" \/>\n\t<meta property=\"og:image:width\" content=\"2560\" \/>\n\t<meta property=\"og:image:height\" content=\"1706\" \/>\n\t<meta property=\"og:image:type\" content=\"image\/jpeg\" \/>\n<meta name=\"author\" content=\"Annalisa Ramos\" \/>\n<meta name=\"twitter:card\" content=\"summary_large_image\" \/>\n<meta name=\"twitter:label1\" content=\"Written by\" \/>\n\t<meta name=\"twitter:data1\" content=\"Annalisa Ramos\" \/>\n\t<meta name=\"twitter:label2\" content=\"Est. reading time\" \/>\n\t<meta name=\"twitter:data2\" content=\"6 minutes\" \/>\n<script type=\"application\/ld+json\" class=\"yoast-schema-graph\">{\"@context\":\"https:\/\/schema.org\",\"@graph\":[{\"@type\":\"Article\",\"@id\":\"https:\/\/www.rossettiartecontemporanea.it\/en\/out-of-the-blue-silvio-porzionato-al-terminal-messina\/#article\",\"isPartOf\":{\"@id\":\"https:\/\/www.rossettiartecontemporanea.it\/en\/out-of-the-blue-silvio-porzionato-al-terminal-messina\/\"},\"author\":{\"name\":\"Annalisa Ramos\",\"@id\":\"https:\/\/www.rossettiartecontemporanea.it\/en\/#\/schema\/person\/40a2efdeb13bd551571ac5ea8890ba95\"},\"headline\":\"OUT OF THE BLUE &#8211; Silvio Porzionato al Terminal Messina\",\"datePublished\":\"2025-09-19T19:00:02+00:00\",\"dateModified\":\"2025-12-10T17:35:11+00:00\",\"mainEntityOfPage\":{\"@id\":\"https:\/\/www.rossettiartecontemporanea.it\/en\/out-of-the-blue-silvio-porzionato-al-terminal-messina\/\"},\"wordCount\":332,\"publisher\":{\"@id\":\"https:\/\/www.rossettiartecontemporanea.it\/en\/#organization\"},\"image\":{\"@id\":\"https:\/\/www.rossettiartecontemporanea.it\/en\/out-of-the-blue-silvio-porzionato-al-terminal-messina\/#primaryimage\"},\"thumbnailUrl\":\"https:\/\/www.rossettiartecontemporanea.it\/wp-content\/uploads\/2025\/09\/Out-Of-The-Blue-preview-5-scaled.jpg\",\"keywords\":[\"Silvio Porzionato\"],\"articleSection\":[\"Art Stories\"],\"inLanguage\":\"en-US\"},{\"@type\":\"WebPage\",\"@id\":\"https:\/\/www.rossettiartecontemporanea.it\/en\/out-of-the-blue-silvio-porzionato-al-terminal-messina\/\",\"url\":\"https:\/\/www.rossettiartecontemporanea.it\/en\/out-of-the-blue-silvio-porzionato-al-terminal-messina\/\",\"name\":\"Out of the blue: Silvio Porzionato al Porto di Genova\",\"isPartOf\":{\"@id\":\"https:\/\/www.rossettiartecontemporanea.it\/en\/#website\"},\"primaryImageOfPage\":{\"@id\":\"https:\/\/www.rossettiartecontemporanea.it\/en\/out-of-the-blue-silvio-porzionato-al-terminal-messina\/#primaryimage\"},\"image\":{\"@id\":\"https:\/\/www.rossettiartecontemporanea.it\/en\/out-of-the-blue-silvio-porzionato-al-terminal-messina\/#primaryimage\"},\"thumbnailUrl\":\"https:\/\/www.rossettiartecontemporanea.it\/wp-content\/uploads\/2025\/09\/Out-Of-The-Blue-preview-5-scaled.jpg\",\"datePublished\":\"2025-09-19T19:00:02+00:00\",\"dateModified\":\"2025-12-10T17:35:11+00:00\",\"description\":\"Il Terminal Marittimo Intermodale Messina accoglie Out of the blue, l'evento presentazione della serie Blueseries di Silvio Porzionato\",\"breadcrumb\":{\"@id\":\"https:\/\/www.rossettiartecontemporanea.it\/en\/out-of-the-blue-silvio-porzionato-al-terminal-messina\/#breadcrumb\"},\"inLanguage\":\"en-US\",\"potentialAction\":[{\"@type\":\"ReadAction\",\"target\":[\"https:\/\/www.rossettiartecontemporanea.it\/en\/out-of-the-blue-silvio-porzionato-al-terminal-messina\/\"]}]},{\"@type\":\"ImageObject\",\"inLanguage\":\"en-US\",\"@id\":\"https:\/\/www.rossettiartecontemporanea.it\/en\/out-of-the-blue-silvio-porzionato-al-terminal-messina\/#primaryimage\",\"url\":\"https:\/\/www.rossettiartecontemporanea.it\/wp-content\/uploads\/2025\/09\/Out-Of-The-Blue-preview-5-scaled.jpg\",\"contentUrl\":\"https:\/\/www.rossettiartecontemporanea.it\/wp-content\/uploads\/2025\/09\/Out-Of-The-Blue-preview-5-scaled.jpg\",\"width\":2560,\"height\":1706,\"caption\":\"evento silvio porzionato terminal messina genova porto\"},{\"@type\":\"BreadcrumbList\",\"@id\":\"https:\/\/www.rossettiartecontemporanea.it\/en\/out-of-the-blue-silvio-porzionato-al-terminal-messina\/#breadcrumb\",\"itemListElement\":[{\"@type\":\"ListItem\",\"position\":1,\"name\":\"Home\",\"item\":\"https:\/\/www.rossettiartecontemporanea.it\/en\/\"},{\"@type\":\"ListItem\",\"position\":2,\"name\":\"OUT OF THE BLUE &#8211; Silvio Porzionato al Terminal Messina\"}]},{\"@type\":\"WebSite\",\"@id\":\"https:\/\/www.rossettiartecontemporanea.it\/en\/#website\",\"url\":\"https:\/\/www.rossettiartecontemporanea.it\/en\/\",\"name\":\"Rossetti Arte Contemporanea\",\"description\":\"\",\"publisher\":{\"@id\":\"https:\/\/www.rossettiartecontemporanea.it\/en\/#organization\"},\"potentialAction\":[{\"@type\":\"SearchAction\",\"target\":{\"@type\":\"EntryPoint\",\"urlTemplate\":\"https:\/\/www.rossettiartecontemporanea.it\/en\/?s={search_term_string}\"},\"query-input\":{\"@type\":\"PropertyValueSpecification\",\"valueRequired\":true,\"valueName\":\"search_term_string\"}}],\"inLanguage\":\"en-US\"},{\"@type\":\"Organization\",\"@id\":\"https:\/\/www.rossettiartecontemporanea.it\/en\/#organization\",\"name\":\"Rossetti Arte Contemporanea\",\"url\":\"https:\/\/www.rossettiartecontemporanea.it\/en\/\",\"logo\":{\"@type\":\"ImageObject\",\"inLanguage\":\"en-US\",\"@id\":\"https:\/\/www.rossettiartecontemporanea.it\/en\/#\/schema\/logo\/image\/\",\"url\":\"https:\/\/www.rossettiartecontemporanea.it\/wp-content\/uploads\/2024\/02\/logo-Rossetti-Arte-Contemporanea-black-2x-1.png\",\"contentUrl\":\"https:\/\/www.rossettiartecontemporanea.it\/wp-content\/uploads\/2024\/02\/logo-Rossetti-Arte-Contemporanea-black-2x-1.png\",\"width\":611,\"height\":368,\"caption\":\"Rossetti Arte Contemporanea\"},\"image\":{\"@id\":\"https:\/\/www.rossettiartecontemporanea.it\/en\/#\/schema\/logo\/image\/\"},\"sameAs\":[\"https:\/\/www.facebook.com\/studio.rossetti.artecontemporanea\",\"https:\/\/www.instagram.com\/studio_rossetti\/\",\"https:\/\/www.youtube.com\/channel\/UC94tFj8zg6UV94quz_ysdgw\"]},{\"@type\":\"Person\",\"@id\":\"https:\/\/www.rossettiartecontemporanea.it\/en\/#\/schema\/person\/40a2efdeb13bd551571ac5ea8890ba95\",\"name\":\"Annalisa Ramos\"}]}<\/script>\n<!-- \/ Yoast SEO plugin. -->","yoast_head_json":{"title":"Out of the blue: Silvio Porzionato al Porto di Genova","description":"Il Terminal Marittimo Intermodale Messina accoglie Out of the blue, l'evento presentazione della serie Blueseries di Silvio Porzionato","robots":{"index":"index","follow":"follow","max-snippet":"max-snippet:-1","max-image-preview":"max-image-preview:large","max-video-preview":"max-video-preview:-1"},"canonical":"https:\/\/www.rossettiartecontemporanea.it\/en\/out-of-the-blue-silvio-porzionato-al-terminal-messina\/","og_locale":"en_US","og_type":"article","og_title":"Out of the blue: Silvio Porzionato al Porto di Genova","og_description":"Il Terminal Marittimo Intermodale Messina accoglie Out of the blue, l'evento presentazione della serie Blueseries di Silvio Porzionato","og_url":"https:\/\/www.rossettiartecontemporanea.it\/en\/out-of-the-blue-silvio-porzionato-al-terminal-messina\/","og_site_name":"ROSSETTI arte contemporanea","article_publisher":"https:\/\/www.facebook.com\/studio.rossetti.artecontemporanea","article_published_time":"2025-09-19T19:00:02+00:00","article_modified_time":"2025-12-10T17:35:11+00:00","og_image":[{"width":2560,"height":1706,"url":"https:\/\/www.rossettiartecontemporanea.it\/wp-content\/uploads\/2025\/09\/Out-Of-The-Blue-preview-5-scaled.jpg","type":"image\/jpeg"}],"author":"Annalisa Ramos","twitter_card":"summary_large_image","twitter_misc":{"Written by":"Annalisa Ramos","Est. reading time":"6 minutes"},"schema":{"@context":"https:\/\/schema.org","@graph":[{"@type":"Article","@id":"https:\/\/www.rossettiartecontemporanea.it\/en\/out-of-the-blue-silvio-porzionato-al-terminal-messina\/#article","isPartOf":{"@id":"https:\/\/www.rossettiartecontemporanea.it\/en\/out-of-the-blue-silvio-porzionato-al-terminal-messina\/"},"author":{"name":"Annalisa Ramos","@id":"https:\/\/www.rossettiartecontemporanea.it\/en\/#\/schema\/person\/40a2efdeb13bd551571ac5ea8890ba95"},"headline":"OUT OF THE BLUE &#8211; Silvio Porzionato al Terminal Messina","datePublished":"2025-09-19T19:00:02+00:00","dateModified":"2025-12-10T17:35:11+00:00","mainEntityOfPage":{"@id":"https:\/\/www.rossettiartecontemporanea.it\/en\/out-of-the-blue-silvio-porzionato-al-terminal-messina\/"},"wordCount":332,"publisher":{"@id":"https:\/\/www.rossettiartecontemporanea.it\/en\/#organization"},"image":{"@id":"https:\/\/www.rossettiartecontemporanea.it\/en\/out-of-the-blue-silvio-porzionato-al-terminal-messina\/#primaryimage"},"thumbnailUrl":"https:\/\/www.rossettiartecontemporanea.it\/wp-content\/uploads\/2025\/09\/Out-Of-The-Blue-preview-5-scaled.jpg","keywords":["Silvio Porzionato"],"articleSection":["Art Stories"],"inLanguage":"en-US"},{"@type":"WebPage","@id":"https:\/\/www.rossettiartecontemporanea.it\/en\/out-of-the-blue-silvio-porzionato-al-terminal-messina\/","url":"https:\/\/www.rossettiartecontemporanea.it\/en\/out-of-the-blue-silvio-porzionato-al-terminal-messina\/","name":"Out of the blue: Silvio Porzionato al Porto di Genova","isPartOf":{"@id":"https:\/\/www.rossettiartecontemporanea.it\/en\/#website"},"primaryImageOfPage":{"@id":"https:\/\/www.rossettiartecontemporanea.it\/en\/out-of-the-blue-silvio-porzionato-al-terminal-messina\/#primaryimage"},"image":{"@id":"https:\/\/www.rossettiartecontemporanea.it\/en\/out-of-the-blue-silvio-porzionato-al-terminal-messina\/#primaryimage"},"thumbnailUrl":"https:\/\/www.rossettiartecontemporanea.it\/wp-content\/uploads\/2025\/09\/Out-Of-The-Blue-preview-5-scaled.jpg","datePublished":"2025-09-19T19:00:02+00:00","dateModified":"2025-12-10T17:35:11+00:00","description":"Il Terminal Marittimo Intermodale Messina accoglie Out of the blue, l'evento presentazione della serie Blueseries di Silvio Porzionato","breadcrumb":{"@id":"https:\/\/www.rossettiartecontemporanea.it\/en\/out-of-the-blue-silvio-porzionato-al-terminal-messina\/#breadcrumb"},"inLanguage":"en-US","potentialAction":[{"@type":"ReadAction","target":["https:\/\/www.rossettiartecontemporanea.it\/en\/out-of-the-blue-silvio-porzionato-al-terminal-messina\/"]}]},{"@type":"ImageObject","inLanguage":"en-US","@id":"https:\/\/www.rossettiartecontemporanea.it\/en\/out-of-the-blue-silvio-porzionato-al-terminal-messina\/#primaryimage","url":"https:\/\/www.rossettiartecontemporanea.it\/wp-content\/uploads\/2025\/09\/Out-Of-The-Blue-preview-5-scaled.jpg","contentUrl":"https:\/\/www.rossettiartecontemporanea.it\/wp-content\/uploads\/2025\/09\/Out-Of-The-Blue-preview-5-scaled.jpg","width":2560,"height":1706,"caption":"evento silvio porzionato terminal messina genova porto"},{"@type":"BreadcrumbList","@id":"https:\/\/www.rossettiartecontemporanea.it\/en\/out-of-the-blue-silvio-porzionato-al-terminal-messina\/#breadcrumb","itemListElement":[{"@type":"ListItem","position":1,"name":"Home","item":"https:\/\/www.rossettiartecontemporanea.it\/en\/"},{"@type":"ListItem","position":2,"name":"OUT OF THE BLUE &#8211; Silvio Porzionato al Terminal Messina"}]},{"@type":"WebSite","@id":"https:\/\/www.rossettiartecontemporanea.it\/en\/#website","url":"https:\/\/www.rossettiartecontemporanea.it\/en\/","name":"Rossetti Arte Contemporanea","description":"","publisher":{"@id":"https:\/\/www.rossettiartecontemporanea.it\/en\/#organization"},"potentialAction":[{"@type":"SearchAction","target":{"@type":"EntryPoint","urlTemplate":"https:\/\/www.rossettiartecontemporanea.it\/en\/?s={search_term_string}"},"query-input":{"@type":"PropertyValueSpecification","valueRequired":true,"valueName":"search_term_string"}}],"inLanguage":"en-US"},{"@type":"Organization","@id":"https:\/\/www.rossettiartecontemporanea.it\/en\/#organization","name":"Rossetti Arte Contemporanea","url":"https:\/\/www.rossettiartecontemporanea.it\/en\/","logo":{"@type":"ImageObject","inLanguage":"en-US","@id":"https:\/\/www.rossettiartecontemporanea.it\/en\/#\/schema\/logo\/image\/","url":"https:\/\/www.rossettiartecontemporanea.it\/wp-content\/uploads\/2024\/02\/logo-Rossetti-Arte-Contemporanea-black-2x-1.png","contentUrl":"https:\/\/www.rossettiartecontemporanea.it\/wp-content\/uploads\/2024\/02\/logo-Rossetti-Arte-Contemporanea-black-2x-1.png","width":611,"height":368,"caption":"Rossetti Arte Contemporanea"},"image":{"@id":"https:\/\/www.rossettiartecontemporanea.it\/en\/#\/schema\/logo\/image\/"},"sameAs":["https:\/\/www.facebook.com\/studio.rossetti.artecontemporanea","https:\/\/www.instagram.com\/studio_rossetti\/","https:\/\/www.youtube.com\/channel\/UC94tFj8zg6UV94quz_ysdgw"]},{"@type":"Person","@id":"https:\/\/www.rossettiartecontemporanea.it\/en\/#\/schema\/person\/40a2efdeb13bd551571ac5ea8890ba95","name":"Annalisa Ramos"}]}},"_links":{"self":[{"href":"https:\/\/www.rossettiartecontemporanea.it\/en\/wp-json\/wp\/v2\/posts\/51549","targetHints":{"allow":["GET"]}}],"collection":[{"href":"https:\/\/www.rossettiartecontemporanea.it\/en\/wp-json\/wp\/v2\/posts"}],"about":[{"href":"https:\/\/www.rossettiartecontemporanea.it\/en\/wp-json\/wp\/v2\/types\/post"}],"author":[{"embeddable":true,"href":"https:\/\/www.rossettiartecontemporanea.it\/en\/wp-json\/wp\/v2\/users\/4"}],"replies":[{"embeddable":true,"href":"https:\/\/www.rossettiartecontemporanea.it\/en\/wp-json\/wp\/v2\/comments?post=51549"}],"version-history":[{"count":3,"href":"https:\/\/www.rossettiartecontemporanea.it\/en\/wp-json\/wp\/v2\/posts\/51549\/revisions"}],"predecessor-version":[{"id":51586,"href":"https:\/\/www.rossettiartecontemporanea.it\/en\/wp-json\/wp\/v2\/posts\/51549\/revisions\/51586"}],"wp:featuredmedia":[{"embeddable":true,"href":"https:\/\/www.rossettiartecontemporanea.it\/en\/wp-json\/wp\/v2\/media\/51551"}],"wp:attachment":[{"href":"https:\/\/www.rossettiartecontemporanea.it\/en\/wp-json\/wp\/v2\/media?parent=51549"}],"wp:term":[{"taxonomy":"category","embeddable":true,"href":"https:\/\/www.rossettiartecontemporanea.it\/en\/wp-json\/wp\/v2\/categories?post=51549"},{"taxonomy":"post_tag","embeddable":true,"href":"https:\/\/www.rossettiartecontemporanea.it\/en\/wp-json\/wp\/v2\/tags?post=51549"}],"curies":[{"name":"wp","href":"https:\/\/api.w.org\/{rel}","templated":true}]}}